{"id":22933,"date":"2010-05-22T18:39:51","date_gmt":"2010-05-22T15:39:51","guid":{"rendered":"http:\/\/www.korhanyilmaz.com\/?p=22933"},"modified":"2010-05-22T18:39:51","modified_gmt":"2010-05-22T15:39:51","slug":"chpde-kilicdaroglu-donemi","status":"publish","type":"post","link":"http:\/\/www.korhanyilmaz.com\/?p=22933","title":{"rendered":"CHP&#8217;de K\u0131l\u0131\u00e7daro\u011flu d\u00f6nemi&#8230;"},"content":{"rendered":"<p style=\"text-align: center;\"><a href=\"http:\/\/www.korhanyilmaz.com\/wp-content\/uploads\/2010\/05\/CHP2.jpg\"  class=\"lightview\"><img loading=\"lazy\" decoding=\"async\" class=\"aligncenter size-full wp-image-22934\" src=\"http:\/\/www.korhanyilmaz.com\/wp-content\/uploads\/2010\/05\/CHP2.jpg\" alt=\"\" width=\"307\" height=\"236\" \/><\/a><\/p>\n<p style=\"text-align: justify;\">CHP 33. Ola\u011fan Kurultay\u0131&#8217;nda \u0130stanbul Milletvekili Kemal K\u0131l\u0131\u00e7daro\u011flu, CHP Genel Ba\u015fkanl\u0131\u011f\u0131&#8217;na se\u00e7ildi. K\u0131l\u0131\u00e7daro\u011flu, ge\u00e7erli bin 189 oyun tamam\u0131n\u0131 alarak CHP&#8217;nin 7. Genel Ba\u015fkan\u0131 oldu. Kurultayda, 8 oy da ge\u00e7ersiz say\u0131ld\u0131. Geli\u015fmeleri izleyen eski ba\u015fkan Deniz Baykal, K\u0131l\u0131\u00e7daro\u011flu&#8217;nu arayarak kutlad\u0131.<!--more--><\/p>\n<p style=\"text-align: justify;\">Resmen genel ba\u015fkan se\u00e7ilmesinin ard\u0131ndan K\u0131l\u0131\u00e7daro\u011flu bir te\u015fekk\u00fcr konu\u015fmas\u0131 yapt\u0131.<\/p>\n<p style=\"text-align: justify;\">Kemal K\u0131l\u0131\u00e7daro\u011flu, &#8220;Mustafa Kemal&#8217;in, \u0130n\u00f6n\u00fc&#8217;n\u00fcn, B\u00fclent Ecevit&#8217;in, Deniz Baykal&#8217;\u0131n koltu\u011funda oturaca\u011f\u0131m. Bu koltu\u011fun zorlu\u011funu biliyorum. Bu koltu\u011fa oturanlar halk\u0131 i\u00e7in \u00e7al\u0131\u015ft\u0131, kendisi i\u00e7in de\u011fil. Bunu yapaca\u011f\u0131z. G\u00f6revimiz as\u0131l \u015fimdi ba\u015fl\u0131yor&#8221; dedi.<\/p>\n<p style=\"text-align: justify;\">M\u00fccadeleyi \u00fclkenin her taraf\u0131na g\u00f6t\u00fcreceklerini belirten K\u0131l\u0131\u00e7daro\u011flu, &#8220;\u0130yi \u00e7al\u0131\u015faca\u011f\u0131z. Beraber yola \u00e7\u0131kmak zorunday\u0131z. Size de bir tak\u0131m g\u00f6revler d\u00fc\u015f\u00fcyor. \u0130ktidar ko\u015fusunun as\u0131l aslanlar\u0131 kaplanlar\u0131 sizlersiniz&#8221; diye konu\u015ftu.<\/p>\n<p style=\"text-align: justify;\">&#8220;Bu koltu\u011fa oturanlar halk\u0131 i\u00e7in \u00e7al\u0131\u015ft\u0131&#8221; diyen yeni genel ba\u015fkan, &#8220;E\u011fer bu m\u00fccadeleyi sa\u011fl\u0131kl\u0131 g\u00f6t\u00fcr\u00fcrsek, halkla kayna\u015f\u0131rsak, halk\u0131n\u0131n terini kokusunu bedenimizde, ruhumuzda hissedersek \u00e7\u00f6zemeyece\u011fimiz hi\u00e7bir anahtar yoktur. Bana y\u00fckledi\u011finiz bu g\u00f6revin bilincinde ve sorumlulu\u011funda olarak hepinize te\u015fekk\u00fcr ediyorum, sayg\u0131lar\u0131m\u0131 sunuyorum&#8221; ifadesini kulland\u0131.<\/p>\n<p style=\"text-align: justify;\">K\u0131l\u0131\u00e7daro\u011flu s\u00f6zlerini, &#8220;Ben bana y\u00fckledi\u011finiz bu g\u00f6revin bilincinde ve sorumlulu\u011funda olarak hepinize te\u015fekk\u00fcr ediyorum, sa\u011folun varolun diyorum&#8221; diyerek tamamlad\u0131.<\/p>\n<p style=\"text-align: justify;\"><strong>Salondan ayr\u0131l\u0131rken sorular\u0131 yan\u0131tlad\u0131 <\/strong><\/p>\n<p style=\"text-align: justify;\">K\u0131l\u0131\u00e7daro\u011flu, salondan ayr\u0131l\u0131rken de sorular\u0131 yan\u0131tlad\u0131.<\/p>\n<p style=\"text-align: justify;\">Zor bir g\u00f6rev \u00fcstlendi\u011fini belirten K\u0131l\u0131\u00e7daro\u011flu, &#8220;\u00c7al\u0131\u015faca\u011f\u0131z. Ben de\u011fil biz \u00e7al\u0131\u015faca\u011f\u0131z, biz \u00fcretece\u011fiz, biz ko\u015faca\u011f\u0131z. O ko\u015fuda ba\u015far\u0131l\u0131 olaca\u011f\u0131m\u0131za inan\u0131yorum. En b\u00fcy\u00fck arzum, CHP&#8217;yi iktidar yapmakt\u0131r. Art\u0131k \u00e7a\u011fda\u015f normlar\u0131n oldu\u011fu, g\u00fczelliklerin ya\u015fand\u0131\u011f\u0131, bar\u0131\u015f\u0131n oldu\u011fu, herkesin karn\u0131n\u0131n doydu\u011fu bir \u00fclkeyi istiyoruz. Bu, yurtta\u015flar\u0131n ortak talebidir. Bizim de g\u00f6revimiz bu talebi ger\u00e7ekle\u015ftirmektir&#8221; dedi.<\/p>\n<p style=\"text-align: justify;\">K\u0131l\u0131\u00e7daro\u011flu, \u00d6nder Sav ile birlikte Sav&#8217;\u0131n makam arac\u0131na binerek, salondan ayr\u0131ld\u0131.<\/p>\n<p style=\"text-align: justify;\">CHP 33. Ola\u011fan Kurultay\u0131&#8217;nda Genel Ba\u015fkanl\u0131k se\u00e7imiyle birinci g\u00fcn \u00e7al\u0131\u015fmalar\u0131 tamamland\u0131.<\/p>\n<p style=\"text-align: justify;\"><strong>Kemal K\u0131l\u0131\u00e7daro\u011flu&#8217;nun \u00f6zge\u00e7mi\u015fi <\/strong><\/p>\n<p style=\"text-align: justify;\">Kemal K\u0131l\u0131\u00e7daro\u011flu, 17 Aral\u0131k 1948&#8217;de Tunceli Nazimiye&#8217;de do\u011fdu. Ekonomist ve Maliyeci olan K\u0131l\u0131\u00e7daro\u011flu, Ankara \u0130ktisadi ve Ticari \u0130limler Akademisi&#8217;ni bitirdi.<\/p>\n<p style=\"text-align: justify;\">K\u0131l\u0131\u00e7daro\u011flu, Maliye Bakanl\u0131\u011f\u0131&#8217;nda Hesap Uzman\u0131, Gelirler Genel M\u00fcd\u00fcrl\u00fc\u011f\u00fc Daire Ba\u015fkan\u0131 ve Genel M\u00fcd\u00fcr Yard\u0131mc\u0131s\u0131, Ba\u011f-Kur Genel M\u00fcd\u00fcr\u00fc, SSK Genel M\u00fcd\u00fcr\u00fc olarak g\u00f6rev yapt\u0131. \u00c7al\u0131\u015fma ve Sosyal G\u00fcvenlik Bakanl\u0131\u011f\u0131 M\u00fcste\u015far Yard\u0131mc\u0131l\u0131\u011f\u0131 g\u00f6revini de y\u00fcr\u00fcten K\u0131l\u0131\u00e7daro\u011flu, Hacettepe \u00dcniversitesi&#8217;nde \u00d6\u011fretim G\u00f6revlisi olarak ders verdi.<\/p>\n<p style=\"text-align: justify;\">\u0130\u015f Bankas\u0131 Y\u00f6netim Kurulu \u00dcyeli\u011fi de yapan K\u0131l\u0131\u00e7daro\u011flu&#8217;nun, de\u011fi\u015fik gazete ve dergilerde yay\u0131nlanm\u0131\u015f \u00e7ok say\u0131da makalesinin yan\u0131 s\u0131ra ayr\u0131ca \u00fc\u00e7 kitab\u0131 var.<\/p>\n<p style=\"text-align: justify;\">Ekonomik Trend Dergisi&#8217;nce verilen &#8220;Y\u0131l\u0131n B\u00fcrokrat\u0131&#8221; \u00f6d\u00fcl\u00fcn\u00fcne de sahip olan K\u0131l\u0131\u00e7daro\u011flu, evli ve 3 \u00e7ocuk babas\u0131.<\/p>\n<p style=\"text-align: justify;\"><strong>TEBR\u0130K MESAJLARI <\/strong><\/p>\n<p style=\"text-align: justify;\"><span style=\"text-decoration: underline;\">Cumhurba\u015fkan\u0131 Abdullah G\u00fcl<\/span>, CHP Genel Ba\u015fkanl\u0131\u011f\u0131na se\u00e7ilen Kemal K\u0131l\u0131\u00e7daro\u011flu&#8217;nu kutlad\u0131. G\u00fcl, K\u0131l\u0131\u00e7daro\u011flu&#8217;na tebrik telgraf\u0131 g\u00f6nderdi.<\/p>\n<p style=\"text-align: justify;\"><span style=\"text-decoration: underline;\">Eski CHP Genel Ba\u015fkan\u0131 Deniz Baykal<\/span>, Genel Ba\u015fkanl\u0131\u011fa se\u00e7ilen Kemal K\u0131l\u0131\u00e7daro\u011flu&#8217;nu kutlad\u0131.<\/p>\n<p style=\"text-align: justify;\">Baykal, K\u0131l\u0131\u00e7daro\u011flu&#8217;nu telefonla arayarak,  CHP Genel Ba\u015fkanl\u0131\u011f\u0131&#8217;na se\u00e7ilmesi dolay\u0131s\u0131yla kutlayarak, ba\u015far\u0131lar diledi.<\/p>\n<p style=\"text-align: justify;\"><span style=\"text-decoration: underline;\">DSP Genel Ba\u015fkan\u0131 Masum T\u00fcrker<\/span>, CHP&#8217;nin 33. Ola\u011fan Kurultay\u0131&#8217;nda Genel Ba\u015fkan se\u00e7ilen Kemal K\u0131l\u0131\u00e7daro\u011flu&#8217;nu kutlad\u0131.<\/p>\n<p style=\"text-align: justify;\">T\u00fcrker, K\u0131l\u0131\u00e7daro\u011flu&#8217;na g\u00f6nderdi\u011fi kutlama mesaj\u0131nda, &#8220;CHP&#8217;nin Genel Ba\u015fkanl\u0131\u011f\u0131na se\u00e7ilmenizden dolay\u0131 sizi kutluyor, T\u00fcrkiye&#8217;de \u00e7a\u011fda\u015f solun ilerlemesi m\u00fccadelemize katk\u0131 verece\u011finize olan inanc\u0131mla ba\u015far\u0131lar diliyorum&#8221; ifadesini kulland\u0131.<\/p>\n<p style=\"text-align: justify;\"><span style=\"text-decoration: underline;\">DYP Genel Ba\u015fkan\u0131 \u00c7etin \u00d6za\u00e7\u0131kg\u00f6z<\/span>, &#8220;T\u00fcrk siyasetinde ve CHP&#8217;de Deniz Baykal&#8217;\u0131n bo\u015flu\u011funu doldurman\u0131n kolay olmayaca\u011f\u0131n\u0131&#8221; ifade etti.<\/p>\n<p style=\"text-align: justify;\"><span style=\"text-decoration: underline;\">CHP Genel Ba\u015fkan Yard\u0131mc\u0131s\u0131 Onur \u00d6ymen<\/span>, &#8220;Konu\u015fmas\u0131 \u00e7ok olumluydu. Hitabeti de g\u00fc\u00e7l\u00fcyd\u00fc. Atat\u00fcrk&#8217;ten, \u0130n\u00f6n\u00fc&#8217;den, Baykal&#8217;dan vefayla bahsetmesi \u00e7ok memnunluk verici oldu. Ulusal \u00e7\u0131karlardan bahsetmesi, yoksullukla ilgili ve iktidara y\u00f6nelik mesajlar\u0131 \u00f6nemliydi.&#8221;<\/p>\n<p style=\"text-align: justify;\"><span style=\"text-decoration: underline;\">CHP \u0130stanbul Milletvekili Bayram Meral<\/span>, &#8221;Vatanda\u015f\u0131n bekledi\u011fi baz\u0131 konular\u0131 dile getirdi. Dokunulmazl\u0131klar, se\u00e7im baraj\u0131&#8230; Kongrede hi\u00e7 ters ses \u00e7\u0131kmad\u0131. Hep olumluydu. \u00c7atlak ses yoktu. Muazzam co\u015fku vard\u0131.&#8221;<\/p>\n<p style=\"text-align: justify;\"><span style=\"text-decoration: underline;\">TBMM Ba\u015fkan\u0131 Mehmet Ali \u015eahin<\/span>, K\u0131l\u0131\u00e7daro\u011flu&#8217;na bir kutlama mesaj\u0131 g\u00f6nderdi.<\/p>\n<p style=\"text-align: justify;\">\u015eahin mesaj\u0131nda, &#8220;T\u00fcrk siyasi hayat\u0131nda \u00f6nemli bir yeri olan CHP&#8217;nin, y\u00f6netiminizde \u00fclkemize ve demokrasimize katk\u0131larda bulunaca\u011f\u0131na y\u00fcrekten inan\u0131yorum. Bu vesileyle Genel Ba\u015fkanl\u0131k g\u00f6revinde ba\u015far\u0131lar diliyor, yeni y\u00f6netiminizin partinize hay\u0131rl\u0131 olmas\u0131n\u0131 temenni ediyorum&#8221; ifadesini kulland\u0131.<\/p>\n<p style=\"text-align: justify;\"><strong>\u00d6nder Sav s\u00fcreci CNN T\u00dcRK&#8217;e anlatt\u0131 <\/strong><\/p>\n<p style=\"text-align: justify;\">K\u0131l\u0131\u00e7daro\u011flu&#8217;nun se\u00e7ilmesinde kilit rol oynayan CHP&#8217;li \u00d6nder Sav, bu s\u00fcreci CNN T\u00dcRK&#8217;TE Mehmet Ali Birand&#8217;a de\u011ferlendirdi.<\/p>\n<p style=\"text-align: justify;\">Sav, &#8220;Bu tek adayl\u0131 ve \u00e7eki\u015fmesiz bir kurultayd\u0131 ama itiraf etmeliyim ki benim ya\u015fad\u0131\u011f\u0131m kurultaylardan hi\u00e7birisi bu kadar co\u015fkulu ve halk\u0131n ilgisini \u00e7eken kurultaylar de\u011fildi&#8221; dedi.<\/p>\n<p style=\"text-align: justify;\">Sav, &#8220;CHP&#8217;de belirsizlik var san\u0131l\u0131yordu. Ama san\u0131yorum Say\u0131n K\u0131l\u0131\u00e7daro\u011flu&#8217;nun pazartesi g\u00fcn\u00fc adayl\u0131\u011f\u0131n\u0131 a\u00e7\u0131klamas\u0131ndan sonra bir\u015feyler de\u011fi\u015fti. Hem \u00f6rg\u00fctler bu mesaj\u0131 ald\u0131 hem gruptaki milletvekilleri bu mesajlar\u0131 ald\u0131 ve etap etap K\u0131l\u0131\u00e7daro\u011flu&#8217;nun genel ba\u015fkanl\u0131\u011f\u0131a aday olmas\u0131 belirginle\u015fmi\u015f oldu&#8221; diye konu\u015ftu.<\/p>\n<p style=\"text-align: justify;\">Birand&#8217;\u0131n &#8220;Sizin fikrinizi bu mu de\u011fi\u015ftirdi? Duygular\u0131mla mant\u0131\u011f\u0131m aras\u0131nda gittim geldim demi\u015ftiniz&#8221; demesi \u00fczerine, &#8220;Do\u011fru&#8221; ieklinde konu\u015ftu.<\/p>\n<p style=\"text-align: justify;\">\u00d6nder Sav s\u00f6zlerini, &#8220;Ben kahin de\u011filim ama olaylar\u0131 iyi s\u00fczd\u00fc\u011f\u00fcn\u00fc sanan bir siyaset\u00e7iyim&#8221; diye tamamlad\u0131.<\/p>\n<p style=\"text-align: justify;\"><strong>Kurultaydan notlar&#8230; <\/strong><\/p>\n<p style=\"text-align: justify;\">33. Ola\u011fan Kurultay&#8217;da se\u00e7imlere blok listeyle gidildi. Kurultayda bin 250 delege genel ba\u015fkan ve partinin yetkili kurullar\u0131 i\u00e7in oy kulland\u0131.<\/p>\n<p style=\"text-align: justify;\"><strong>\u0130kinci g\u00fcn <\/strong><\/p>\n<p style=\"text-align: justify;\">Kurultay&#8217;\u0131n ikinci g\u00fcn\u00fcnde ger\u00e7ekle\u015ftirilecek se\u00e7imlerde ise 20 ki\u015filik Merkez Y\u00f6netim Kurulu (MYK), 80 ki\u015fiden olu\u015fan Parti Meclisi ile 15 ki\u015filik Y\u00fcksek Disiplin Kurulu&#8217;na (YDK) \u00fcye se\u00e7ilecek.<\/p>\n<p style=\"text-align: justify;\">CHP&#8217;nin 33. Ola\u011fan Kurultay&#8217;\u0131n da 21 Aral\u0131k 2008&#8217;de ger\u00e7ekle\u015ftirilen Ola\u011fan\u00fcst\u00fc Kurultay&#8217;da olu\u015fturulan yeni t\u00fcz\u00fc\u011f\u00fcn de uygulamaya konulup konulmayaca\u011f\u0131 karara ba\u011flanacak.<\/p>\n<p style=\"text-align: justify;\"><strong>Bu noktaya nas\u0131l gelindi? <\/strong><\/p>\n<p style=\"text-align: justify;\">Bu g\u00f6revi y\u00fcr\u00fcten Deniz Baykal, g\u00f6r\u00fcnt\u00fclerinin yer ald\u0131\u011f\u0131 iddia edilen kaset ve daha sonraki s\u00fcre\u00e7te, 10 May\u0131s 2010&#8217;da CHP Genel Ba\u015fkanl\u0131\u011f\u0131ndan istifa etmi\u015f, \u0130stanbul Milletvekili Kemal K\u0131l\u0131\u00e7daro\u011flu ise kurultaya k\u0131sa s\u00fcre kala genel ba\u015fkanl\u0131\u011fa aday oldu\u011funu a\u00e7\u0131klam\u0131\u015ft\u0131.<\/p>\n<p style=\"text-align: justify;\"><span style=\"color: #888888;\">CNN T\u00dcRK<\/span><\/p>\n","protected":false},"excerpt":{"rendered":"<p style=\"text-align: center;\">\n<p style=\"text-align: justify;\">CHP 33. Ola\u011fan Kurultay\u0131&#8217;nda \u0130stanbul Milletvekili Kemal K\u0131l\u0131\u00e7daro\u011flu, CHP Genel Ba\u015fkanl\u0131\u011f\u0131&#8217;na se\u00e7ildi. K\u0131l\u0131\u00e7daro\u011flu, ge\u00e7erli bin 189 oyun tamam\u0131n\u0131 alarak CHP&#8217;nin 7. Genel Ba\u015fkan\u0131 oldu. Kurultayda, 8 oy da ge\u00e7ersiz say\u0131ld\u0131. Geli\u015fmeleri izleyen eski ba\u015fkan Deniz Baykal, K\u0131l\u0131\u00e7daro\u011flu&#8217;nu arayarak kutlad\u0131.<\/p>\n","protected":false},"author":1,"featured_media":0,"comment_status":"open","ping_status":"closed","sticky":false,"template":"","format":"standard","meta":{"footnotes":""},"categories":[105],"tags":[],"class_list":["post-22933","post","type-post","status-publish","format-standard","hentry","category-gundem","odd"],"_links":{"self":[{"href":"http:\/\/www.korhanyilmaz.com\/index.php?rest_route=\/wp\/v2\/posts\/22933","targetHints":{"allow":["GET"]}}],"collection":[{"href":"http:\/\/www.korhanyilmaz.com\/index.php?rest_route=\/wp\/v2\/posts"}],"about":[{"href":"http:\/\/www.korhanyilmaz.com\/index.php?rest_route=\/wp\/v2\/types\/post"}],"author":[{"embeddable":true,"href":"http:\/\/www.korhanyilmaz.com\/index.php?rest_route=\/wp\/v2\/users\/1"}],"replies":[{"embeddable":true,"href":"http:\/\/www.korhanyilmaz.com\/index.php?rest_route=%2Fwp%2Fv2%2Fcomments&post=22933"}],"version-history":[{"count":0,"href":"http:\/\/www.korhanyilmaz.com\/index.php?rest_route=\/wp\/v2\/posts\/22933\/revisions"}],"wp:attachment":[{"href":"http:\/\/www.korhanyilmaz.com\/index.php?rest_route=%2Fwp%2Fv2%2Fmedia&parent=22933"}],"wp:term":[{"taxonomy":"category","embeddable":true,"href":"http:\/\/www.korhanyilmaz.com\/index.php?rest_route=%2Fwp%2Fv2%2Fcategories&post=22933"},{"taxonomy":"post_tag","embeddable":true,"href":"http:\/\/www.korhanyilmaz.com\/index.php?rest_route=%2Fwp%2Fv2%2Ftags&post=22933"}],"curies":[{"name":"wp","href":"https:\/\/api.w.org\/{rel}","templated":true}]}}