{"id":22924,"date":"2010-05-22T16:24:14","date_gmt":"2010-05-22T13:24:14","guid":{"rendered":"http:\/\/www.korhanyilmaz.com\/?p=22924"},"modified":"2010-05-22T16:24:14","modified_gmt":"2010-05-22T13:24:14","slug":"bahceli-tobb-genel-kurulunda-konustu","status":"publish","type":"post","link":"http:\/\/www.korhanyilmaz.com\/?p=22924","title":{"rendered":"Bah\u00e7eli TOBB Genel Kurulu&#8217;nda konu\u015ftu"},"content":{"rendered":"<p style=\"text-align: justify;\"><a href=\"http:\/\/www.korhanyilmaz.com\/wp-content\/uploads\/2010\/05\/bahceli.jpg\"  class=\"lightview\"><img loading=\"lazy\" decoding=\"async\" class=\"aligncenter size-full wp-image-22925\" src=\"http:\/\/www.korhanyilmaz.com\/wp-content\/uploads\/2010\/05\/bahceli.jpg\" alt=\"\" width=\"292\" height=\"194\" \/><\/a><\/p>\n<p style=\"text-align: justify;\">MHP Genel Ba\u015fkan\u0131 Devlet Bah\u00e7eli, &#8220;S\u0131rf politik mesaj olsun diye, mesela i\u015fsizli\u011fi \u00e7\u00f6zmek ad\u0131na TOBB \u00fcyelerine birer i\u015f\u00e7i almalar\u0131n\u0131 sipari\u015f vermek sorunlar\u0131m\u0131za ger\u00e7ek\u00e7i bir bak\u0131\u015f olmad\u0131\u011f\u0131 gibi, bu anlay\u0131\u015f\u0131n bir as\u0131r sonra \u00fclkemizi getirdi\u011fi nokta da ortadad\u0131r&#8221; dedi. <!--more--><\/p>\n<p style=\"text-align: justify;\">Devlet Bah\u00e7eli, TOBB Genel Kurulu&#8217;nda yapt\u0131\u011f\u0131 konu\u015fmada, \u00fclkenin i\u00e7inde bulundu\u011fu buhran haline ra\u011fmen; umut ve heyecanla katma de\u011fer \u00fcretmeye \u00e7al\u0131\u015fan \u00f6zel sekt\u00f6r temsilcileriyle ayn\u0131 \u00e7at\u0131 alt\u0131nda bulunmaktan mutluluk duydu\u011funu s\u00f6yledi.<\/p>\n<p style=\"text-align: justify;\">T\u00fcrkiye ekonomisinin temel sorun alanlar\u0131na stratejik bak\u0131\u015f\u0131n\u0131 ve buna d\u00f6n\u00fck baz\u0131 tespitlerini aktaran Bah\u00e7eli, T\u00fcrkiye&#8217;nin hak etti\u011fi mevkilere y\u00fckselebilmesi, medeniyet aleminde yeniden itibar g\u00f6rmesi; milletin huzura, refaha ve mutlulu\u011fa kavu\u015fmas\u0131n\u0131n herkesin \u00f6ncelikli g\u00f6revi ve vazge\u00e7ilmez hedefi oldu\u011funu belirtti.<\/p>\n<p style=\"text-align: justify;\">Bir \u00e7\u00f6z\u00fcm yolu araman\u0131n ve bir \u00e7are bulman\u0131n, ortada bir sorunun varl\u0131\u011f\u0131n\u0131 kabul eden, bir s\u0131k\u0131nt\u0131n\u0131n bulundu\u011funu itiraf eden ferasete, kusurlar\u0131n\u0131 fark eden bir samimiyete sahip olmakla m\u00fcmk\u00fcn olaca\u011f\u0131n\u0131 anlatan Bah\u00e7eli, &#8220;Giderek tahrip olan devlet yap\u0131s\u0131, buhran i\u00e7inde k\u0131vranan ekonomik sistem, yozla\u015fan de\u011ferler b\u00fct\u00fcn\u00fc, cephele\u015fen ve ayr\u0131\u015fan toplum, \u00e7\u00f6z\u00fcm \u00fcretmekten uzakla\u015fan siyaset alg\u0131s\u0131 hakl\u0131 olarak hepimizi endi\u015feye sevk etmektedir&#8221; dedi.<\/p>\n<p style=\"text-align: justify;\">D\u00fcnya \u00fczerinde, ekonomisi geli\u015fmi\u015f ama siyaseti \u00e7alkant\u0131l\u0131; e\u011fitimi m\u00fckemmel ama \u00fcretim yap\u0131s\u0131 geri ya da siyaseti istikrarl\u0131 ancak, ekonomisi krizden krize s\u00fcr\u00fcklenen bir \u00fclkeye rast gelinmedi\u011fini belirten Bah\u00e7eli, \u015f\u00f6yle devam etti:<\/p>\n<p style=\"text-align: justify;\">&#8220;Kalk\u0131nman\u0131n zemini olan madde ile mana aras\u0131ndaki dengeyi sa\u011flayabilmi\u015f, refah\u0131 vatanda\u015f\u0131na sunabilmi\u015f, ayn\u0131 sorunlarla didi\u015fme d\u00f6ng\u00fcs\u00fcne d\u00fc\u015fmemi\u015f \u00fclkelerin k\u00fcresel alanda ne kadar \u00f6n s\u0131ralarda oldu\u011fu da bellidir. Ayn\u0131 g\u00fczel sonu\u00e7lar\u0131 \u00fclkemiz i\u00e7in s\u00f6ylemekten ne yaz\u0131k ki, \u00e7ok uzaklarday\u0131z. Ne z\u00fcc\u00fcd\u00fcr ki y\u00fczy\u0131l \u00f6nce hangi sorun alanlar\u0131 varsa bug\u00fcn de ayn\u0131 sorunlarla, benzer y\u00f6ntemle ve ayn\u0131 bak\u0131\u015f tarz\u0131yla u\u011fra\u015f\u0131p duruyoruz. \u0130\u015fsizlik, yoksulluk, bor\u00e7luluk, geri kalm\u0131\u015fl\u0131k, yabanc\u0131la\u015fma ile bunlara kar\u015f\u0131 geli\u015ftirdi\u011fimiz s\u00f6zde \u00e7\u00f6z\u00fcm \u00e7abalar\u0131 hep ayn\u0131 makus talihin a\u00e7mazlar\u0131d\u0131r. Bundan daha da vahimi ise milletimizi d\u00fcnya \u00fczerinde kudretli yapacak be\u015feri varl\u0131\u011f\u0131m\u0131z\u0131n; zenginlik, geli\u015fme ve kalk\u0131nma hayallerinden giderek uzakla\u015fmas\u0131 ve yoksulla\u015fman\u0131n dar alanlar\u0131na mahkum olarak hedef bunal\u0131m\u0131na s\u00fcr\u00fckleniyor olmas\u0131d\u0131r.&#8221;<\/p>\n<p style=\"text-align: justify;\"><strong>&#8220;S\u0131rf politik mesaj olsun diye&#8230;&#8221; <\/strong><\/p>\n<p style=\"text-align: justify;\">Ekonomik kalk\u0131nman\u0131n ihtiyac\u0131 olan insan fakt\u00f6r\u00fcn\u00fcn psikolojisinin, sosyal ger\u00e7eklerinin, tarihi \u015fartlar\u0131n\u0131n, k\u00fclt\u00fcrel \u00f6zelliklerinin dikkate al\u0131nmas\u0131 gerekti\u011fini belirten Bah\u00e7eli, bu yap\u0131lmad\u0131\u011f\u0131 takdirde hangi ekonomik model uygulan\u0131rsa uygulans\u0131n kronikle\u015fmi\u015f sorunlara \u00e7are bulunmas\u0131n\u0131n m\u00fcmk\u00fcn olmad\u0131\u011f\u0131n\u0131 kaydetti.<\/p>\n<p style=\"text-align: justify;\">Bah\u00e7eli, &#8220;<span style=\"text-decoration: underline;\">Bunlar g\u00f6zetilmeden, s\u0131rf politik mesaj olsun diye, mesela i\u015fsizli\u011fi \u00e7\u00f6zmek ad\u0131na TOBB \u00fcyelerine birer i\u015f\u00e7i almalar\u0131n\u0131 sipari\u015f vermek sorunlar\u0131m\u0131za ger\u00e7ek\u00e7i bir bak\u0131\u015f olmad\u0131\u011f\u0131 gibi, bu anlay\u0131\u015f\u0131n bir as\u0131r sonra \u00fclkemizi getirdi\u011fi nokta da ortadad\u0131r. Elbette i\u015fsizli\u011fi sanal bir sonu\u00e7 zanneden zihniyetin i\u015fsizin sorumlu\u011funu, ad\u0131 \u00fcst\u00fcnde i\u015fi verene y\u00fcklemesi, e\u011fer bir cehalet de\u011filse olsa olsa yaratt\u0131\u011f\u0131 ma\u011fduriyete su\u00e7 orta\u011f\u0131 arama ve bahane bulma kurnazl\u0131\u011f\u0131d\u0131r<\/span>&#8221; diye konu\u015ftu. Bah\u00e7eli&#8217;nin bu s\u00f6zleri salondan alk\u0131\u015f ald\u0131.<\/p>\n<p style=\"text-align: justify;\">Kat\u0131l\u0131mc\u0131lara, &#8220;\u00dclkemizde bir i\u015fsizlik ger\u00e7e\u011fi varsa bunun kayna\u011f\u0131 asla sizler de\u011filsiniz. Hatta \u015f\u00fckran ve minnetle belirtmek laz\u0131md\u0131r ki olu\u015fturdu\u011funuz i\u015f ortam\u0131 milyonlarca vatan evlad\u0131n\u0131 bir i\u015f, meslek ve ekmek sahibi yapmaktad\u0131r&#8221; diye seslenen Bah\u00e7eli, siyaset\u00e7iye d\u00fc\u015fen temel g\u00f6revin, siyasi iktidarlara y\u00fcklenen sorumlulu\u011fun, bu ki\u015filerle \u00e7at\u0131\u015fmak, u\u011fra\u015fmak, tefti\u015f etmek de\u011fil; b\u00fcy\u00fcyebilmeleri, d\u00fcnyaya a\u00e7\u0131labilmeleri i\u00e7in p\u00fcr\u00fczlerin ortadan kald\u0131r\u0131lmas\u0131, engellerin bertaraf edilmesi oldu\u011funu dile getirdi.<\/p>\n<p style=\"text-align: justify;\">Bah\u00e7eli, &#8220;<span style=\"text-decoration: underline;\">T\u00fcrkiye&#8217;deki sorunlar\u0131n kayna\u011f\u0131n\u0131 sivil topluma y\u00fckleyen, ba\u015far\u0131s\u0131zl\u0131klar\u0131n\u0131n gerek\u00e7esini devlet kurumlar\u0131na atan, yerinde sayman\u0131n bahanelerini anayasalarda arayan zihniyetin \u00fclkemize verece\u011finin kalmad\u0131\u011f\u0131, son geli\u015fmelerle ortaya \u00e7\u0131km\u0131\u015ft\u0131r<\/span>&#8221; g\u00f6r\u00fc\u015f\u00fcn\u00fc dile getirdi.<\/p>\n<p style=\"text-align: justify;\"><span style=\"color: #888888;\">CNN T\u00dcRK<\/span><\/p>\n","protected":false},"excerpt":{"rendered":"<p style=\"text-align: justify;\">\n<p style=\"text-align: justify;\">MHP Genel Ba\u015fkan\u0131 Devlet Bah\u00e7eli, &#8220;S\u0131rf politik mesaj olsun diye, mesela i\u015fsizli\u011fi \u00e7\u00f6zmek ad\u0131na TOBB \u00fcyelerine birer i\u015f\u00e7i almalar\u0131n\u0131 sipari\u015f vermek sorunlar\u0131m\u0131za ger\u00e7ek\u00e7i bir bak\u0131\u015f olmad\u0131\u011f\u0131 gibi, bu anlay\u0131\u015f\u0131n bir as\u0131r sonra \u00fclkemizi getirdi\u011fi nokta da ortadad\u0131r&#8221; dedi. <\/p>\n","protected":false},"author":1,"featured_media":0,"comment_status":"open","ping_status":"closed","sticky":false,"template":"","format":"standard","meta":{"footnotes":""},"categories":[105],"tags":[],"class_list":["post-22924","post","type-post","status-publish","format-standard","hentry","category-gundem","odd"],"_links":{"self":[{"href":"http:\/\/www.korhanyilmaz.com\/index.php?rest_route=\/wp\/v2\/posts\/22924","targetHints":{"allow":["GET"]}}],"collection":[{"href":"http:\/\/www.korhanyilmaz.com\/index.php?rest_route=\/wp\/v2\/posts"}],"about":[{"href":"http:\/\/www.korhanyilmaz.com\/index.php?rest_route=\/wp\/v2\/types\/post"}],"author":[{"embeddable":true,"href":"http:\/\/www.korhanyilmaz.com\/index.php?rest_route=\/wp\/v2\/users\/1"}],"replies":[{"embeddable":true,"href":"http:\/\/www.korhanyilmaz.com\/index.php?rest_route=%2Fwp%2Fv2%2Fcomments&post=22924"}],"version-history":[{"count":0,"href":"http:\/\/www.korhanyilmaz.com\/index.php?rest_route=\/wp\/v2\/posts\/22924\/revisions"}],"wp:attachment":[{"href":"http:\/\/www.korhanyilmaz.com\/index.php?rest_route=%2Fwp%2Fv2%2Fmedia&parent=22924"}],"wp:term":[{"taxonomy":"category","embeddable":true,"href":"http:\/\/www.korhanyilmaz.com\/index.php?rest_route=%2Fwp%2Fv2%2Fcategories&post=22924"},{"taxonomy":"post_tag","embeddable":true,"href":"http:\/\/www.korhanyilmaz.com\/index.php?rest_route=%2Fwp%2Fv2%2Ftags&post=22924"}],"curies":[{"name":"wp","href":"https:\/\/api.w.org\/{rel}","templated":true}]}}