{"id":2260,"date":"2008-12-08T21:21:17","date_gmt":"2008-12-08T19:21:17","guid":{"rendered":"http:\/\/www.korhanyilmaz.com\/?p=2260"},"modified":"2008-12-08T21:21:17","modified_gmt":"2008-12-08T19:21:17","slug":"musluman-mezarligina-igrenc-saldiri","status":"publish","type":"post","link":"http:\/\/www.korhanyilmaz.com\/?p=2260","title":{"rendered":"M\u00fcsl\u00fcman mezarl\u0131\u011f\u0131na i\u011fren\u00e7 sald\u0131r\u0131"},"content":{"rendered":"<p style=\"text-align: center;\"><img loading=\"lazy\" decoding=\"async\" class=\"aligncenter size-full wp-image-2261\" title=\"M\u00fcsl\u00fcman mezarl\u0131\u011f\u0131na i\u011fren\u00e7 sald\u0131r\u0131 \" src=\"http:\/\/www.korhanyilmaz.com\/wp-content\/uploads\/2008\/12\/03d78af6b0e478418f294ec7x.jpg\" alt=\"03d78af6b0e478418f294ec7x\" width=\"380\" height=\"200\" \/><\/p>\n<p style=\"text-align: justify;\">Fransa&#8217;n\u0131n Bel\u00e7ika s\u0131n\u0131r\u0131ndaki Lille kentindeki bir askeri mezarl\u0131kta, M\u00fcsl\u00fcmanlara ait mezar ta\u015flar\u0131 sald\u0131r\u0131ya u\u011frad\u0131.Y\u00fczden fazla mezar ta\u015f\u0131n\u0131n \u00fczerinin \u00e7izilerek veya karalanarak tahrip edildi\u011fi bildirildi.<\/p>\n<p style=\"text-align: justify;\">Fransa ad\u0131na sava\u015fan M\u00fcsl\u00fcmanlara ait mezarl\u0131k, daha \u00f6nce de iki kez kimli\u011fi belirlenemeyen ki\u015filerin sald\u0131r\u0131s\u0131na u\u011fram\u0131\u015ft\u0131.<\/p>\n<p style=\"text-align: justify;\">18 Nisan 2007&#8217;deki sald\u0131r\u0131da 52, bu y\u0131l 6 Nisanda yap\u0131lan sald\u0131r\u0131da da 148 mezar ta\u015f\u0131 tahrip edilmi\u015fti.<\/p>\n<p style=\"text-align: justify;\">M\u00fcsl\u00fcman askerlerin mezarlar\u0131na yap\u0131lan sald\u0131r\u0131lar Fransa&#8217;da b\u00fcy\u00fck tepki uyand\u0131r\u0131rken, Cumhurba\u015fkan\u0131 Nicolas Sarkozy, sald\u0131r\u0131n\u0131n faillerinin mutlaka yakalanarak yarg\u0131ya teslim edilece\u011fi s\u00f6z\u00fcn\u00fc vermi\u015fti.<\/p>\n<p style=\"text-align: justify;\">1925 y\u0131l\u0131nda kurulan mezarl\u0131kta, Birinci D\u00fcnya Sava\u015f\u0131nda \u00f6len yakla\u015f\u0131k 40 bin askerin mezar\u0131 bulunuyor. Sava\u015fta hayat\u0131n\u0131 kaybeden M\u00fcsl\u00fcman Frans\u0131z askerler i\u00e7in ayr\u0131lan b\u00f6l\u00fcmde ise 576 mezar bulunuyor.<!--more--><\/p>\n<p style=\"text-align: justify;\">SARKOZY: &#8221;\u0130\u011eREN\u00c7 IRK\u00c7I SALDIRI&#8221;<\/p>\n<p style=\"text-align: justify;\">Fransa Cumhurba\u015fkan\u0131 Nicolas Sarkozy, Bel\u00e7ika s\u0131n\u0131r\u0131nda bulunan Lille kentindeki askeri mezarl\u0131kta M\u00fcsl\u00fcman mezarlar\u0131na yap\u0131lan sald\u0131r\u0131y\u0131 &#8221;i\u011fren\u00e7 \u0131rk\u00e7\u0131 sald\u0131r\u0131&#8221; olarak de\u011ferlendirdi.<\/p>\n<p style=\"text-align: justify;\">Yakla\u015f\u0131k 500 mezar ta\u015f\u0131n\u0131n \u00fczerinin \u00e7izilerek veya karalanarak tahrip edilmesi dolay\u0131s\u0131yla yaz\u0131l\u0131 bir a\u00e7\u0131klama yapan Sarkozy, sald\u0131r\u0131y\u0131 &#8221;b\u00fcy\u00fck bir nefretle&#8221; k\u0131nad\u0131\u011f\u0131n\u0131 bildirdi.<\/p>\n<p style=\"text-align: justify;\">Fransa&#8217;daki M\u00fcsl\u00fcman toplumunun ac\u0131s\u0131n\u0131 payla\u015ft\u0131\u011f\u0131n\u0131 ifade eden Sarkozy, bu sald\u0131r\u0131yla Birinci D\u00fcnya Sava\u015f\u0131nda hayat\u0131n\u0131 kaybeden b\u00fct\u00fcn askerlerin an\u0131s\u0131n\u0131n da incindi\u011fini kaydetti.<\/p>\n<p style=\"text-align: justify;\">Sald\u0131r\u0131yla ilgili soru\u015fturman\u0131n sonucundan kendisinin de haberdar edilmesi emrini verdi\u011fini belirten Sarkozy, sorumlular\u0131n\u0131n yakalan\u0131p yarg\u0131ya teslim edilmesi ve gerekli en a\u011f\u0131r cezay\u0131 almas\u0131 i\u00e7in b\u00fct\u00fcn \u00e7aban\u0131n g\u00f6sterilece\u011fi s\u00f6z\u00fcn\u00fc verdi.<\/p>\n<p style=\"text-align: justify;\">Frans\u0131z radyosu, \u00fczeri \u00e7izilerek karalanan mezar ta\u015flar\u0131ndan birine M\u00fcsl\u00fcman k\u00f6kenli Adalet Bakan\u0131 Rachida Dati&#8217;nin isminin yaz\u0131ld\u0131\u011f\u0131 duyurdu.<\/p>\n<p style=\"text-align: justify;\">Bu arada, Fransa&#8217;daki \u0130slam Konseyi de yapt\u0131\u011f\u0131 a\u00e7\u0131klamayla sald\u0131r\u0131y\u0131 sert bir bi\u00e7imde k\u0131nad\u0131.<\/p>\n<p style=\"text-align: justify;\">Fransa ad\u0131na sava\u015fan M\u00fcsl\u00fcmanlara ait mezarl\u0131k, daha \u00f6nce de iki kez kimli\u011fi belirlenemeyen ki\u015filerin sald\u0131r\u0131s\u0131na u\u011fram\u0131\u015ft\u0131. 18 Nisan 2007&#8217;deki sald\u0131r\u0131da 52, bu y\u0131l 6 Nisanda yap\u0131lan sald\u0131r\u0131da 148 mezar ta\u015f\u0131 tahrip edilmi\u015fti.<\/p>\n<p style=\"text-align: justify;\">Lille kentinde 1925 y\u0131l\u0131nda kurulan mezarl\u0131kta, Birinci D\u00fcnya Sava\u015f\u0131nda \u00f6len yakla\u015f\u0131k 40 bin askerin mezar\u0131 bulunuyor. Sava\u015fta hayat\u0131n\u0131 kaybeden M\u00fcsl\u00fcman Frans\u0131z askerleri i\u00e7in ayr\u0131lan b\u00f6l\u00fcmde 576 mezar bulunuyor.<\/p>\n","protected":false},"excerpt":{"rendered":"<p style=\"text-align: center;\">\n<p style=\"text-align: justify;\">Fransa&#8217;n\u0131n Bel\u00e7ika s\u0131n\u0131r\u0131ndaki Lille kentindeki bir askeri mezarl\u0131kta, M\u00fcsl\u00fcmanlara ait mezar ta\u015flar\u0131 sald\u0131r\u0131ya u\u011frad\u0131.Y\u00fczden fazla mezar ta\u015f\u0131n\u0131n \u00fczerinin \u00e7izilerek veya karalanarak tahrip edildi\u011fi bildirildi.<\/p>\n<p style=\"text-align: justify;\">Fransa ad\u0131na sava\u015fan M\u00fcsl\u00fcmanlara ait mezarl\u0131k, daha \u00f6nce de iki kez kimli\u011fi belirlenemeyen ki\u015filerin sald\u0131r\u0131s\u0131na u\u011fram\u0131\u015ft\u0131.<\/p>\n<p style=\"text-align: justify;\">18 Nisan 2007&#8217;deki sald\u0131r\u0131da 52, bu <\/p>\n","protected":false},"author":1,"featured_media":0,"comment_status":"open","ping_status":"open","sticky":false,"template":"","format":"standard","meta":{"footnotes":""},"categories":[3],"tags":[],"class_list":["post-2260","post","type-post","status-publish","format-standard","hentry","category-dunya","odd"],"_links":{"self":[{"href":"http:\/\/www.korhanyilmaz.com\/index.php?rest_route=\/wp\/v2\/posts\/2260","targetHints":{"allow":["GET"]}}],"collection":[{"href":"http:\/\/www.korhanyilmaz.com\/index.php?rest_route=\/wp\/v2\/posts"}],"about":[{"href":"http:\/\/www.korhanyilmaz.com\/index.php?rest_route=\/wp\/v2\/types\/post"}],"author":[{"embeddable":true,"href":"http:\/\/www.korhanyilmaz.com\/index.php?rest_route=\/wp\/v2\/users\/1"}],"replies":[{"embeddable":true,"href":"http:\/\/www.korhanyilmaz.com\/index.php?rest_route=%2Fwp%2Fv2%2Fcomments&post=2260"}],"version-history":[{"count":0,"href":"http:\/\/www.korhanyilmaz.com\/index.php?rest_route=\/wp\/v2\/posts\/2260\/revisions"}],"wp:attachment":[{"href":"http:\/\/www.korhanyilmaz.com\/index.php?rest_route=%2Fwp%2Fv2%2Fmedia&parent=2260"}],"wp:term":[{"taxonomy":"category","embeddable":true,"href":"http:\/\/www.korhanyilmaz.com\/index.php?rest_route=%2Fwp%2Fv2%2Fcategories&post=2260"},{"taxonomy":"post_tag","embeddable":true,"href":"http:\/\/www.korhanyilmaz.com\/index.php?rest_route=%2Fwp%2Fv2%2Ftags&post=2260"}],"curies":[{"name":"wp","href":"https:\/\/api.w.org\/{rel}","templated":true}]}}