{"id":21979,"date":"2009-02-11T02:20:32","date_gmt":"2009-02-10T23:20:32","guid":{"rendered":"http:\/\/www.korhanyilmaz.com\/?p=21979"},"modified":"2009-02-11T02:20:32","modified_gmt":"2009-02-10T23:20:32","slug":"iste-is-dunyasindaki-bakan-ve-basbakan-cocuklari","status":"publish","type":"post","link":"http:\/\/www.korhanyilmaz.com\/?p=21979","title":{"rendered":"\u0130\u015fte \u0130\u015f D\u00fcnyas\u0131ndaki Bakan ve Ba\u015fbakan \u00c7ocuklar\u0131"},"content":{"rendered":"<p><a href=\"http:\/\/www.korhanyilmaz.com\/wp-content\/uploads\/2010\/04\/0034.jpg\"  class=\"lightview\"><img loading=\"lazy\" decoding=\"async\" class=\"aligncenter size-full wp-image-21980\" src=\"http:\/\/www.korhanyilmaz.com\/wp-content\/uploads\/2010\/04\/0034.jpg\" alt=\"\" width=\"250\" height=\"230\" \/><\/a><\/p>\n<p style=\"text-align: justify;\">Referans, Bakan \u00c7ocuklar\u0131n\u0131n \u0130\u015f Hayat\u0131ndaki Kariyerlerini Ara\u015ft\u0131rd\u0131. Se\u00e7im Slogan\u0131 Olarak &#8216;Durmak Yok, Yola Devam&#8217;\u0131 Se\u00e7en AKP H\u00fck\u00fcmeti&#8217;nin Bakanlar\u0131n\u0131n \u00c7ocuklar\u0131 da Ayn\u0131 Yolda H\u0131zla \u0130lerliyor.<\/p>\n<p style=\"text-align: justify;\">Referans Gazetesi, bakan \u00e7ocuklar\u0131n\u0131n i\u015f hayat\u0131ndaki  kariyerlerini ara\u015ft\u0131rd\u0131. Se\u00e7im slogan\u0131 olarak \u2019Durmak yok, yola devam\u2019\u0131 se\u00e7en AKP H\u00fck\u00fcmeti\u2019nin bakanlar\u0131n\u0131n \u00e7ocuklar\u0131 da ayn\u0131 yolda h\u0131zla ilerliyor. Ba\u015fbakan Tayyip Erdo\u011fan dahil kabinedeki baz\u0131 bakanlar\u0131n \u00e7ocuk ve damatlar\u0131 da, i\u015f d\u00fcnyas\u0131nda  h\u0131zla y\u00fckseliyor.<!--more--><\/p>\n<p style=\"text-align: justify;\">KAB\u0130NE \u00fcyesi siyaset\u00e7ilerin \u00e7ocuklar\u0131, babalar\u0131n\u0131n siyasete girmesiyle birlikte ticari kariyerlerini her ge\u00e7en g\u00fcn \u00e7e\u015fitli alanlarda geli\u015ftiriyor. Se\u00e7im slogan\u0131 olarak \u2019Durmak yok, yola devam\u2019\u0131 se\u00e7en AKP H\u00fck\u00fcmeti\u2019nin bakanlar\u0131n\u0131n \u00e7ocuklar\u0131 da ayn\u0131 yolda h\u0131zla ilerliyor. Ba\u015fta Ba\u015fbakan Tayyip Erdo\u011fan olmak \u00fczere kabinede yer alan baz\u0131 bakanlar\u0131n \u00e7ocuklar\u0131 ve damatlar\u0131 da \u2019Durmak yok, yola devam\u2019 diyerek, i\u015f d\u00fcnyas\u0131nda  h\u0131zla y\u00fckseliyor.<\/p>\n<p style=\"text-align: justify;\">Referans Gazetesi\u2019nin \u00f6nceki g\u00fcnk\u00fc haberine g\u00f6re, AKP H\u00fck\u00fcmeti\u2019nde Ba\u015fbakan dahil 25 bakan g\u00f6rev yap\u0131yor. Bu bakanlar\u0131n toplam 63 \u00e7ocu\u011fu var. En fazla \u00e7ocu\u011fa sahip bakan 6 \u00e7ocukla Sa\u011fl\u0131k Bakan\u0131 Recep Akda\u011f. Onu 4\u2019er \u00e7ocukla Ba\u015fbakan Tayyip Erdo\u011fan, Adalet Bakan\u0131 Mehmet Ali \u015eahin, \u00c7evre Bakan\u0131 Veysel Ero\u011flu, \u00c7al\u0131\u015fma ve Sosyal G\u00fcvenlik Bakan\u0131 Faruk \u00c7elik izliyor.<\/p>\n<p style=\"text-align: justify;\"><strong>Bilal Erdo\u011fan ortakl\u0131klar\u0131 <\/strong><\/p>\n<p style=\"text-align: justify;\">Ba\u015fbakan Erdo\u011fan\u2019\u0131n ABD\u2019de ya\u015fayan o\u011flu Necmettin Bilal Erdo\u011fan ile abisi Burak Erdo\u011fan\u2019\u0131n e\u015fi Sema Erdo\u011fan, \u2019Atagold\u2019 alt\u0131n firmas\u0131na ortak. 1995\u2019de kurulan \u015firketin y\u00fczde 50 hissesi Atasay Kuyumculuk\u2019un sahibi Cihan Kamer ile e\u015fi, k\u0131z\u0131 Simay ve k\u00fc\u00e7\u00fck o\u011flu Atasay\u2019a ait. Kalan y\u00fczde 50 hisseyi ise Bilal Erdo\u011fan ile Sema Erdo\u011fan\u2019\u0131n. Bilal Erdo\u011fan, ABD\u2019Li makyaj malzemesi \u00fcreticisi BellaPierre Cosmetics\u2019in temsilcisi Maye D\u0131\u015f Ticaret\u2019in y\u00fczde 25 orta\u011f\u0131.<\/p>\n<p style=\"text-align: justify;\"><strong>Burak Erdo\u011fan armat\u00f6r <\/strong><\/p>\n<p style=\"text-align: justify;\">Ba\u015fbakan Erdo\u011fan\u2019\u0131n b\u00fcy\u00fck o\u011flu Ahmet Burak Erdo\u011fan, Safran-I isimli gemiyi sat\u0131n alarak armat\u00f6rl\u00fc\u011fe ad\u0131m att\u0131. Geminin piyasa de\u011ferinin ikinci elde 4-5 milyon Dolar oldu\u011fu belirtiliyor. Burak Erdo\u011fan, daha \u00f6nce de amcas\u0131 Mustafa Erdo\u011fan ve e\u015fi Sema Ketenci\u2019nin babas\u0131 Osman Ketenci ile birlikte Turkuaz adl\u0131 \u015firketi de kurmu\u015ftu. 2006\u2019da ad\u0131 Bumerz Denizcilik olarak de\u011fi\u015ftirilen \u015firketin 1 milyon YTL olan sermayesi daha sonra 2 milyon YTL&#8221;ye \u00e7\u0131kart\u0131ld\u0131. \u015eirkette y\u00fczde 25 hissesi olan Burak Erdo\u011fan da sermaye art\u0131r\u0131m\u0131 i\u00e7in gemi al\u0131m\u0131n\u0131n d\u0131\u015f\u0131nda bu \u015firkete de 250 bin YTL sermaye ekledi. Burak Erdo\u011fan denizcilik sekt\u00f6r\u00fcndeki ikinci \u015firketini 19 Ocak 2007\u2019de kurdu. MB Denizcilik ad\u0131yla kurdu. Bu \u015firkette, Erdo\u011fan\u2019\u0131n y\u00fczde 50 orta\u011f\u0131 yak\u0131n arkada\u015f\u0131 Mecit Mert \u00c7etinkaya.<\/p>\n<p style=\"text-align: justify;\"><strong>Damat, \u00c7al\u0131k\u2019ta <\/strong><\/p>\n<p style=\"text-align: justify;\">Erdo\u011fan\u2019\u0131n b\u00fcy\u00fck k\u0131z\u0131 Esra\u2019in e\u015fi Berat Albayrak, \u00c7al\u0131k Holding\u2019te Genel M\u00fcd\u00fcr. Ayr\u0131ca Sabah ve Atv\u2019yi alan Turkuvaz Matbaac\u0131l\u0131k Y\u00f6netim Kurulu \u00dcyesi. Ahmet \u00c7al\u0131k\u2019\u0131n Y\u00f6netim Kurulu Ba\u015fkan oldu\u011fu Cetel Telekom \u0130leti\u015fim\u2019de de Y\u00f6netim Kurulu \u00dcyesi.<\/p>\n<p style=\"text-align: justify;\"><strong>K\u0130M\u0130N \u00c7OCU\u011eU HANG\u0130 \u0130\u015eTE <\/strong><\/p>\n<p style=\"text-align: justify;\"><strong>R. Tayyip Erdo\u011fan <\/strong><\/p>\n<p style=\"text-align: justify;\"><a href=\"http:\/\/www.korhanyilmaz.com\/wp-content\/uploads\/2010\/04\/0035.jpg\"  class=\"lightview\"><img loading=\"lazy\" decoding=\"async\" class=\"alignleft size-full wp-image-21981\" style=\"margin-left: 10px; margin-right: 10px;\" src=\"http:\/\/www.korhanyilmaz.com\/wp-content\/uploads\/2010\/04\/0035.jpg\" alt=\"\" width=\"192\" height=\"162\" \/><\/a>ABD\u2019de ya\u015fayan o\u011flu Necmettin Bilal Erdo\u011fan ile abisi Burak Erdo\u011fan\u2019\u0131n e\u015fi Sema Erdo\u011fan \u2019Atagold\u2019 isimli bir alt\u0131n firmas\u0131na ortak.<\/p>\n<p style=\"text-align: justify;\">B\u00fcy\u00fck o\u011flu Ahmet Burak Erdo\u011fan denizcilik sekt\u00f6r\u00fcnde. Bumerz Denizcilik\u2019te ve MB Denizcilik Ta\u015f\u0131mac\u0131l\u0131k Limited \u015eirketi\u2019nde ortak.<\/p>\n<p style=\"text-align: justify;\">B\u00fcy\u00fck k\u0131z\u0131 Esra, Berat Albayrak\u2019la evli. Albayrak \u00c7al\u0131k Holding\u2019te Genel M\u00fcd\u00fcr, Cetel Telekom \u0130leti\u015fim\u2019de Y\u00f6netim Kurulu \u00dcyesi.<\/p>\n<p style=\"text-align: justify;\"><strong>KEMAL UNAKITAN <\/strong><\/p>\n<p style=\"text-align: justify;\">Abdullah Unak\u0131tan, AB G\u0131da ile likit yumurta i\u015fi yap\u0131yor.<\/p>\n<p style=\"text-align: justify;\">Unak\u0131tanlar, enerji ve kek i\u015fi ile ticari alandaki faaliyetlerini b\u00fcy\u00fctme karar\u0131 ald\u0131.<\/p>\n<p style=\"text-align: justify;\"><strong>Abdullah G\u00fcl<\/strong><\/p>\n<p style=\"text-align: justify;\">K\u00fc\u00e7\u00fck o\u011flu Mehmet Emre G\u00fcl, e-ticaret alan\u0131nda Adresime Gelsin Bili\u015fim Teknolojisi ve Ticaret Ltd. adl\u0131 15 bin YTL sermayeli \u015firket kurdu.<\/p>\n<p style=\"text-align: justify;\">Daily Fresh ile bardak i\u00e7inde soslu ha\u015flanm\u0131\u015f m\u0131s\u0131r sat\u0131\u015f\u0131 yap\u0131yor.<\/p>\n<p style=\"text-align: justify;\">G\u00fcl\u2019\u00fcn b\u00fcy\u00fck o\u011flu Ahmet M\u00fcnir, Merrill Lynch\u2019te \u00e7al\u0131\u015f\u0131yor.<\/p>\n<p style=\"text-align: justify;\">K\u0131z\u0131 K\u00fcbra G\u00fcl, ge\u00e7en y\u0131l Mehmet Sar\u0131mermer\u2019le evlendi. Damat Sar\u0131mermer, internet i\u015fi yap\u0131yor. Ayr\u0131ca, mobilya ve in\u015faat alan\u0131ndaki \u015firketlerde de ortakl\u0131\u011f\u0131 bulunuyor.<\/p>\n<p style=\"text-align: justify;\"><strong>B\u0130NAL\u0130 YILDIRIM <\/strong><\/p>\n<p style=\"text-align: justify;\">O\u011flu Erkan ve k\u0131z\u0131 B\u00fc\u015fra\u2019n\u0131n sahibi oldu\u011fu Derin Denizcilik Gemi Ta\u015f\u0131mac\u0131l\u0131k Sanayi ve limited \u015eirketi var.<\/p>\n<p style=\"text-align: justify;\">Y\u0131ld\u0131r\u0131m\u2019\u0131n \u00fc\u00e7 \u00e7ocu\u011funun Subaru\u2019nun \u0130stanbul\u2019daki 4 bayisinden birisi oldu\u011fu da konu\u015fuluyor.<\/p>\n<p style=\"text-align: justify;\"><strong>H\u0130LM\u0130 G\u00dcLER <\/strong><\/p>\n<p style=\"text-align: justify;\">Damad\u0131 eski \u00c7evre ve Orman Bakan\u0131 Osman Pepe\u2019nin o\u011flu \u0130smail Pepe. Pepe\u2019nin \u00e7ocuklar\u0131 Ankara-Balgat\u2019ta 15 y\u0131ld\u0131r ev yap\u0131p sat\u0131yor. \u0130smail Pepe\u2019nin gemi i\u015fletmecili\u011fi yapt\u0131\u011f\u0131 da g\u00fcndeme gelmi\u015fti.<\/p>\n<p style=\"text-align: justify;\"><strong>FARUK NAF\u0130Z \u00d6ZAK <\/strong><\/p>\n<p style=\"text-align: justify;\">O\u011flu Mehmet Akif, Cumhurba\u015fkan\u0131 Abdullah G\u00fcl\u2019\u00fcn o\u011flu Emre G\u00fcl\u2019\u00fcn bardakta m\u0131s\u0131r satan Daily Fresh \u015firketinden bayilik alarak m\u0131s\u0131r i\u015fine girmesiyle g\u00fcndeme geldi. Bunun i\u00e7in bir arkada\u015f\u0131 ile \u00d6ztok G\u0131da \u0130n\u015faat Ltd. adl\u0131 \u015firket kurmu\u015f, Atat\u00fcrk Havaliman\u0131\u2019nda ve Bak\u0131rk\u00f6y Capacity\u2019de bardakta m\u0131s\u0131r satmaya ba\u015flam\u0131\u015ft\u0131.<\/p>\n<p style=\"text-align: justify;\"><strong>G\u00fcl\u2019\u00fcn \u00e7ocuklar\u0131 erken ya\u015fta ticaretle tan\u0131\u015ft\u0131 <\/strong><\/p>\n<p style=\"text-align: justify;\">CUMHURBA\u015eKANI Abdullah G\u00fcl\u2019\u00fcn \u00e7ocuklar\u0131 da i\u015f hayat\u0131na erken ya\u015fta at\u0131lan isimlerden. G\u00fcl\u2019\u00fcn k\u00fc\u00e7\u00fck o\u011flu Mehmet Emre G\u00fcl, gen\u00e7 ya\u015f\u0131na ve hen\u00fcz okumas\u0131na ra\u011fmen ilk olarak Adresime Gelsin Bili\u015fim Teknolojisi ve Ticaret Ltd. adl\u0131 15 bin TL sermayeli \u015firket kurdu. Emre G\u00fcl, sonra Ankara\u2019da al\u0131\u015fveri\u015f merkezlerindeki &#8220;bardak i\u00e7inde m\u0131s\u0131r sat\u0131\u015f\u0131&#8221; i\u015fiyle g\u00fcndeme geldi. G\u00fcl\u2019\u00fcn b\u00fcy\u00fck o\u011flu Ahmet M\u00fcnir ise Londra\u2019da Merrill Lynch\u2019te \u00e7al\u0131\u015fmaya ba\u015flam\u0131\u015f.<\/p>\n<p style=\"text-align: justify;\"><strong>Unak\u0131tanlar yumurta ve kekten sonra enerjiye de el att\u0131 <\/strong><\/p>\n<p style=\"text-align: justify;\">MAL\u0130YE Bakan\u0131 Kemal Unak\u0131tan\u2019\u0131n Abdullah, Zeynep ve Fatma isminde \u00fc\u00e7 \u00e7ocu\u011fu var. Abdullah Unak\u0131tan, daha \u00f6nceden likit yumurta i\u015fi yapt\u0131\u011f\u0131 AB G\u0131da A.\u015e ile g\u00fcndeme geldi. \u015eimdi Unak\u0131tan\u2019lar enerji ve kek i\u015fi ile ticari alandaki faaliyetlerini b\u00fcy\u00fctme karar\u0131 ald\u0131. Unak\u0131tan\u2019\u0131n e\u015fi, 2 k\u0131z\u0131 ve o\u011flu taraf\u0131ndan kurulan AB G\u0131da Sanayi A.\u015e\u2019nin Enerji Piyasas\u0131 D\u00fczenleme Kurumu\u2019na (EPDK) Band\u0131rma\u2019da 600 MW kurulu g\u00fcc\u00fcnde termik santral kurmak i\u00e7in lisans ba\u015fvurusu yapt\u0131. Bu yat\u0131r\u0131m\u0131n maliyetinin 600 milyon Dolar civar\u0131nda olmas\u0131 bekleniyor. Unak\u0131tan\u2019lar AB G\u0131da ile Bal\u0131kesir Band\u0131rma\u2019da yapt\u0131rd\u0131\u011f\u0131 yeni fabrikada \u00e7e\u015fitli markalarda kek \u00fcretecek. AB G\u0131da, yumurta, kek d\u0131\u015f\u0131nda yumurta kab\u0131, yem, organik g\u00fcbre de \u00fcretiyor. Ailenin Telemobil Bilgi \u0130leti\u015fim ve SAB Makina adl\u0131 iki ayr\u0131 \u015firketi daha var.<\/p>\n<p style=\"text-align: justify;\"><strong>Damatlar da i\u015f d\u00fcnyas\u0131nda<\/strong><\/p>\n<p style=\"text-align: justify;\">ABDULLLAH G\u00fcl\u2019\u00fcn k\u0131z\u0131 K\u00fcbra G\u00fcl, ge\u00e7en y\u0131l Mehmet Sar\u0131mermer\u2019le evlendi. Damat Sar\u0131mermer, k\u00fc\u00e7\u00fck kay\u0131nbiraderi gibi internette i\u015f yap\u0131yor. Ayr\u0131ca Sar\u0131mermer\u2019in mobilya ve in\u015faat alan\u0131ndaki \u015firketlerde de ortakl\u0131\u011f\u0131 var.<\/p>\n<p style=\"text-align: justify;\">Ula\u015ft\u0131rma Bakan\u0131 Binali Y\u0131ld\u0131r\u0131m\u2019\u0131n o\u011flu Erkan ve k\u0131z\u0131 B\u00fc\u015fra Y\u0131ld\u0131r\u0131m\u2019\u0131n sahibi oldu\u011fu Derin Denizcilik Gemi Ta\u015f\u0131mac\u0131l\u0131k Sanayi ve limited \u015eirketi de bir d\u00f6nem olduk\u00e7a tart\u0131\u015f\u0131ld\u0131. \u0130talya\u2019dan 445 bin Euro\u2019ya gemi sat\u0131n ald\u0131klar\u0131 g\u00fcndeme geldi.<\/p>\n<p style=\"text-align: justify;\">Hilmi G\u00fcler\u2019in damad\u0131 eski \u00c7evre ve Orman Bakan\u0131 Osman Pepe\u2019nin o\u011flu \u0130smail Pepe. Pepe\u2019nin \u00e7ocuklar\u0131 Ankara-Balgat\u2019ta 15 y\u0131ld\u0131r ev yap\u0131p sat\u0131yor. Pepe ve o\u011fullar\u0131n\u0131n yapt\u0131\u011f\u0131 konutlarda, siyasetin \u00fcnl\u00fc isimleri de oturuyor. \u0130smail Pepe\u2019nin gemi i\u015fletmecili\u011fi yapt\u0131\u011f\u0131 da g\u00fcndeme gelmi\u015fti.<\/p>\n<p style=\"text-align: justify;\">Bay\u0131nd\u0131rl\u0131k ve \u0130skan Bakan\u0131 Faruk Nafiz \u00d6zak\u2019\u0131n o\u011flu Mehmet Akif ise Cumhurba\u015fkan\u0131 Abdullah G\u00fcl\u2019\u00fcn o\u011flu Emre G\u00fcl\u2019\u00fcn bardakta m\u0131s\u0131r satan Daily Fresh \u015firketinden bayilik alarak m\u0131s\u0131r i\u015fine girmesiyle g\u00fcndeme geldi. Bir arkada\u015f\u0131 ile \u00d6ztok G\u0131da \u0130n\u015faat Ltd. adl\u0131 \u015firket kurmu\u015f, Atat\u00fcrk Havaliman\u0131\u2019nda ve Bak\u0131rk\u00f6y Capacity\u2019de bardakta m\u0131s\u0131r satmaya ba\u015flam\u0131\u015ft\u0131.<\/p>\n<p style=\"text-align: justify;\"><span style=\"color: #888888;\">Haberler.com<\/span><\/p>\n","protected":false},"excerpt":{"rendered":"<\/p>\n<p style=\"text-align: justify;\">Referans, Bakan \u00c7ocuklar\u0131n\u0131n \u0130\u015f Hayat\u0131ndaki Kariyerlerini Ara\u015ft\u0131rd\u0131. Se\u00e7im Slogan\u0131 Olarak &#8216;Durmak Yok, Yola Devam&#8217;\u0131 Se\u00e7en AKP H\u00fck\u00fcmeti&#8217;nin Bakanlar\u0131n\u0131n \u00c7ocuklar\u0131 da Ayn\u0131 Yolda H\u0131zla \u0130lerliyor.<\/p>\n<p style=\"text-align: justify;\">Referans Gazetesi, bakan \u00e7ocuklar\u0131n\u0131n i\u015f hayat\u0131ndaki kariyerlerini ara\u015ft\u0131rd\u0131. Se\u00e7im slogan\u0131 olarak \u2019Durmak yok, yola devam\u2019\u0131 se\u00e7en AKP H\u00fck\u00fcmeti\u2019nin bakanlar\u0131n\u0131n \u00e7ocuklar\u0131 da ayn\u0131 yolda h\u0131zla ilerliyor. Ba\u015fbakan <\/p>\n","protected":false},"author":1,"featured_media":0,"comment_status":"open","ping_status":"closed","sticky":false,"template":"","format":"standard","meta":{"footnotes":""},"categories":[105],"tags":[],"class_list":["post-21979","post","type-post","status-publish","format-standard","hentry","category-gundem","odd"],"_links":{"self":[{"href":"http:\/\/www.korhanyilmaz.com\/index.php?rest_route=\/wp\/v2\/posts\/21979","targetHints":{"allow":["GET"]}}],"collection":[{"href":"http:\/\/www.korhanyilmaz.com\/index.php?rest_route=\/wp\/v2\/posts"}],"about":[{"href":"http:\/\/www.korhanyilmaz.com\/index.php?rest_route=\/wp\/v2\/types\/post"}],"author":[{"embeddable":true,"href":"http:\/\/www.korhanyilmaz.com\/index.php?rest_route=\/wp\/v2\/users\/1"}],"replies":[{"embeddable":true,"href":"http:\/\/www.korhanyilmaz.com\/index.php?rest_route=%2Fwp%2Fv2%2Fcomments&post=21979"}],"version-history":[{"count":0,"href":"http:\/\/www.korhanyilmaz.com\/index.php?rest_route=\/wp\/v2\/posts\/21979\/revisions"}],"wp:attachment":[{"href":"http:\/\/www.korhanyilmaz.com\/index.php?rest_route=%2Fwp%2Fv2%2Fmedia&parent=21979"}],"wp:term":[{"taxonomy":"category","embeddable":true,"href":"http:\/\/www.korhanyilmaz.com\/index.php?rest_route=%2Fwp%2Fv2%2Fcategories&post=21979"},{"taxonomy":"post_tag","embeddable":true,"href":"http:\/\/www.korhanyilmaz.com\/index.php?rest_route=%2Fwp%2Fv2%2Ftags&post=21979"}],"curies":[{"name":"wp","href":"https:\/\/api.w.org\/{rel}","templated":true}]}}