{"id":2142,"date":"2008-11-29T09:47:20","date_gmt":"2008-11-29T07:47:20","guid":{"rendered":"http:\/\/www.korhanyilmaz.com\/?p=2142"},"modified":"2008-11-29T09:47:20","modified_gmt":"2008-11-29T07:47:20","slug":"ar-esinin-liderine-laf-soylettirmedi","status":"publish","type":"post","link":"http:\/\/www.korhanyilmaz.com\/?p=2142","title":{"rendered":"Ar e\u015finin liderine laf s\u00f6ylettirmedi"},"content":{"rendered":"<p style=\"text-align: center;\"><img loading=\"lazy\" decoding=\"async\" class=\"aligncenter size-full wp-image-2143\" title=\"Ar e\u015finin liderine laf s\u00f6ylettirmedi \" src=\"http:\/\/www.korhanyilmaz.com\/wp-content\/uploads\/2008\/11\/c10569d9f693bd438cd53003x.jpg\" alt=\"Ar e\u015finin liderine laf s\u00f6ylettirmedi \" width=\"380\" height=\"200\" \/><\/p>\n<p style=\"text-align: justify;\">Anad&#8217;\u0131n &#8220;Baykalc\u0131&#8221; dedi\u011fi Ar, e\u015fi Karaka\u015f&#8217;\u0131n CHP&#8217;ye kat\u0131lmas\u0131na g\u00f6nderme yapan bu s\u00f6zlere al\u0131n\u0131nca canl\u0131 yay\u0131nda gerginlik oldu..<\/p>\n<p style=\"text-align: justify;\">NTV&#8217;de yay\u0131nlanan &#8216;Haydi Gel Bizimle Ol&#8217; program\u0131nda M\u00fcjde Ar ile \u00c7i\u011fdem Anad aras\u0131nda &#8220;Baykalc\u0131&#8221; gerginli\u011fi ya\u015fand\u0131. Anad \u00f6nceki programda CHP&#8217;nin \u00e7ar\u015fafl\u0131 \u00fcye a\u00e7\u0131l\u0131m\u0131n\u0131 ele\u015ftirmi\u015f, M\u00fcjde Ar ise savunmu\u015ftu. Ge\u00e7ti\u011fimiz g\u00fcnlerde yeniden CHP&#8217;ye \u00fcye olan e\u015fi Ercan Karaka\u015f&#8217;\u0131 ve CHP Genel Ba\u015fkan\u0131 Deniz Baykal&#8217;\u0131, B\u00fclent Ecevit ile birlikte d\u00fcr\u00fcst siyaset\u00e7iye \u00f6rnek g\u00f6steren M\u00fcjde Ar, \u00c7i\u011fdem Anad&#8217;\u0131n &#8220;Son zamanlarda keskin Baykalc\u0131 oldun&#8221; s\u00f6zlerine sinirlendi.<!--more--><\/p>\n<p style=\"text-align: justify;\">GERG\u0130N D\u0130YALOG<br \/>\n&#8220;Sen benim neci oldu\u011fuma l\u00fctfen karar verme&#8221; diyen Ar, Anad&#8217;\u0131n gerginli\u011fi azaltmak i\u00e7in &#8220;AB&#8217;ye uyum yasalar\u0131 \u00e7er\u00e7evesinde otob\u00fcslerde lahmacun yenemeyece\u011fi&#8221; konusunu ortaya atmas\u0131na da k\u0131zarak &#8220;Biz burada \u00e7ok bo\u015f \u015feyler konu\u015fuyoruz&#8221; dedi. T\u00fcrkiye&#8217;de 6 milyon kad\u0131n\u0131n okuma yazma bilmedi\u011fini dile getirerek bunlar\u0131n konu\u015fulmas\u0131n\u0131 istedi, ancak verilen reklam aras\u0131na ra\u011fmen gerginlik ve at\u0131\u015fma yay\u0131n sonuna kadar s\u00fcrd\u00fc. \u0130\u015fte seyirciyi de geren diyalog:<br \/>\n\u00c7. Anad: Zaten son zamanlarda keskin Baykalc\u0131 oldu\u011fun i\u00e7in&#8230;<br \/>\nM. Ar: Senin de bu Baykal d\u00fc\u015fmanl\u0131\u011f\u0131n\u0131 ben anlam\u0131yorum. Ne al\u0131p veremedi\u011fin varsa.<br \/>\n\u00c7. Anad: Yok can\u0131m \u015fahsi hi\u00e7bir \u015feyim yok.<br \/>\nM. Ar: Hay\u0131r, bir meselen var.<br \/>\n\u00c7. Anad: Hi\u00e7bir meselem yok. Sadece politikalar\u0131n\u0131 ele\u015ftiriyorum.<br \/>\nM. Ar: Hay\u0131r, politik ele\u015ftirmiyorsun. Durup durup &#8216;Sen Baykalc\u0131s\u0131n, ben de\u011filim&#8217; gibi \u015feyler yap\u0131yorsun.<br \/>\n\u00c7. Anad: Yoo ben hi\u00e7bir zaman Baykalc\u0131 da olmad\u0131m.<br \/>\nM. Ar: Sen de benim hakk\u0131mda neci oldu\u011fuma l\u00fctfen karar verme!<br \/>\n\u00c7. Anad: Hay\u0131r, &#8220;Son zamanlarda Baykal&#8217;\u0131 savunuyorsun&#8221; dedim sadece.<br \/>\nM. Ar: Ben insanlar\u0131, e\u011fer burada temiz siyaset konu\u015fuyorsak, &#8220;B\u00fct\u00fcn siyaset\u00e7iler kirli siyaset yap\u0131yor&#8221;da ay\u0131r\u0131r\u0131m. Birincisi benim e\u015fim. Buna niye itiraz etmiyorsun?<br \/>\n\u00c7. Anad: Ben zaten Baykal&#8217;\u0131n kirli siyaset yapt\u0131\u011f\u0131n\u0131 hi\u00e7bir zaman s\u00f6ylemedim.<br \/>\nM. Ar: Ben CHP&#8217;nin siyasetini be\u011fenirim, be\u011fenmem, politikalar\u0131n\u0131 savunurum bu ayr\u0131 bir \u015fey. Ama e\u011fer biz burada d\u00f6rt ki\u015fi siyasetin herkesi kirletti\u011finden s\u00f6z ediyorsak, sadece Baykal&#8217;da de\u011fil, \u00e7ok \u00f6rnekleri var.<br \/>\n\u00c7. Anad: Peki M\u00fcjdeci\u011fim&#8230;<br \/>\nM. Ar: Yani bu senin bana bu \u015fekilde h\u00fccum etmeni, &#8216;Sen CHP&#8217;nin&#8230;&#8217; gerektirmiyor.<br \/>\n\u00c7. Anad: Ben sana h\u00fccum etmedim.<br \/>\nM. Ar: Ben burada konu\u015furum, vicdan\u0131mla konu\u015fuyorum. Bu kadar basit.\n<\/p>\n<p style=\"text-align: justify;\"><span style=\"color: #888888;\">Kaynak : Sabah<\/span><\/p>\n","protected":false},"excerpt":{"rendered":"<p style=\"text-align: center;\">\n<p style=\"text-align: justify;\">Anad&#8217;\u0131n &#8220;Baykalc\u0131&#8221; dedi\u011fi Ar, e\u015fi Karaka\u015f&#8217;\u0131n CHP&#8217;ye kat\u0131lmas\u0131na g\u00f6nderme yapan bu s\u00f6zlere al\u0131n\u0131nca canl\u0131 yay\u0131nda gerginlik oldu..<\/p>\n<p style=\"text-align: justify;\">NTV&#8217;de yay\u0131nlanan &#8216;Haydi Gel Bizimle Ol&#8217; program\u0131nda M\u00fcjde Ar ile \u00c7i\u011fdem Anad aras\u0131nda &#8220;Baykalc\u0131&#8221; gerginli\u011fi ya\u015fand\u0131. Anad \u00f6nceki programda CHP&#8217;nin \u00e7ar\u015fafl\u0131 \u00fcye a\u00e7\u0131l\u0131m\u0131n\u0131 ele\u015ftirmi\u015f, M\u00fcjde Ar ise savunmu\u015ftu. Ge\u00e7ti\u011fimiz g\u00fcnlerde yeniden <\/p>\n","protected":false},"author":1,"featured_media":0,"comment_status":"open","ping_status":"open","sticky":false,"template":"","format":"standard","meta":{"footnotes":""},"categories":[105],"tags":[],"class_list":["post-2142","post","type-post","status-publish","format-standard","hentry","category-gundem","odd"],"_links":{"self":[{"href":"http:\/\/www.korhanyilmaz.com\/index.php?rest_route=\/wp\/v2\/posts\/2142","targetHints":{"allow":["GET"]}}],"collection":[{"href":"http:\/\/www.korhanyilmaz.com\/index.php?rest_route=\/wp\/v2\/posts"}],"about":[{"href":"http:\/\/www.korhanyilmaz.com\/index.php?rest_route=\/wp\/v2\/types\/post"}],"author":[{"embeddable":true,"href":"http:\/\/www.korhanyilmaz.com\/index.php?rest_route=\/wp\/v2\/users\/1"}],"replies":[{"embeddable":true,"href":"http:\/\/www.korhanyilmaz.com\/index.php?rest_route=%2Fwp%2Fv2%2Fcomments&post=2142"}],"version-history":[{"count":0,"href":"http:\/\/www.korhanyilmaz.com\/index.php?rest_route=\/wp\/v2\/posts\/2142\/revisions"}],"wp:attachment":[{"href":"http:\/\/www.korhanyilmaz.com\/index.php?rest_route=%2Fwp%2Fv2%2Fmedia&parent=2142"}],"wp:term":[{"taxonomy":"category","embeddable":true,"href":"http:\/\/www.korhanyilmaz.com\/index.php?rest_route=%2Fwp%2Fv2%2Fcategories&post=2142"},{"taxonomy":"post_tag","embeddable":true,"href":"http:\/\/www.korhanyilmaz.com\/index.php?rest_route=%2Fwp%2Fv2%2Ftags&post=2142"}],"curies":[{"name":"wp","href":"https:\/\/api.w.org\/{rel}","templated":true}]}}