{"id":2134,"date":"2008-11-29T09:37:44","date_gmt":"2008-11-29T07:37:44","guid":{"rendered":"http:\/\/www.korhanyilmaz.com\/?p=2134"},"modified":"2008-11-29T09:37:44","modified_gmt":"2008-11-29T07:37:44","slug":"esnaf-odasinin-baskanina-infaz","status":"publish","type":"post","link":"http:\/\/www.korhanyilmaz.com\/?p=2134","title":{"rendered":"Esnaf odas\u0131n\u0131n ba\u015fkan\u0131na infaz"},"content":{"rendered":"<p style=\"text-align: center;\"><img loading=\"lazy\" decoding=\"async\" class=\"aligncenter size-full wp-image-2135\" title=\"\u00c7orum Esnaf ve Sanatk\u00e2rlar Odas\u0131 Ba\u015fkan\u0131 Necati Hayran\" src=\"http:\/\/www.korhanyilmaz.com\/wp-content\/uploads\/2008\/11\/2c60ad7d620a0642a0ce63d7x.jpg\" alt=\"\u00c7orum Esnaf ve Sanatk\u00e2rlar Odas\u0131 Ba\u015fkan\u0131 Necati Hayran\" width=\"380\" height=\"200\" \/><\/p>\n<p style=\"text-align: justify;\">\u00c7orum Esnaf ve Sanatk\u00e2rlar Odas\u0131 Ba\u015fkan\u0131 Necati Hayran, makam\u0131nda u\u011frad\u0131\u011f\u0131 silahl\u0131 sald\u0131r\u0131 sonucu hayat\u0131n\u0131 kaybetti. Sald\u0131r\u0131y\u0131 ger\u00e7ekle\u015ftiren U\u011fur T\u00fcrkmen daha sonra kendini ba\u015f\u0131ndan vurdu. A\u011f\u0131r yaralanan sald\u0131rgan hastanede tedavi alt\u0131na al\u0131n\u0131rken, yakla\u015f\u0131k 6 ay \u00f6nce i\u015ften \u00e7\u0131kar\u0131ld\u0131\u011f\u0131 ve bu nedenle sald\u0131r\u0131y\u0131 ger\u00e7ekle\u015ftirdi\u011fi \u00f6\u011frenildi. Hastaneye giden Necati Hayran&#8217;\u0131n k\u00fc\u00e7\u00fck karde\u015fi Mustafa Hayran, a\u011f\u0131tlar yakarak, &#8220;Daha 10 dakika \u00f6nce Kurban Bayram\u0131&#8217;na haz\u0131rl\u0131k yapal\u0131m, kurban\u0131m\u0131z\u0131 alal\u0131m diye beni arad\u0131, konu\u015ftuk. \u015eimdi ba\u015f\u0131m\u0131za gelene bak&#8221; diye a\u011flad\u0131. T\u00fcrkmen&#8217;in ise eski MHP \u00c7orum Milletvekili Muharrem \u015eemsek&#8217;in akrabas\u0131 oldu\u011fu bildirildi.<br \/>\n<span style=\"color: #888888;\">Kaynak : Sabah<\/span><\/p>\n","protected":false},"excerpt":{"rendered":"<p style=\"text-align: center;\">\n<p style=\"text-align: justify;\">\u00c7orum Esnaf ve Sanatk\u00e2rlar Odas\u0131 Ba\u015fkan\u0131 Necati Hayran, makam\u0131nda u\u011frad\u0131\u011f\u0131 silahl\u0131 sald\u0131r\u0131 sonucu hayat\u0131n\u0131 kaybetti. Sald\u0131r\u0131y\u0131 ger\u00e7ekle\u015ftiren U\u011fur T\u00fcrkmen daha sonra kendini ba\u015f\u0131ndan vurdu. A\u011f\u0131r yaralanan sald\u0131rgan hastanede tedavi alt\u0131na al\u0131n\u0131rken, yakla\u015f\u0131k 6 ay \u00f6nce i\u015ften \u00e7\u0131kar\u0131ld\u0131\u011f\u0131 ve bu nedenle sald\u0131r\u0131y\u0131 ger\u00e7ekle\u015ftirdi\u011fi \u00f6\u011frenildi. Hastaneye giden Necati Hayran&#8217;\u0131n k\u00fc\u00e7\u00fck karde\u015fi Mustafa <\/p>\n","protected":false},"author":1,"featured_media":0,"comment_status":"open","ping_status":"open","sticky":false,"template":"","format":"standard","meta":{"footnotes":""},"categories":[105],"tags":[],"class_list":["post-2134","post","type-post","status-publish","format-standard","hentry","category-gundem","odd"],"_links":{"self":[{"href":"http:\/\/www.korhanyilmaz.com\/index.php?rest_route=\/wp\/v2\/posts\/2134","targetHints":{"allow":["GET"]}}],"collection":[{"href":"http:\/\/www.korhanyilmaz.com\/index.php?rest_route=\/wp\/v2\/posts"}],"about":[{"href":"http:\/\/www.korhanyilmaz.com\/index.php?rest_route=\/wp\/v2\/types\/post"}],"author":[{"embeddable":true,"href":"http:\/\/www.korhanyilmaz.com\/index.php?rest_route=\/wp\/v2\/users\/1"}],"replies":[{"embeddable":true,"href":"http:\/\/www.korhanyilmaz.com\/index.php?rest_route=%2Fwp%2Fv2%2Fcomments&post=2134"}],"version-history":[{"count":0,"href":"http:\/\/www.korhanyilmaz.com\/index.php?rest_route=\/wp\/v2\/posts\/2134\/revisions"}],"wp:attachment":[{"href":"http:\/\/www.korhanyilmaz.com\/index.php?rest_route=%2Fwp%2Fv2%2Fmedia&parent=2134"}],"wp:term":[{"taxonomy":"category","embeddable":true,"href":"http:\/\/www.korhanyilmaz.com\/index.php?rest_route=%2Fwp%2Fv2%2Fcategories&post=2134"},{"taxonomy":"post_tag","embeddable":true,"href":"http:\/\/www.korhanyilmaz.com\/index.php?rest_route=%2Fwp%2Fv2%2Ftags&post=2134"}],"curies":[{"name":"wp","href":"https:\/\/api.w.org\/{rel}","templated":true}]}}