{"id":2123,"date":"2008-10-25T14:56:51","date_gmt":"2008-10-25T11:56:51","guid":{"rendered":"http:\/\/www.korhanyilmaz.com\/?p=2123"},"modified":"2008-10-25T14:56:51","modified_gmt":"2008-10-25T11:56:51","slug":"afganistanda-2-turk-muhendis-kacirildi","status":"publish","type":"post","link":"http:\/\/www.korhanyilmaz.com\/?p=2123","title":{"rendered":"Afganistan&#8217;da 2 T\u00fcrk m\u00fchendis ka\u00e7\u0131r\u0131ld\u0131"},"content":{"rendered":"<p style=\"text-align: center;\"><img loading=\"lazy\" decoding=\"async\" class=\"alignnone size-full wp-image-2124\" title=\"Afganistan Haritas\u0131\" src=\"http:\/\/www.korhanyilmaz.com\/wp-content\/uploads\/2008\/10\/b112cf2ea58a604fbf2f9821r.jpg\" alt=\"\" width=\"200\" height=\"160\" \/><\/p>\n<p style=\"text-align: justify;\">Afganistan&#8217;da 2 T\u00fcrk m\u00fchendisin ka\u00e7\u0131r\u0131ld\u0131\u011f\u0131 bildirildi. AFP nin haberine g\u00f6re, Host vilayeti valisi Arsala Cemal, Pakistan s\u0131n\u0131r\u0131ndaki Tani vilayetinde radyo istasyonu in\u015fa eden iki T\u00fcrk m\u00fchendisin Tani-Host yolunda Afgan \u015fof\u00f6r ve terc\u00fcmanlar\u0131yla ka\u00e7\u0131r\u0131ld\u0131\u011f\u0131n\u0131 belirtti.<!--more--><\/p>\n<p style=\"text-align: justify;\">Taliban s\u00f6zc\u00fclerinden biri, olay\u0131n Taliban militanlar\u0131yla ilgili olmad\u0131\u011f\u0131n\u0131, T\u00fcrk m\u00fchendislerin e\u015fk\u0131yalarca ka\u00e7\u0131r\u0131lm\u0131\u015f olabilece\u011fini s\u00f6yledi. Bu arada, T\u00fcrkiye&#8217;nin Kabil B\u00fcy\u00fckel\u00e7ili\u011fi yetkilileri, ka\u00e7\u0131r\u0131lma olay\u0131n\u0131 do\u011frulayarak, m\u00fchendislerin iki g\u00fcn kadar \u00f6nce ka\u00e7\u0131r\u0131lm\u0131\u015f olduklar\u0131n\u0131 belirtti.<\/p>\n<p style=\"text-align: justify;\">D\u0131\u015fi\u015fleri Bakanl\u0131\u011f\u0131 S\u00f6zc\u00fcs\u00fc Burak \u00d6z\u00fcgergin de yapt\u0131\u011f\u0131 a\u00e7\u0131klamada, m\u00fchendislerin k\u0131sa s\u00fcre \u00f6nce ka\u00e7\u0131r\u0131ld\u0131\u011f\u0131n\u0131 do\u011frulayarak, kurtulmalar\u0131 i\u00e7in Afganistan makamlar\u0131 nezdinde \u00fcst d\u00fczey giri\u015fimlerin s\u00fcrd\u00fcr\u00fcld\u00fc\u011f\u00fcn\u00fc kaydetti. \u00d6z\u00fcgergin, iki T\u00fcrk m\u00fchendisin kimli\u011fi hakk\u0131nda can g\u00fcvenlikleri nedeniyle bilgi vermedi.<\/p>\n<p style=\"text-align: justify;\">(AA)<\/p>\n","protected":false},"excerpt":{"rendered":"<p style=\"text-align: center;\">\n<p style=\"text-align: justify;\">Afganistan&#8217;da 2 T\u00fcrk m\u00fchendisin ka\u00e7\u0131r\u0131ld\u0131\u011f\u0131 bildirildi. AFP nin haberine g\u00f6re, Host vilayeti valisi Arsala Cemal, Pakistan s\u0131n\u0131r\u0131ndaki Tani vilayetinde radyo istasyonu in\u015fa eden iki T\u00fcrk m\u00fchendisin Tani-Host yolunda Afgan \u015fof\u00f6r ve terc\u00fcmanlar\u0131yla ka\u00e7\u0131r\u0131ld\u0131\u011f\u0131n\u0131 belirtti.<\/p>\n","protected":false},"author":1,"featured_media":0,"comment_status":"open","ping_status":"open","sticky":false,"template":"","format":"standard","meta":{"footnotes":""},"categories":[3],"tags":[],"class_list":["post-2123","post","type-post","status-publish","format-standard","hentry","category-dunya","odd"],"_links":{"self":[{"href":"http:\/\/www.korhanyilmaz.com\/index.php?rest_route=\/wp\/v2\/posts\/2123","targetHints":{"allow":["GET"]}}],"collection":[{"href":"http:\/\/www.korhanyilmaz.com\/index.php?rest_route=\/wp\/v2\/posts"}],"about":[{"href":"http:\/\/www.korhanyilmaz.com\/index.php?rest_route=\/wp\/v2\/types\/post"}],"author":[{"embeddable":true,"href":"http:\/\/www.korhanyilmaz.com\/index.php?rest_route=\/wp\/v2\/users\/1"}],"replies":[{"embeddable":true,"href":"http:\/\/www.korhanyilmaz.com\/index.php?rest_route=%2Fwp%2Fv2%2Fcomments&post=2123"}],"version-history":[{"count":0,"href":"http:\/\/www.korhanyilmaz.com\/index.php?rest_route=\/wp\/v2\/posts\/2123\/revisions"}],"wp:attachment":[{"href":"http:\/\/www.korhanyilmaz.com\/index.php?rest_route=%2Fwp%2Fv2%2Fmedia&parent=2123"}],"wp:term":[{"taxonomy":"category","embeddable":true,"href":"http:\/\/www.korhanyilmaz.com\/index.php?rest_route=%2Fwp%2Fv2%2Fcategories&post=2123"},{"taxonomy":"post_tag","embeddable":true,"href":"http:\/\/www.korhanyilmaz.com\/index.php?rest_route=%2Fwp%2Fv2%2Ftags&post=2123"}],"curies":[{"name":"wp","href":"https:\/\/api.w.org\/{rel}","templated":true}]}}