{"id":2120,"date":"2008-10-25T12:53:40","date_gmt":"2008-10-25T09:53:40","guid":{"rendered":"http:\/\/www.korhanyilmaz.com\/?p=2120"},"modified":"2008-10-25T12:53:40","modified_gmt":"2008-10-25T09:53:40","slug":"tuncelide-gergin-saatler","status":"publish","type":"post","link":"http:\/\/www.korhanyilmaz.com\/?p=2120","title":{"rendered":"Tunceli&#039;de gergin saatler"},"content":{"rendered":"<p style=\"text-align: center;\"><img loading=\"lazy\" decoding=\"async\" class=\"alignnone size-full wp-image-2121\" title=\"Tunceli'de gergin saatler \" src=\"http:\/\/www.korhanyilmaz.com\/wp-content\/uploads\/2008\/10\/dc15eb030833b345838fd28cx.jpg\" alt=\"\" width=\"475\" height=\"250\" \/><\/p>\n<p style=\"text-align: justify;\">Ba\u015fbakan Recep Tayyip Erdo\u011fan, helikopter ile saat 12.30&#8217;da Elaz\u0131\u011f&#8217;dan Tunceli&#8217;ye geldi.<\/p>\n<p style=\"text-align: justify;\">Ba\u015fbakan Erdo\u011fan&#8217;\u0131, \u015fehir stad\u0131nda Tunceli Valisi Mustafa Yaman ve b\u00f6lge milletvekilleri ile \u00f6teki yetkililer kar\u015f\u0131lad\u0131. Erdo\u011fan ile \u0130\u00e7i\u015fleri Bakan\u0131 Be\u015fir Atalay, Ula\u015ft\u0131rma Bakan\u0131 Binali Y\u0131ld\u0131r\u0131m, Tar\u0131m ve K\u00f6yi\u015fleri Bakan\u0131 Mehdi Eker ve AK Parti Genel Ba\u015fkan Yard\u0131mc\u0131s\u0131 Necati \u00c7etinkaya da Tunceli&#8217;ye geldi.<\/p>\n<p style=\"text-align: justify;\">AK Parti Genel Ba\u015fkan\u0131 ve Ba\u015fbakan Erdo\u011fan, partisinin Tunceli Merkez \u0130l\u00e7e Kongresi&#8217;ne kat\u0131lacak. Tunceli Valili\u011fini&#8217;de ziyaret edecek olan Erdo\u011fan, toplu a\u00e7\u0131l\u0131\u015f ve TOK\u0130 taraf\u0131ndan yapt\u0131r\u0131lan 134 konutun anahtar teslim t\u00f6renine kat\u0131lacak.<!--more--><\/p>\n<p style=\"text-align: justify;\">TUNCEL\u0130&#8217;DE HAREKETL\u0130 SAATLER<\/p>\n<p style=\"text-align: justify;\">Tunceli&#8217;de Ba\u015fbakan Recep Tayyip Erdo\u011fan&#8217;\u0131 protesto eden bir grup, PKK ve Abdullah \u00d6calan lehine slogan atarak \u015fehir merkezine y\u00fcr\u00fcy\u00fc\u015fe ba\u015flad\u0131.<\/p>\n<p style=\"text-align: justify;\">Aralar\u0131nda Tuncali DTP milletvekili \u015eerafettin Halis ve Tunceli Belediye Ba\u015fkan\u0131 Song\u00fcl Erol Abdil&#8217;in de bulundu\u011fu grup AKP il binas\u0131na y\u00fcr\u00fcyerek siyah \u00e7elenk b\u0131rakacak. Ancak polis zaman zaman uyar\u0131 yaparak g\u00f6sterenin yasal olmad\u0131\u011f\u0131n\u0131 ve g\u00f6sterilerin sonland\u0131r\u0131lmas\u0131n\u0131 istiyor. Y\u00fcr\u00fcy\u00fc\u015f devam ediyor. Polis il genelinde yo\u011fun g\u00fcvenlik \u00f6nlemleri ald\u0131.<\/p>\n<p style=\"text-align: justify;\">TUNCEL\u0130&#8217;DE BOMBA PAN\u0130\u011e\u0130<\/p>\n<p style=\"text-align: justify;\">Tunceli&#8217;de Subay Gazinosu \u00f6n\u00fcne b\u0131rak\u0131lan \u015f\u00fcpheli \u00e7antadan \u00e7\u0131kan bomba, uzman ekipler taraf\u0131ndan imha edildi.<\/p>\n<p style=\"text-align: justify;\">Ba\u015fbakan Recep Tayyip Erdo\u011fan&#8217;\u0131n Tunceli gezisine saatler kala, sabah\u0131n erken saatlerinde gelen bir ihbar\u0131 de\u011ferlendiren g\u00fcvenlik g\u00fc\u00e7leri, Subay Gazinosu \u00f6n\u00fcne b\u0131rak\u0131lan \u015f\u00fcpheli \u00e7anta nedeniyle b\u00f6lgede geni\u015f g\u00fcvenlik \u00f6nlemleri ald\u0131. T\u00fcm yollar trafi\u011fe kapat\u0131l\u0131rken, olay yerine bomba uzman ekipleri sevk edildi.<\/p>\n<p style=\"text-align: justify;\">Hareketli saatlerin ya\u015fand\u0131\u011f\u0131 olay yerinde, bomba uzmanlar\u0131 siyah \u00e7antaya m\u00fcdahale etti. F\u00fcnye ile kontroll\u00fc bir \u015fekilde patlat\u0131lan \u00e7antadan bomba \u00e7\u0131kt\u0131. Polis patlay\u0131c\u0131n\u0131n t\u00fcr\u00fcn\u00fc ara\u015ft\u0131r\u0131rken, \u00e7antan\u0131n kimler taraf\u0131ndan b\u0131rak\u0131ld\u0131\u011f\u0131 ara\u015ft\u0131r\u0131l\u0131yor. Vatanda\u015flar ise bomban\u0131n kontroll\u00fc bir \u015fekilde patlat\u0131lmas\u0131n\u0131n ard\u0131ndan rahat bir nefes al\u0131rken, polis ekipleri, Ba\u015fbakan Erdo\u011fan \u0131n gezisi \u00f6ncesi \u015f\u00fcpheli g\u00f6rd\u00fc\u011f\u00fc ara\u00e7 ve yayalar\u0131 dik dik ar\u0131yor.<\/p>\n<p style=\"text-align: justify;\">(AJANSLAR)<\/p>\n","protected":false},"excerpt":{"rendered":"<p style=\"text-align: center;\">\n<p style=\"text-align: justify;\">Ba\u015fbakan Recep Tayyip Erdo\u011fan, helikopter ile saat 12.30&#8217;da Elaz\u0131\u011f&#8217;dan Tunceli&#8217;ye geldi.<\/p>\n<p style=\"text-align: justify;\">Ba\u015fbakan Erdo\u011fan&#8217;\u0131, \u015fehir stad\u0131nda Tunceli Valisi Mustafa Yaman ve b\u00f6lge milletvekilleri ile \u00f6teki yetkililer kar\u015f\u0131lad\u0131. Erdo\u011fan ile \u0130\u00e7i\u015fleri Bakan\u0131 Be\u015fir Atalay, Ula\u015ft\u0131rma Bakan\u0131 Binali Y\u0131ld\u0131r\u0131m, Tar\u0131m ve K\u00f6yi\u015fleri Bakan\u0131 Mehdi Eker ve AK Parti Genel Ba\u015fkan Yard\u0131mc\u0131s\u0131 <\/p>\n","protected":false},"author":1,"featured_media":0,"comment_status":"open","ping_status":"open","sticky":false,"template":"","format":"standard","meta":{"footnotes":""},"categories":[105],"tags":[],"class_list":["post-2120","post","type-post","status-publish","format-standard","hentry","category-gundem","odd"],"_links":{"self":[{"href":"http:\/\/www.korhanyilmaz.com\/index.php?rest_route=\/wp\/v2\/posts\/2120","targetHints":{"allow":["GET"]}}],"collection":[{"href":"http:\/\/www.korhanyilmaz.com\/index.php?rest_route=\/wp\/v2\/posts"}],"about":[{"href":"http:\/\/www.korhanyilmaz.com\/index.php?rest_route=\/wp\/v2\/types\/post"}],"author":[{"embeddable":true,"href":"http:\/\/www.korhanyilmaz.com\/index.php?rest_route=\/wp\/v2\/users\/1"}],"replies":[{"embeddable":true,"href":"http:\/\/www.korhanyilmaz.com\/index.php?rest_route=%2Fwp%2Fv2%2Fcomments&post=2120"}],"version-history":[{"count":0,"href":"http:\/\/www.korhanyilmaz.com\/index.php?rest_route=\/wp\/v2\/posts\/2120\/revisions"}],"wp:attachment":[{"href":"http:\/\/www.korhanyilmaz.com\/index.php?rest_route=%2Fwp%2Fv2%2Fmedia&parent=2120"}],"wp:term":[{"taxonomy":"category","embeddable":true,"href":"http:\/\/www.korhanyilmaz.com\/index.php?rest_route=%2Fwp%2Fv2%2Fcategories&post=2120"},{"taxonomy":"post_tag","embeddable":true,"href":"http:\/\/www.korhanyilmaz.com\/index.php?rest_route=%2Fwp%2Fv2%2Ftags&post=2120"}],"curies":[{"name":"wp","href":"https:\/\/api.w.org\/{rel}","templated":true}]}}