{"id":2117,"date":"2008-10-25T12:59:27","date_gmt":"2008-10-25T09:59:27","guid":{"rendered":"http:\/\/www.korhanyilmaz.com\/?p=2117"},"modified":"2008-10-25T12:59:27","modified_gmt":"2008-10-25T09:59:27","slug":"etnik-milliyetcilige-karsiyiz","status":"publish","type":"post","link":"http:\/\/www.korhanyilmaz.com\/?p=2117","title":{"rendered":"Etnik milliyet\u00e7ili\u011fe kar\u015f\u0131y\u0131z"},"content":{"rendered":"<p style=\"text-align: center;\"><img loading=\"lazy\" decoding=\"async\" class=\"alignnone size-full wp-image-2118\" title=\"T.C Ba\u015fbakan\u0131 Recep Tayyip Erdo\u011fan\" src=\"http:\/\/www.korhanyilmaz.com\/wp-content\/uploads\/2008\/10\/31791f6410d3f64884d1ebecx.jpg\" alt=\"\" width=\"475\" height=\"250\" \/><\/p>\n<p style=\"text-align: justify;\">Ba\u015fbakan Recep Tayyip Erdo\u011fan, Tunceli&#8217;deki AK Parti merkez il\u00e7e kongresinde yapt\u0131\u011f\u0131 konu\u015fmada birlik ve beraberlik mesajlar\u0131 verdi. \u0130\u015fte konu\u015fmas\u0131ndan baz\u0131 sat\u0131rba\u015flar\u0131:<\/p>\n<p style=\"text-align: justify;\">AK Parti Genel Ba\u015fkan\u0131 ve Ba\u015fbakan Recep Tayyip Erdo\u011fan, son zamanlarda farkl\u0131 hesaplar i\u00e7ine girenlerin, milletin aras\u0131na fitne tohumu ekmeye, milleti kamplara b\u00f6lmeye \u00e7al\u0131\u015fanlar\u0131n, milletin engin sa\u011fduyusu ve basireti sebebiyle yine akamete u\u011framaya mahkum olduklar\u0131n\u0131 belirterek, \u00c7er \u00e7\u00f6p\u00fc ate\u015fe vererek, masum \u00e7ocuklar\u0131 sokaklara salarak g\u00fc\u00e7 g\u00f6sterisi yapt\u0131klar\u0131n\u0131 sananlar b\u00fcy\u00fck bir cehalet ve gaflet i\u00e7indedirler dedi.<!--more--><\/p>\n<p style=\"text-align: justify;\">Erdo\u011fan, partisinin, Atat\u00fcrk Spor Salonu&#8217;nda ger\u00e7ekle\u015ftirilen Tunceli Merkez \u0130l\u00e7e Kongresi&#8217;nde yapt\u0131\u011f\u0131 konu\u015fmada, bu ilde bulunmaktan duydu\u011fu memnuniyeti dile getirdi. Tuncelili Diyab A\u011fa&#8217;dan bahseden Ba\u015fbakan Erdo\u011fan, Diyab A\u011fa&#8217;n\u0131n \u00fclkenin en zor zaman\u0131nda ortaya koydu\u011fu birlik ve beraberlik, bug\u00fcn de hepimize \u00f6rnek olmal\u0131d\u0131r diye konu\u015ftu.<\/p>\n<p style=\"text-align: justify;\">T\u00fcrk milletinin \u00f6z\u00fcn\u00fcn inan\u00e7la, ahlakla, sevgiyle ve sab\u0131rla yo\u011fruldu\u011funu ve her zaman karde\u015flik ruhunu, karde\u015flik hukukunu, vatanda\u015fl\u0131k hukukunu, dostluk hukukunu koruyarak hareket etti\u011fini belirten Erdo\u011fan, hamuru mertlikle, fedakarl\u0131kla, merhamet ve adaletle yo\u011frulmu\u015f T\u00fcrk milletinin hi\u00e7bir zaman ihtilafa, tefrikaya, kampla\u015fma ve kutupla\u015fmaya prim vermedi\u011fini ifade etti.<\/p>\n<p style=\"text-align: justify;\">Erdo\u011fan, konu\u015fmas\u0131n\u0131 \u015f\u00f6yle s\u00fcrd\u00fcrd\u00fc:<\/p>\n<p style=\"text-align: justify;\">Bu topraklar\u0131n insan\u0131 her zaman sadakatle devletine, vatan\u0131na birlik ve dirli\u011fine sahip \u00e7\u0131kt\u0131. D\u00fc\u015fman\u0131 \u00fclkeden kovmak, bu topraklar\u0131 ilelebet ba\u011f\u0131ms\u0131z bir vatan yapmak i\u00e7in omuz omuza sava\u015f\u0131p, koyun koyuna topra\u011fa d\u00fc\u015fenlerin aras\u0131n\u0131 a\u00e7maya kimsenin g\u00fcc\u00fc yetmeyecektir. \u0130\u00e7eride ve d\u0131\u015far\u0131daki birtak\u0131m mihraklar\u0131n, k\u0131s\u0131r siyasi hesaplar\u0131 u\u011fruna kendi insan\u0131m\u0131z\u0131, kendi yurdunda ma\u011fdur duruma getirmesine izin vermeyece\u011fiz. Ge\u00e7ti\u011fimiz y\u00fczy\u0131l\u0131n ba\u015f\u0131nda o hesab\u0131 yapanlar yan\u0131ld\u0131klar\u0131n\u0131 g\u00f6rd\u00fcler. Bu milletin karde\u015flik hukukunu zedeleyemediler.<\/p>\n<p style=\"text-align: justify;\">Son zamanlarda farkl\u0131 hesaplar i\u00e7ine girenler, milletimizin aras\u0131na fitne tohumu ekmeye, milletimizi kamplara b\u00f6lmeye \u00e7al\u0131\u015fanlar, milletimizin engin sa\u011fduyusu ve basireti sebebiyle yine akamete u\u011framaya mahkumdurlar.<\/p>\n<p style=\"text-align: justify;\">Biz biliyoruz ki nefret de\u011fil sevgi esast\u0131r; \u00e7at\u0131\u015fma de\u011fil bar\u0131\u015f esast\u0131r; haks\u0131zl\u0131k de\u011fil adalet esast\u0131r; ayr\u0131l\u0131k de\u011fil birlik esast\u0131r; kutupla\u015fmak de\u011fil kucakla\u015fmak esast\u0131r; nefret ettirmek de\u011fil sevdirmek esast\u0131r.<\/p>\n<p style=\"text-align: justify;\">AK Parti&#8217;nin; uzla\u015fman\u0131n, ho\u015fg\u00f6r\u00fcn\u00fcn, tahamm\u00fcl\u00fcn, \u00e7ok seslili\u011fin, ortak akl\u0131n adresi oldu\u011funu dile getiren Erdo\u011fan, Bundan dolay\u0131d\u0131r ki 81 ilin 80 inde milletvekili \u00e7\u0131karan tek parti AK Parti&#8217;dir. AK Parti, sevginin, sayg\u0131n\u0131n, merhamet ve fazilet dilinin sahibidir. AK Parti, etnik k\u00f6kenine, mezhebine, me\u015frebine, ya\u015fam tarz\u0131na g\u00f6re insanlar\u0131 ay\u0131rmaz. AK Parti Yunus un diliyle, yarad\u0131lm\u0131\u015flar\u0131 yaradan da \u00f6t\u00fcr\u00fc sevme anlay\u0131\u015f\u0131 ile her bir vatanda\u015f\u0131m\u0131z\u0131 kucaklayan, kimseyi d\u0131\u015flamayan, kimseyi hor g\u00f6rmeyen bir siyasi anlay\u0131\u015f\u0131n temsilcisidir diye konu\u015ftu.<\/p>\n<p style=\"text-align: justify;\">TER\u00d6RDEN, \u015e\u0130DDETTEN, GER\u0130L\u0130MDEN BESLENENLER&#8230;<\/p>\n<p style=\"text-align: justify;\">T\u00fcrk milletinin a\u011f\u0131r ba\u015fl\u0131l\u0131\u011f\u0131n\u0131n, insan\u0131n\u0131n alicenapl\u0131\u011f\u0131n\u0131n yanl\u0131\u015f de\u011ferlendirilmemesi gerekti\u011fini vurgulayan Ba\u015fbakan Erdo\u011fan, \u015funlar\u0131 kaydetti:<\/p>\n<p style=\"text-align: justify;\">\u00c7er \u00e7\u00f6p\u00fc ate\u015fe vererek, masum \u00e7ocuklar\u0131 sokaklara salarak g\u00fc\u00e7 g\u00f6sterisi yapt\u0131klar\u0131n\u0131 sananlar b\u00fcy\u00fck bir cehalet ve gaflet i\u00e7indedirler. Allah a\u015fk\u0131na, g\u00fcnahs\u0131z vatanda\u015flar\u0131n arabalar\u0131n\u0131 yakmak suretiyle acaba bu \u00fclkeye bar\u0131\u015f gelir mi? Ne kadar g\u00fczel&#8230; D\u00fc\u015f\u00fcnebiliyor musunuz, vatanda\u015f arac\u0131n\u0131 gece kap\u0131s\u0131n\u0131n \u00f6n\u00fcne koyuyor, bir de bak\u0131yor ki gece araba ate\u015f i\u00e7inde. \u015eimdi bu yakla\u015f\u0131m tarz\u0131n\u0131n hangi bar\u0131\u015f anlay\u0131\u015f\u0131 i\u00e7erisinde, hangi sevgi anlay\u0131\u015f\u0131 i\u00e7erisinde yeri var? Ter\u00f6rden, \u015fiddetten, gerilimden beslenenler ancak bunu yapar. Buralardan medet umanlar ancak bunu yapar ama bunun d\u00f6nemi bitmi\u015ftir. Bunun demokrasi i\u00e7inde yeri yok. Bunun insanlar\u0131n g\u00f6nl\u00fcnde yeri yok. Biz bunu \u00e7ok iyi biliyoruz, bu topraklar\u0131n hamuru ter\u00f6r\u00fc, \u00e7at\u0131\u015fmay\u0131, kan d\u00f6kmeyi de\u011fil, birli\u011fi, sevgiyi, \u00e7okluk i\u00e7inde birli\u011fi ortaya koyar, \u00f6zelli\u011fi budur. Tam tersine \u015fiddet, demokrasinin, \u00f6zg\u00fcrl\u00fcklerin, adaletin, refah ve huzurun en b\u00fcy\u00fck d\u00fc\u015fman\u0131d\u0131r. Ter\u00f6r\u00fcn, \u00e7at\u0131\u015fman\u0131n, gerilimin oldu\u011fu yerde sadece ac\u0131 vard\u0131r, g\u00f6z ya\u015f\u0131 vard\u0131r, sefalet vard\u0131r, umutsuzluk vard\u0131r. Bu topraklar\u0131n silah sesine de\u011fil, fabrikalardaki makine sesine ihtiyac\u0131 vard\u0131r.<\/p>\n<p style=\"text-align: justify;\">Ba\u015fbakan Erdo\u011fan, halk\u0131n gerilim de\u011fil \u00fcretim, kriz de\u011fil yat\u0131r\u0131m, kavga de\u011fil istihdam istedi\u011fini belirterek, Gerilim isteyenlerin \u00fcretim diye, yat\u0131r\u0131m diye, demokrasi ve \u00f6zg\u00fcrl\u00fckler diye bir derdi yok. \u0130stikrar ortam\u0131n\u0131 sabote etmeye \u00e7al\u0131\u015fanlar\u0131n, karde\u015flik diye, huzur ve esenlik diye bir derdi yok<br \/>\ndedi.\n<\/p>\n<p style=\"text-align: justify;\">Halk\u0131n huzur, g\u00fcvenlik ve esenlik i\u00e7inde olmas\u0131n\u0131 istediklerini vurgulayan Erdo\u011fan, milletin daha geli\u015fmi\u015f bir demokrasiye, daha geli\u015fmi\u015f hak ve \u00f6zg\u00fcrl\u00fcklere, daha kalk\u0131nm\u0131\u015f bir yap\u0131ya, standard\u0131 daha y\u00fckselmi\u015f bir ya\u015fama kavu\u015fmas\u0131n\u0131 istediklerini s\u00f6yledi. Erdo\u011fan, \u00c7ocuklar\u0131m\u0131z daha iyi e\u011fitim imkanlar\u0131na kavu\u015fsun, hastalar\u0131m\u0131z daha geli\u015fmi\u015f sa\u011fl\u0131k hizmetlerine kavu\u015fsun, ya\u015fl\u0131lar\u0131m\u0131z, gen\u00e7lerimiz, kad\u0131nlar\u0131m\u0131z daha iyi ya\u015fam ko\u015fullar\u0131na kavu\u015fsun, \u00f6z\u00fcrl\u00fclerimiz ma\u011fduriyet ya\u015famas\u0131n, her t\u00fcrl\u00fc ma\u011fduriyeti, ihmali, haks\u0131zl\u0131\u011f\u0131 ortadan kald\u0131ral\u0131m. Bizim derdimiz insan\u0131m\u0131za hizmet etmek, efendi olmak de\u011fil. \u0130nsan\u0131m\u0131z\u0131 y\u00fcceltmek, insan\u0131m\u0131z\u0131 hak etti\u011fi imkanlara kavu\u015fturmakt\u0131r diye konu\u015ftu.<\/p>\n<p style=\"text-align: justify;\">Bundan rahats\u0131zl\u0131k duyanlar\u0131n, milletin menfaatini d\u00fc\u015f\u00fcnmediklerini vurgulayan Erdo\u011fan, s\u00f6zlerini \u015f\u00f6yle s\u00fcrd\u00fcrd\u00fc:<\/p>\n<p style=\"text-align: justify;\">Geli\u015fmeden, ilerlemeden rahats\u0131zl\u0131k duyanlar bu milletin hayr\u0131n\u0131 d\u00fc\u015f\u00fcnm\u00fcyorlar. Demokrasinin, hak ve hukukun geli\u015fmesinden rahats\u0131zl\u0131k duyanlar, b\u00f6lge insan\u0131n\u0131n selametini d\u00fc\u015f\u00fcnm\u00fcyorlar. Bu b\u00f6lgenin insanlar\u0131n\u0131n g\u00f6z\u00fcnde tela\u015f, korku ve karamsarl\u0131k de\u011fil, daima \u00fcmit, iyimserlik ve heyecan g\u00f6rmek istiyoruz. \u0130nsan\u0131m\u0131z\u0131n y\u00fcz\u00fcnde sadece gelece\u011fine duydu\u011fu g\u00fcvenin i\u015faretleri g\u00f6rmek arzusunday\u0131z.<\/p>\n<p style=\"text-align: justify;\">D\u00fcnyan\u0131n en kadim medeniyetlerine be\u015fiklik yapm\u0131\u015f bu topraklar\u0131n, \u00e7a\u011f\u0131n \u015fartlar\u0131n\u0131 daha ileri seviyelere ula\u015ft\u0131rmas\u0131 gerekiyor. Biz i\u015fte bunun i\u00e7in gecemizi g\u00fcnd\u00fcz\u00fcm\u00fcze katarak \u00e7al\u0131\u015f\u0131yoruz. Biz bunun i\u00e7in pek \u00e7ok s\u0131k\u0131nt\u0131y\u0131 g\u00f6ze alarak, buralar\u0131n sorunlar\u0131n\u0131n \u00e7\u00f6z\u00fcmlerine \u00f6ncelik veriyoruz.<\/p>\n<p style=\"text-align: justify;\">T\u00dcRK\u00dcYLE, K\u00dcRD\u00dcYLE, LAZIYLA, \u00c7ERKEZ\u0130YLE, G\u00dcRC\u00dcS\u00dcYLE, ABAZASIYLA B\u0130R\u0130Z BERABER\u0130Z, B\u0130R B\u00dcT\u00dcN\u00dcZ<\/p>\n<p style=\"text-align: justify;\">AK Parti Genel Ba\u015fkan\u0131 ve Ba\u015fbakan Recep Tayyip Erdo\u011fan, T\u00fcrk\u00fcyle, K\u00fcrd\u00fcyle, Laz\u0131yla, \u00c7erkeziyle, G\u00fcrc\u00fcs\u00fcyle, Abazas\u0131yla biriz beraberiz, bir b\u00fct\u00fcn\u00fcz; \u00e7at\u0131m\u0131z T\u00fcrkiye Cumhuriyeti vatanda\u015fl\u0131\u011f\u0131d\u0131r. Kimlik siyaseti yapm\u0131yorum, yapmay\u0131n diyorum. Herkesin kimli\u011fine herkes sayg\u0131 duysun dedi.<\/p>\n<p style=\"text-align: justify;\">Erdo\u011fan, partisinin Tunceli Merkez \u0130l\u00e7e Kongresi nde yapt\u0131\u011f\u0131 konu\u015fmada, h\u00fck\u00fcmet olarak Ankara d\u0131\u015f\u0131ndaki yerleri yok sayarak Ankara da rahat koltuklarda ahkam keserek g\u00fcn ge\u00e7irmediklerini ifade etti. Tunceli Belediye Ba\u015fkan\u0131 Song\u00fcl Erol Abdil in Ankara da kendisini ziyaret etti\u011fini ve kendisinin de bir Ba\u015fbakan olarak Abdil i kabul etti\u011fini an\u0131msatan Erdo\u011fan, \u015f\u00f6yle konu\u015ftu:<\/p>\n<p style=\"text-align: justify;\">Buradan yerel y\u00f6netim, Ba\u015fbakan olarak bana gelmi\u015ftir, -buran\u0131n yerel y\u00f6netim ba\u015fkan\u0131 ger\u00e7i benim muhatab\u0131m de\u011fil ayr\u0131 mesele- Ankara da bir Ba\u015fbakan olarak kabul edip, s\u0131k\u0131nt\u0131lar\u0131n\u0131 dinletikten sonra h\u00fck\u00fcmet olarak ve AK Parti belediyeleri olarak Tunceli Belediyesine, halk\u0131na ara\u00e7 gere\u00e7 yard\u0131mlar\u0131n\u0131 her ay ald\u0131\u011f\u0131 yard\u0131mlar\u0131n d\u0131\u015f\u0131nda ekstra olarak g\u00f6nderdik ki belediye aya\u011fa kalks\u0131n. Baz\u0131 gazetelerde T\u00fcrkiye Cumhuriyeti Ba\u015fbakan\u0131 n\u0131n Tunceli ye geli\u015fini haber veren, halk\u0131n ho\u015fgeldiniz davetini ortaya koyan veyahut partimizin pankartlar\u0131n\u0131, belediyenin ara\u00e7 gere\u00e7leriyle toplaman\u0131n hangi insani yakla\u015f\u0131m tarz\u0131na uydu\u011funu ben Tunceli karde\u015flerimin takdirine b\u0131rak\u0131yorum.<\/p>\n<p style=\"text-align: justify;\">Halk\u0131m\u0131z\u0131 h\u00fck\u00fcmetimize kar\u015f\u0131, devletimize kar\u015f\u0131 ayaklanmaya davet etmek, \u00e7a\u011f\u0131rmak, olumsuz, \u00e7irkin yakla\u015f\u0131mlar sergileyici baz\u0131 haberleri i\u00e7eren veya d\u00fc\u015f\u00fcnceyi i\u00e7eren bir a\u00e7\u0131klama yapmak, bu \u00fclkenin bar\u0131\u015f\u0131na katk\u0131 de\u011fildir. Bunlar \u00e7ok yanl\u0131\u015f \u015feylerdir. Biz etnik milliyet\u00e7ili\u011fe kar\u015f\u0131y\u0131z. Bu, AK Parti nin \u00fc\u00e7 ilkesinden bir tanesi. T\u00fcrk\u00fcyle, K\u00fcrd\u00fcyle, Laz\u0131yla, \u00c7erkeziyle, G\u00fcrc\u00fcs\u00fcyle, Abazas\u0131yla biriz beraberiz, bir b\u00fct\u00fcn\u00fcz; \u00e7at\u0131m\u0131z T\u00fcrkiye Cumhuriyeti vatanda\u015fl\u0131\u011f\u0131d\u0131r. Biz bunda birle\u015ftik. Kimlik siyaseti yapm\u0131yorum, yapmay\u0131n diyorum.<\/p>\n<p style=\"text-align: justify;\">Herkesin kimli\u011fine herkes sayg\u0131 duysun. Kesinlikle b\u00f6lgesel milliyet\u00e7ili\u011fe kar\u015f\u0131y\u0131m, gel yat\u0131r\u0131mlar\u0131 tamamen bat\u0131ya yap, Do\u011fu&#8217;yu, G\u00fcneydo\u011fu&#8217;yu, Karadeniz&#8217;i, G\u00fcney&#8217;i ihmal et. 780 bin kilometre karenin tamam\u0131na yat\u0131r\u0131mlar\u0131 yapacaks\u0131n. AK Parti iktidar\u0131 bunu ger\u00e7ekle\u015ftiren bir ilk. \u015eu anda Tunceli nin ilk\u00f6\u011fretime ve orta\u00f6\u011fretimine fiziki anlamda ihtiyac\u0131 yok, T\u00fcrkiye de ilkler aras\u0131nda. Herkes s\u00f6z veriyordu, \u00fcniversite diye. Buyurun biz ne dedik, 81 vilayetin hepsine \u00fcniversite kuraca\u011f\u0131z dedik, inanmad\u0131lar. \u015eimdi Tunceli \u00dcniversitesi var. \u015eu anda 3 fak\u00fcltesi var. Bunlar artacak, Tunceli \u00fcniversite ili haline geldi. Laf \u00fcretmiyoruz, i\u015f \u00fcretiyoruz. Bunlar\u0131n kanununu \u00e7\u0131kard\u0131k. Bug\u00fcne kadar Tunceli yi sevenler, Tunceli den yana oldu\u011funu s\u00f6yleyenler ni\u00e7in bu ad\u0131mlar\u0131 atmad\u0131lar? Halep oradaysa ar\u015f\u0131n Tunceli&#8217;de.<\/p>\n<p style=\"text-align: justify;\">TUNCEL\u0130&#8217;DEK\u0130 YATIRIMLAR<\/p>\n<p style=\"text-align: justify;\">AK Parti&#8217;nin, az oy ald\u0131\u011f\u0131, zay\u0131f oldu\u011fu yerlere hizmet g\u00f6t\u00fcrmeyerek cezaland\u0131rma zihniyetine sahip olmad\u0131\u011f\u0131n\u0131 belirten Erdo\u011fan, Bizim kitab\u0131m\u0131zda, ilkelerimizde b\u00f6yle bir \u015fey yok. \u0130ster az, ister \u00e7ok oy alal\u0131m; buras\u0131 T\u00fcrkiye, 780 bin kilometre karenin her yerini ihya edece\u011fiz, modern \u00e7a\u011fda\u015f hale getirece\u011fiz dedi.<\/p>\n<p style=\"text-align: justify;\">Erdo\u011fan, ge\u00e7ti\u011fimiz g\u00fcnlerde Elaz\u0131\u011f, Kahramanmara\u015f ve Diyarbak\u0131r \u0131 ziyaret etti\u011fini, yar\u0131n K\u0131r\u0131kkale, gelecek hafta da Van ve Hakkari ye gidece\u011fini anlatarak, halk ozan\u0131 A\u015f\u0131k Veysel in Uzun ince bir yolday\u0131m t\u00fcrk\u00fcs\u00fcn\u00fc hat\u0131rlat\u0131p, Uzun ince bir yolday\u0131z, gidiyoruz g\u00fcnd\u00fcz gece, gidece\u011fiz g\u00fcnd\u00fcz gece diye konu\u015ftu.<\/p>\n<p style=\"text-align: justify;\">Kamu ve \u00f6zel sekt\u00f6r\u00fcn Tunceli de yapt\u0131\u011f\u0131 yat\u0131r\u0131mlar\u0131n a\u00e7\u0131l\u0131\u015flar\u0131n\u0131n yap\u0131laca\u011f\u0131n\u0131 ifade eden Ba\u015fbakan Erdo\u011fan, fen lisesi, Anadolu lisesi, k\u0131z meslek lisesi ana okulunun, a\u011f\u0131z ve di\u015f tedavi merkezi, kapal\u0131 spor salonu, kamuya ait lojmanlar ve \u00f6zel sekt\u00f6re ait bal paketleme tesisini a\u00e7aca\u011f\u0131n\u0131 anlatt\u0131.<\/p>\n<p style=\"text-align: justify;\">Kamu imkanlar\u0131n\u0131n yetersiz kald\u0131\u011f\u0131 yerlerde \u00f6zel sekt\u00f6r imkanlar\u0131ndan yararland\u0131klar\u0131n\u0131 ve bu yolla 1994 y\u0131l\u0131ndan beri tamamlanmayan Uzun\u00e7ay\u0131r Baraj\u0131 n\u0131n in\u015fas\u0131na devam edildi\u011fini, gelecek y\u0131l da a\u00e7\u0131l\u0131\u015f\u0131n\u0131n yap\u0131laca\u011f\u0131n\u0131 bildiren Erdo\u011fan, devletin e\u011fitim, sa\u011fl\u0131k, adalet, emniyet ve ula\u015f\u0131m i\u015flerinde alt yap\u0131 ve \u00f6zel sekt\u00f6r\u00fc ilgilendirmeyen noktalarda yer alaca\u011f\u0131n\u0131 s\u00f6yledi.<\/p>\n<p style=\"text-align: justify;\">Enerjiye y\u00f6nelik yat\u0131r\u0131mlar\u0131n da h\u0131zla devam etti\u011fini hat\u0131rlatan Erdo\u011fan, ihalesi tamamlanan n\u00fckleer enerji santralinin 7 y\u0131l sonra \u00e7al\u0131\u015fmaya ba\u015flayaca\u011f\u0131n\u0131 bildirdi.<\/p>\n<p style=\"text-align: justify;\">Tunceli de ger\u00e7ekle\u015ftirilen e\u011fitim ve sa\u011fl\u0131k yat\u0131r\u0131mlar\u0131 hakk\u0131nda bilgi veren Erdo\u011fan, bir tane olan 112 acil yard\u0131m istasyonu say\u0131s\u0131n\u0131n 9 a, bir olan ambulans say\u0131s\u0131n\u0131n da 13 e \u00e7\u0131kar\u0131ld\u0131\u011f\u0131n\u0131, sa\u011fl\u0131k oca\u011f\u0131 ve hastanelerdeki muayene odas\u0131 say\u0131s\u0131n\u0131n 51 e y\u00fckseltildi\u011fini kaydetti.<br \/>\nErdo\u011fan, Tunceli ye toplamda 15 trilyon lira sa\u011fl\u0131k yat\u0131r\u0131m\u0131 yap\u0131ld\u0131\u011f\u0131n\u0131 belirterek, TOK\u0130 nin, 150 yatakl\u0131 yeni devlet hastanesinin ihalesini ger\u00e7ekle\u015ftirdi\u011fini, in\u015faat\u0131n yak\u0131nda ba\u015flayaca\u011f\u0131n\u0131 bildirdi.\n<\/p>\n<p style=\"text-align: justify;\">Tunceli \u0130l \u00d6zel \u0130daresi b\u00fct\u00e7esinin de y\u00fczde 370 oran\u0131nda art\u0131r\u0131ld\u0131\u011f\u0131n\u0131, il\u00e7e ve belde belediyelerinin b\u00fct\u00e7esinde de y\u00fczde 48 ile y\u00fczde 100 e yak\u0131n art\u0131\u015flar yap\u0131ld\u0131\u011f\u0131n\u0131 vurgulayan Ba\u015fbakan Erdo\u011fan, Ayr\u0131m yok&#8230; Buradan \u00e7a\u011fr\u0131 yap\u0131yorum; belediye ba\u015fkanlar\u0131 ideolojik yakla\u015f\u0131mlar\u0131 b\u0131raks\u0131nlar da Tunceli nin yoluna, suyuna halk\u0131na nas\u0131l hizmet verecekler onu d\u00fc\u015f\u00fcns\u00fcnler. K\u00d6YDES Projesi \u00e7er\u00e7evesinde Tunceli nin k\u00f6ylerine, mezralar\u0131na 57 trilyonluk yat\u0131r\u0131m yapt\u0131k, y\u0131l sonuna kadar 58 trilyonu bulacak. 3 bin 250 \u00e7iftinin yakla\u015f\u0131k 1,5 trilyon tutar\u0131ndaki kurakl\u0131k yard\u0131mlar\u0131 da banka hesaplar\u0131na yatt\u0131 dedi.<\/p>\n<p style=\"text-align: justify;\">HERKES \u0130NANCINDA H\u00dcRD\u00dcR, SERBESTT\u0130R<\/p>\n<p style=\"text-align: justify;\">Etnik, b\u00f6lgesel ve dinsel milliyet\u00e7ili\u011fe kar\u015f\u0131 olduklar\u0131n\u0131 ifade eden Erdo\u011fan, \u015funlar\u0131 kaydetti:<\/p>\n<p style=\"text-align: justify;\">Herkes inanc\u0131nda h\u00fcrd\u00fcr, serbesttir. Demokratik, laik, sosyal bir hukuk devleti olarak bizler her inan\u00e7 gurubuna e\u015fit mesafedeyiz. Kimse bizi bu anlay\u0131\u015f\u0131m\u0131zdan sapt\u0131ramaz, yalan yanl\u0131\u015f haberlerle kimse hedef sapt\u0131rmas\u0131n. T\u00fcrkiye nin d\u00f6rt bir yan\u0131nda toplu konut olarak modern konutlar in\u015fa ediyoruz. Tunceli de \u015fu ana kadar 530 konut, 2 ticaret merkezi ve \u00e7e\u015fitli sosyal donat\u0131lar\u0131n in\u015fas\u0131 ba\u015flad\u0131.<\/p>\n<p style=\"text-align: justify;\">182 konut tamamland\u0131. TOK\u0130 nin \u015fu ana kadar Tunceli de ba\u015flatt\u0131\u011f\u0131 yat\u0131r\u0131m tutar\u0131 40 trilyon. Proje ihale a\u015famas\u0131nda 192 konut, personel hizmet tesisleri, misafirhaneler, 150 yatakl\u0131 hastane ve sa\u011fl\u0131k oca\u011f\u0131 var. Tuncelimizin her k\u00f6sesi TOK\u0130 hizmetleriyle \u00e7ehre de\u011fi\u015ftiriyor. Yar\u0131m kalan bir\u00e7ok eseri bu d\u00f6nem i\u00e7inde bitirdik, bitirmeye devam ediyoruz. Kamu hizmetlerinin yetersiz oldu\u011fu yerlerde bunlar\u0131 tamamlamaya devam edece\u011fiz.<\/p>\n<p style=\"text-align: justify;\">\u00d6n\u00fcm\u00fczdeki y\u0131l sonuna kadar in\u015fallah buradaki barajlar da&#8230; \u00c7\u00fcnk\u00fc sular bo\u015funa ak\u0131p gidiyor, bunlar\u0131 de\u011ferlendirmek gerek. Bu sulardan enerjide istifade edece\u011fiz. Tuncelimize bir\u00e7ok hizmeti getirmekte kararl\u0131 olan AK Parti iktidar\u0131 rehavet kabul etmiyor, y\u0131lg\u0131nl\u0131k, yorgunluk yok, durmak yok yola devam.<\/p>\n<p style=\"text-align: justify;\">NOTLAR<\/p>\n<p style=\"text-align: justify;\">Helikopterle Elaz\u0131\u011f&#8217;dan Tunceli ye gelen Ba\u015fbakan Erdo\u011fan, merkez il\u00e7e kongresinin yap\u0131laca\u011f\u0131 salonda partilileri selamlad\u0131. Ba\u015fbakan Erdo\u011fan a sevgi g\u00f6sterilerinde bulunan partililer, Erdo\u011fan a \u00e7e\u015fitli hediyeler verdi.<br \/>\nBu arada, \u015fehirde geni\u015f g\u00fcvenlik \u00f6nlemleri al\u0131nd\u0131. Erdo\u011fan \u0131n ziyareti, bir grup taraf\u0131ndan protesto edildi. AK Parti il binas\u0131na y\u00fcr\u00fcyen grup, ter\u00f6r \u00f6rg\u00fct\u00fc eleba\u015f\u0131 lehine sloganlar att\u0131.<br \/>\n\u015eehre giri\u015flerde kontrol noktalar\u0131 olu\u015fturulurken, \u00f6nlem amac\u0131yla sinyal kesici jammer cihaz\u0131 kullan\u0131ld\u0131.\n<\/p>\n<p style=\"text-align: justify;\"><span style=\"color: #888888;\">( Sabah )<\/span><\/p>\n<p style=\"text-align: justify;\">\u00a0<\/p>\n","protected":false},"excerpt":{"rendered":"<p style=\"text-align: center;\">\n<p style=\"text-align: justify;\">Ba\u015fbakan Recep Tayyip Erdo\u011fan, Tunceli&#8217;deki AK Parti merkez il\u00e7e kongresinde yapt\u0131\u011f\u0131 konu\u015fmada birlik ve beraberlik mesajlar\u0131 verdi. \u0130\u015fte konu\u015fmas\u0131ndan baz\u0131 sat\u0131rba\u015flar\u0131:<\/p>\n<p style=\"text-align: justify;\">AK Parti Genel Ba\u015fkan\u0131 ve Ba\u015fbakan Recep Tayyip Erdo\u011fan, son zamanlarda farkl\u0131 hesaplar i\u00e7ine girenlerin, milletin aras\u0131na fitne tohumu ekmeye, milleti kamplara b\u00f6lmeye \u00e7al\u0131\u015fanlar\u0131n, milletin engin sa\u011fduyusu <\/p>\n","protected":false},"author":1,"featured_media":0,"comment_status":"open","ping_status":"open","sticky":false,"template":"","format":"standard","meta":{"footnotes":""},"categories":[105],"tags":[],"class_list":["post-2117","post","type-post","status-publish","format-standard","hentry","category-gundem","odd"],"_links":{"self":[{"href":"http:\/\/www.korhanyilmaz.com\/index.php?rest_route=\/wp\/v2\/posts\/2117","targetHints":{"allow":["GET"]}}],"collection":[{"href":"http:\/\/www.korhanyilmaz.com\/index.php?rest_route=\/wp\/v2\/posts"}],"about":[{"href":"http:\/\/www.korhanyilmaz.com\/index.php?rest_route=\/wp\/v2\/types\/post"}],"author":[{"embeddable":true,"href":"http:\/\/www.korhanyilmaz.com\/index.php?rest_route=\/wp\/v2\/users\/1"}],"replies":[{"embeddable":true,"href":"http:\/\/www.korhanyilmaz.com\/index.php?rest_route=%2Fwp%2Fv2%2Fcomments&post=2117"}],"version-history":[{"count":0,"href":"http:\/\/www.korhanyilmaz.com\/index.php?rest_route=\/wp\/v2\/posts\/2117\/revisions"}],"wp:attachment":[{"href":"http:\/\/www.korhanyilmaz.com\/index.php?rest_route=%2Fwp%2Fv2%2Fmedia&parent=2117"}],"wp:term":[{"taxonomy":"category","embeddable":true,"href":"http:\/\/www.korhanyilmaz.com\/index.php?rest_route=%2Fwp%2Fv2%2Fcategories&post=2117"},{"taxonomy":"post_tag","embeddable":true,"href":"http:\/\/www.korhanyilmaz.com\/index.php?rest_route=%2Fwp%2Fv2%2Ftags&post=2117"}],"curies":[{"name":"wp","href":"https:\/\/api.w.org\/{rel}","templated":true}]}}