{"id":21148,"date":"2008-11-08T12:52:01","date_gmt":"2008-11-08T09:52:01","guid":{"rendered":"http:\/\/www.korhanyilmaz.com\/?p=21148"},"modified":"2008-11-08T12:52:01","modified_gmt":"2008-11-08T09:52:01","slug":"sancaki-ergenekondan-basbakan-mi-cikarttirdi","status":"publish","type":"post","link":"http:\/\/www.korhanyilmaz.com\/?p=21148","title":{"rendered":"Sancak&#039;\u0131 Ergenekon&#039;dan Ba\u015fbakan m\u0131 \u00e7\u0131kartt\u0131rd\u0131?"},"content":{"rendered":"<p style=\"text-align: center;\"><a href=\"http:\/\/www.korhanyilmaz.com\/wp-content\/uploads\/2010\/04\/sancak.jpeg\"  class=\"lightview\"><img loading=\"lazy\" decoding=\"async\" class=\"aligncenter size-full wp-image-21149\" src=\"http:\/\/www.korhanyilmaz.com\/wp-content\/uploads\/2010\/04\/sancak.jpeg\" alt=\"\" width=\"286\" height=\"214\" \/><\/a><\/p>\n<p style=\"text-align: justify;\">\u0130P\u2019li Akf\u0131rat, Ethem Sancak\u2019\u0131n Ba\u015fbakan taraf\u0131ndan korundu\u011funu ve ifadesinin iddianameden \u00e7\u0131kar\u0131ld\u0131\u011f\u0131n\u0131 \u00f6ne s\u00fcrd\u00fc.<\/p>\n<p style=\"text-align: justify;\">Ergenekon davas\u0131 san\u0131\u011f\u0131 \u0130P\u2019li Akf\u0131rat mahkemeye verdi\u011fi dilek\u00e7ede, 2001 y\u0131l\u0131nda g\u00f6zalt\u0131na al\u0131nan i\u015fadam\u0131 Ethem Sancak\u2019\u0131n Ba\u015fbakan taraf\u0131ndan korundu\u011funu ve 42 sayfal\u0131k ifadesinin iddianameden \u00e7\u0131kar\u0131ld\u0131\u011f\u0131n\u0131 \u00f6ne s\u00fcrd\u00fc. <!--more--><\/p>\n<p style=\"text-align: justify;\">Vatan\u2019\u0131n haberine g\u00f6re Ergenekon davas\u0131n\u0131n 47 nolu san\u0131\u011f\u0131 \u0130\u015f\u00e7i Partisi MKK \u00dcyesi Mehmet Adnan Akf\u0131rat, mahkeme heyetine sundu\u011fu be\u015f sayfal\u0131k dilek\u00e7esinde i\u015fadam\u0131 Ethem Sancak\u2019\u0131n Ba\u015fbakan Tayyip Erdo\u011fan taraf\u0131ndan korundu\u011funu iddia etti. Akf\u0131rat, mahkeme heyetine verdi\u011fi dilek\u00e7ede Ergenekon\u2019un \u015f\u00fcpheli tan\u0131\u011f\u0131 olarak ifade edilen Haham Tuncay G\u00fcney\u2019in Star Gazetesi ve Kanal 24\u2019\u00fcn sahibi olan Ethem Sancak ile ilgili olarak \u0130stanbul Ka\u00e7ak\u00e7\u0131l\u0131k ve Organize Su\u00e7larla M\u00fccadele \u015eube M\u00fcd\u00fcrl\u00fc\u011f\u00fc taraf\u0131ndan al\u0131nan 170 sayfal\u0131k ifadenin 128 sayfas\u0131n\u0131n dava dosyas\u0131nda bulundu\u011funu 42 safyas\u0131n\u0131n ise yer almad\u0131\u011f\u0131n\u0131 iddia etti.<\/p>\n<p style=\"text-align: justify;\"><strong>Sancak ile G\u00fcney ihale i\u00e7in bulu\u015ftu <\/strong><\/p>\n<p style=\"text-align: justify;\">Akf\u0131rat\u2019\u0131n mahkemeye sundu\u011fu dilek\u00e7ede \u015fu iddialar yer ald\u0131: \u201cHaham Tuncay G\u00fcney, Ethem Sancak ile 1999 ve 2000 y\u0131l\u0131nda askeri ihaleler nedeniyle iki kez Hilton Oteli\u2019nde bulu\u015ftu. 2001 y\u0131l\u0131n\u0131n Mart ay\u0131nda \u0130stanbul Ter\u00f6rle M\u00fccadele ekiplerince g\u00f6zalt\u0131na al\u0131nd\u0131. Ergenekon kapsam\u0131nda Organize Su\u00e7larla M\u00fccadele \u015eube M\u00fcd\u00fcr\u00fc Mutlu Ekizo\u011flu, g\u00f6r\u00fcnt\u00fcl\u00fc olan bu 170 sayfal\u0131k ifadeyi iddia makam\u0131n\u0131n iste\u011fiyle savc\u0131l\u0131\u011fa g\u00f6nderdi. Ancak Ekizo\u011flu 11 \u015eubat 2008\u2019de \u0130stanbul Cumhuriyet Ba\u015fsavc\u0131l\u0131\u011f\u0131\u2019na yazd\u0131\u011f\u0131 yaz\u0131da sadece 16 sayfa tutan Tuncay G\u00fcney\u2019in m\u00fclakat \u00f6zetini ve 128 sayfal\u0131k Tuncay G\u00fcney\u2019in m\u00fclakat \u00e7\u00f6z\u00fcm\u00fcn\u00fc sundu. T\u00dcS\u0130AD y\u00f6neticisi ve \u00fcyesi bir\u00e7ok i\u015fadam\u0131, Tuncay G\u00fcney\u2019in m\u00fclakat metninden \u00e7\u0131kar\u0131lmazken sadece Ethem Sancak\u2019la ilgili b\u00f6l\u00fcm \u00e7\u0131kar\u0131lm\u0131\u015f. \u00c7\u00fcnk\u00fc Ethem Sancak, Tayyip Erdo\u011fan\u2019a en yak\u0131n T\u00dcS\u0130AD Y\u00f6neticisi. En \u00f6nemlisi Tayyip Erdo\u011fan\u2019\u0131n yanda\u015f medya patronu. Tuncay G\u00fcney\u2019in m\u00fclakat \u00e7\u00f6z\u00fcmlerinin dosyaya eklenmesi hususunu arzederim.\u201d<\/p>\n<p style=\"text-align: justify;\"><strong>Ethem Sancak kimdir? <\/strong><\/p>\n<p style=\"text-align: justify;\">1958 Siirt do\u011fumlu. Evli ve iki \u00e7ocu\u011fu var. 1976-1978 y\u0131llar\u0131nda gazetecilik yapt\u0131. 1981\u2019de Koz Ecza Deposu\u2019nda i\u015fe ba\u015flad\u0131, 1987\u2019de Es Ecza Deposu\u2019nu kurdu. 1993\u2019de Hedef Ecza Deposu\u2019nu a\u00e7t\u0131. 1998\u2019de Hedef Holding\u2019i kurdu. 2000 y\u0131l\u0131nda ila\u00e7 da\u011f\u0131t\u0131m\u0131nda Avrupa ikincisi Alliance UniChem ile stratejik ortakl\u0131k kurdu. Star Gazetesi ile Kanal 24\u2019\u00fcn sahibi olan Ba\u015fbakan Erdo\u011fan\u2019a yak\u0131nl\u0131\u011f\u0131yla biliniyor. Hatta son r\u00f6portaj\u0131nda Erdo\u011fan i\u00e7in \u2019\u0130dol\u00fcm\u2019 demi\u015fti.<\/p>\n<p style=\"text-align: justify;\"><span style=\"color: #888888;\">Radikal<\/span><\/p>\n","protected":false},"excerpt":{"rendered":"<p style=\"text-align: center;\">\n<p style=\"text-align: justify;\">\u0130P\u2019li Akf\u0131rat, Ethem Sancak\u2019\u0131n Ba\u015fbakan taraf\u0131ndan korundu\u011funu ve ifadesinin iddianameden \u00e7\u0131kar\u0131ld\u0131\u011f\u0131n\u0131 \u00f6ne s\u00fcrd\u00fc.<\/p>\n<p style=\"text-align: justify;\">Ergenekon davas\u0131 san\u0131\u011f\u0131 \u0130P\u2019li Akf\u0131rat mahkemeye verdi\u011fi dilek\u00e7ede, 2001 y\u0131l\u0131nda g\u00f6zalt\u0131na al\u0131nan i\u015fadam\u0131 Ethem Sancak\u2019\u0131n Ba\u015fbakan taraf\u0131ndan korundu\u011funu ve 42 sayfal\u0131k ifadesinin iddianameden \u00e7\u0131kar\u0131ld\u0131\u011f\u0131n\u0131 \u00f6ne s\u00fcrd\u00fc. <\/p>\n","protected":false},"author":1,"featured_media":0,"comment_status":"open","ping_status":"closed","sticky":false,"template":"","format":"standard","meta":{"footnotes":""},"categories":[105],"tags":[],"class_list":["post-21148","post","type-post","status-publish","format-standard","hentry","category-gundem","odd"],"_links":{"self":[{"href":"http:\/\/www.korhanyilmaz.com\/index.php?rest_route=\/wp\/v2\/posts\/21148","targetHints":{"allow":["GET"]}}],"collection":[{"href":"http:\/\/www.korhanyilmaz.com\/index.php?rest_route=\/wp\/v2\/posts"}],"about":[{"href":"http:\/\/www.korhanyilmaz.com\/index.php?rest_route=\/wp\/v2\/types\/post"}],"author":[{"embeddable":true,"href":"http:\/\/www.korhanyilmaz.com\/index.php?rest_route=\/wp\/v2\/users\/1"}],"replies":[{"embeddable":true,"href":"http:\/\/www.korhanyilmaz.com\/index.php?rest_route=%2Fwp%2Fv2%2Fcomments&post=21148"}],"version-history":[{"count":0,"href":"http:\/\/www.korhanyilmaz.com\/index.php?rest_route=\/wp\/v2\/posts\/21148\/revisions"}],"wp:attachment":[{"href":"http:\/\/www.korhanyilmaz.com\/index.php?rest_route=%2Fwp%2Fv2%2Fmedia&parent=21148"}],"wp:term":[{"taxonomy":"category","embeddable":true,"href":"http:\/\/www.korhanyilmaz.com\/index.php?rest_route=%2Fwp%2Fv2%2Fcategories&post=21148"},{"taxonomy":"post_tag","embeddable":true,"href":"http:\/\/www.korhanyilmaz.com\/index.php?rest_route=%2Fwp%2Fv2%2Ftags&post=21148"}],"curies":[{"name":"wp","href":"https:\/\/api.w.org\/{rel}","templated":true}]}}