{"id":21098,"date":"2009-03-26T07:47:21","date_gmt":"2009-03-26T04:47:21","guid":{"rendered":"http:\/\/www.korhanyilmaz.com\/?p=21098"},"modified":"2009-03-26T07:47:21","modified_gmt":"2009-03-26T04:47:21","slug":"250-dolar-topbasa-verildi-isin-tamam","status":"publish","type":"post","link":"http:\/\/www.korhanyilmaz.com\/?p=21098","title":{"rendered":"250 Dolar Topba\u015f&#039;a Verildi, \u0130\u015fin Tamam"},"content":{"rendered":"<p style=\"text-align: justify;\"><a href=\"http:\/\/www.korhanyilmaz.com\/wp-content\/uploads\/2010\/04\/ilbar.jpg\"  class=\"lightview\"><img loading=\"lazy\" decoding=\"async\" class=\"aligncenter size-full wp-image-21099\" title=\"ilbar\" src=\"http:\/\/www.korhanyilmaz.com\/wp-content\/uploads\/2010\/04\/ilbar.jpg\" alt=\"\" width=\"198\" height=\"198\" \/><\/a><\/p>\n<p style=\"text-align: justify;\">36 milyon dolarl\u0131k akaryak\u0131t ihalesi i\u00e7in \u0130stanbul Halk Ekmek (\u0130HE) A.\u015e Genel M\u00fcd\u00fcr Yard\u0131mc\u0131s\u0131 Ahmet \u0130lbar\u2019\u0131n, kendisinden 430 bin Dolar r\u00fc\u015fvet ald\u0131\u011f\u0131n\u0131 iddia eden Dalyan Karada\u015f su\u00e7 duyurusunda bulundu.<!--more--><\/p>\n<p style=\"text-align: justify;\">Karada\u015f, \u0130lbar\u2019\u0131n cep telefonundan kendisine g\u00f6nderilen &#8220;Bak Dalyan. Ben Ba\u015fbakan\u2019\u0131n arkada\u015f\u0131y\u0131m. 250 Dolar Topba\u015f\u2019a verildi. Senin i\u015fin tamam&#8221; mesaj\u0131n\u0131 kan\u0131t olarak g\u00f6sterdi.<\/p>\n<p style=\"text-align: justify;\">\u0130ETT\u2019den iki y\u0131lda 36 milyon dolarl\u0131k akaryak\u0131t al\u0131m\u0131 ihalesini kazanmas\u0131 i\u00e7in \u0130stanbul Halk Ekmek (\u0130HE) A.\u015e Genel M\u00fcd\u00fcr Yard\u0131mc\u0131s\u0131 Ahmet \u0130lbar\u2019\u0131n, kendisinden 430 bin Dolar r\u00fc\u015fvet ald\u0131\u011f\u0131n\u0131 iddia eden Dalyan Karada\u015f, \u00f6nceki g\u00fcn Bak\u0131rk\u00f6y Adliyesi\u2019ne giderek \u0130BB Ba\u015fkan\u0131 Kadir Topba\u015f, \u0130HE Genel M\u00fcd\u00fcr\u00fc Salih Bekaro\u011flu ve Ahmet \u0130lbar hakk\u0131nda su\u00e7 duyurusunda bulundu.<\/p>\n<p style=\"text-align: justify;\">Dalyan Karada\u015f, savc\u0131l\u0131\u011fa kan\u0131t olarak Ahmet \u0130lbar\u2019\u0131n cep telefonundan kendisine 3 \u015eubat 2009\u2019da g\u00f6nderdi\u011fi &#8220;Bak Dalyan. Ben Ba\u015fbakan\u2019\u0131n arkada\u015f\u0131y\u0131m. 250 Dolar Topba\u015f\u2019a verildi. Senin i\u015fin tamam&#8221; mesaj\u0131n\u0131 g\u00f6sterdi. Bak\u0131rk\u00f6y Cumhuriyet Savc\u0131s\u0131 H\u00fcseyin Parlakk\u0131l\u0131\u00e7, mesaj\u0131n do\u011frulu\u011funu tespit etti. Mesaj\u0131n geldi\u011fi telefonu arad\u0131\u011f\u0131m\u0131zda kar\u015f\u0131m\u0131za \u0130HE Genel M\u00fcd\u00fcr Yard\u0131mc\u0131s\u0131 Ahmet \u0130lbar \u00e7\u0131kt\u0131.<\/p>\n<p style=\"text-align: justify;\"><strong>\u2019Borcum var\u2019 dedi 180 bin Dolar ald\u0131 <\/strong><\/p>\n<p style=\"text-align: justify;\">Daha \u00f6nce \u0130stanbul\u2019da g\u0131da ve in\u015faat sekt\u00f6r\u00fcnde \u00e7al\u0131\u015fan Dalyan Karada\u015f, 2008 Temmuz\u2019unda i\u015fsiz kald\u0131\u011f\u0131 d\u00f6nemde, ye\u011fenleri Vedat ve \u00d6mer Karada\u015f\u2019\u0131n Diyarbak\u0131r\u2019da kurulu kimyevi maddeler \u015firketine i\u015f bulmak i\u00e7in \u0130stanbul\u2019da \u00e7e\u015fitli kurum ve \u015firketleri ziyaret etti. Karada\u015f\u2019\u0131n gitti\u011fi yerlerden biri de \u0130BB\u2019ye ba\u011fl\u0131 Halk Ekmek A.\u015e.\u2019ydi. Dalyan Karada\u015f bundan sonra ya\u015fad\u0131klar\u0131n\u0131 Bak\u0131rk\u00f6y Cumhuriyet Savc\u0131l\u0131\u011f\u0131\u2019na \u00f6nceki g\u00fcn verdi\u011fi dilek\u00e7e ve ifadesinde anlatt\u0131:<\/p>\n<p style=\"text-align: justify;\">\u0130HE Fabrikas\u0131 Genel M\u00fcd\u00fcr Yard\u0131mc\u0131s\u0131 Ahmet \u0130lbar\u2019la 2008 Temmuz\u2019unun ba\u015flar\u0131nda makam odas\u0131nda sohbet ettik. Kendisine farkl\u0131 zamanlarda \u00e7e\u015fitli projeler sundum. \u0130ETT\u2019ye yarayabilecek akaryak\u0131t katk\u0131 projesiyle ilgilenebilece\u011fini s\u00f6yledi. Muhtelif g\u00f6r\u00fc\u015fmelerimizde bana konudan Halk Ekmek Fabrikas\u0131 Genel M\u00fcd\u00fcr\u00fc Salih Bekaro\u011flu ile \u0130BB Ba\u015fkan\u0131 Kadir Topba\u015f\u2019\u0131n haberi oldu\u011funu s\u00f6yl\u00fcyordu. \u00c7anakkale\u2019de \u00f6denmesi gereken borcu i\u00e7in 180 bin Dolar istedi. Paray\u0131 gizli vermemi istedi\u011fi i\u00e7in kimseye duyurmad\u0131m. Ahmet \u0130lbar, s\u00f6zle\u015fmenin \u0130BB ile yap\u0131laca\u011f\u0131n\u0131, olaydan say\u0131n Kadir Topba\u015f, Salih Bekaro\u011flu ile Ba\u015fbakan\u0131n bilgisi oldu\u011funu s\u00f6yledi. Ahmet \u0130lbar\u2019a g\u00f6re proje bana iki y\u0131lda KDV hari\u00e7, 36 milyon Dolar getirecekti. Bunun y\u00fczde 5\u2019i k\u00e1r olacakt\u0131.<\/p>\n<p style=\"text-align: justify;\"><strong>\u0130hale masraf\u0131 i\u00e7in 250 bin dolar <\/strong><\/p>\n<p style=\"text-align: justify;\">Daha sonra benden ihale masraflar\u0131 i\u00e7in 250 bin Dolar istedi. Bu paray\u0131 Halk Ekmek Fabrikas\u0131\u2019n\u0131n \u00f6n\u00fcndeki bulvarda yan\u0131mda kimse yokken verdim. Paralar\u0131 \u00e7evremden bor\u00e7land\u0131m. Bankadan \u00e7ekmedi\u011fim i\u00e7in dekont ibraz edemiyorum. Diyarbak\u0131r Ergani\u2019de bulunan 189 d\u00f6n\u00fcml\u00fck babadan kalma araziyi 2008 Kas\u0131m\u2019\u0131nda satt\u0131m. Ahmet \u0130lbar paralar\u0131 ald\u0131ktan sonra telefonlar\u0131ma cevap vermedi. 2009 Ocak\u2019\u0131nda makam\u0131na gittim. Ahmet \u0130lbar, Ba\u015fbakan\u0131m\u0131z Tayyip Erdo\u011fan\u2019\u0131n, projenin bir an evvel uygulanmas\u0131 konusunda, Kadir Topba\u015f\u2019a talimat verdi\u011fini, bir hafta i\u00e7inde haber gelece\u011fini s\u00f6yledi. Ondan sonra da kendisine ula\u015famad\u0131m. En son 3 \u015eubat 2009\u2019da makam\u0131na gittim. Koridorda beklerken bana &#8220;Bak Dalyan ben ba\u015fbakan\u0131n arkada\u015f\u0131y\u0131m 250 Dolar Topba\u015f\u2019a verildi. Senin i\u015fin tamam&#8221; mesaj\u0131 g\u00f6nderdi. Daha sonra, telefonla aray\u0131p, makam\u0131na randevusuz geldi\u011fim i\u00e7in k\u0131zd\u0131. &#8220;Senin i\u015fin Sal\u0131 g\u00fcn\u00fcne kadar tamam&#8221; dedi.<\/p>\n<p style=\"text-align: justify;\"><strong>Erdo\u011fan\u2019\u0131n tak\u0131m arkada\u015f\u0131 <\/strong><\/p>\n<p style=\"text-align: justify;\">AHMET \u0130lbar, \u0130stanbul B\u00fcy\u00fck\u015fehir Belediyespor\u2019un G\u00fcre\u015f \u015eube Sorumlusu ve bir d\u00f6nem Ba\u015fbakan Tayyip Erdo\u011fan\u2019\u0131n da oynad\u0131\u011f\u0131 Kas\u0131mpa\u015fa Erokspor\u2019un Y\u00f6netim Kurulu Ba\u015fkan Vekili. \u0130lbar\u2019\u0131n Ba\u015fbakan Erdo\u011fan ile birlikte ayn\u0131 d\u00f6nemde Kas\u0131mpa\u015fa Erokspor\u2019da oynad\u0131\u011f\u0131 iddia ediliyor. Ticaret Sicili kay\u0131tlar\u0131na g\u00f6re 3 Mart 2008\u2019de \u0130stanbul Halk Ekmek\u2019in Y\u00f6netim Kurulu \u00fcyesi oldu, ancak 5 Mart 2008\u2019de g\u00f6revinden istifa etti. \u0130lbar\u2019dan bo\u015falan yere, Silivri \u0130l\u00e7e Ba\u015fkanl\u0131\u011f\u0131\u2019ndan istifa ederek 22 Temmuz Genel Se\u00e7imleri\u2019nde \u0130stanbul \u00dc\u00e7\u00fcnc\u00fc B\u00f6lge\u2019den 16\u2019nc\u0131 s\u0131radan aday olan ancak se\u00e7ilemeyen T\u00fclay Kaynarca se\u00e7ildi. \u0130lbar ise Halk Ekmek\u2019teki g\u00f6revine Genel M\u00fcd\u00fcr Yard\u0131mc\u0131s\u0131 olarak devam etti.<\/p>\n<p style=\"text-align: justify;\"><strong>\u0130\u015fte r\u00fc\u015fvetin SMS\u2019i <\/strong><\/p>\n<p style=\"text-align: justify;\">BAKIRK\u00d6Y Cumhuriyet Savc\u0131s\u0131 H\u00fcseyin Parlakk\u0131l\u0131\u00e7, Dalyan Karada\u015f\u2019\u0131n cep telefonuna gelen mesaj\u0131n do\u011frulu\u011funu tespit etti. Mesaj\u0131n geldi\u011fi telefonu numaras\u0131 aran\u0131nca \u0130HE Genel M\u00fcd\u00fcr Yard\u0131mc\u0131s\u0131 Ahmet \u0130lbar \u00e7\u0131k\u0131yor.<\/p>\n<p style=\"text-align: justify;\"><span style=\"color: #888888;\">Haber Kayna\u011f\u0131 : <a href=\"http:\/\/images.google.com.tr\/imgres?imgurl=http:\/\/hurarsiv.hurriyet.com.tr\/goster\/arsivimage.aspx%3Fpicid%3D7628319&amp;imgrefurl=http:\/\/hurarsiv.hurriyet.com.tr\/goster\/haber.aspx%3Fid%3D11291507%26tarih%3D2009-03-26&amp;usg=__hWDZ1IDUqlR0vVUUvcu9lgy0_3M=&amp;h=198&amp;w=198&amp;sz=16&amp;hl=tr&amp;start=36&amp;itbs=1&amp;tbnid=-UjVIxYzF4ks0M:&amp;tbnh=104&amp;tbnw=104&amp;prev=\/images%3Fq%3DAHMET%2B%25C4%25B0LBAR%26start%3D21%26hl%3Dtr%26sa%3DN%26gbv%3D2%26ndsp%3D21%26tbs%3Disch:1\" target=\"_blank\">H\u00fcrriyet.com.tr<\/a><\/span><\/p>\n","protected":false},"excerpt":{"rendered":"<p style=\"text-align: justify;\">\n<p style=\"text-align: justify;\">36 milyon dolarl\u0131k akaryak\u0131t ihalesi i\u00e7in \u0130stanbul Halk Ekmek (\u0130HE) A.\u015e Genel M\u00fcd\u00fcr Yard\u0131mc\u0131s\u0131 Ahmet \u0130lbar\u2019\u0131n, kendisinden 430 bin Dolar r\u00fc\u015fvet ald\u0131\u011f\u0131n\u0131 iddia eden Dalyan Karada\u015f su\u00e7 duyurusunda bulundu.<\/p>\n","protected":false},"author":1,"featured_media":0,"comment_status":"open","ping_status":"closed","sticky":false,"template":"","format":"standard","meta":{"footnotes":""},"categories":[105],"tags":[],"class_list":["post-21098","post","type-post","status-publish","format-standard","hentry","category-gundem","odd"],"_links":{"self":[{"href":"http:\/\/www.korhanyilmaz.com\/index.php?rest_route=\/wp\/v2\/posts\/21098","targetHints":{"allow":["GET"]}}],"collection":[{"href":"http:\/\/www.korhanyilmaz.com\/index.php?rest_route=\/wp\/v2\/posts"}],"about":[{"href":"http:\/\/www.korhanyilmaz.com\/index.php?rest_route=\/wp\/v2\/types\/post"}],"author":[{"embeddable":true,"href":"http:\/\/www.korhanyilmaz.com\/index.php?rest_route=\/wp\/v2\/users\/1"}],"replies":[{"embeddable":true,"href":"http:\/\/www.korhanyilmaz.com\/index.php?rest_route=%2Fwp%2Fv2%2Fcomments&post=21098"}],"version-history":[{"count":0,"href":"http:\/\/www.korhanyilmaz.com\/index.php?rest_route=\/wp\/v2\/posts\/21098\/revisions"}],"wp:attachment":[{"href":"http:\/\/www.korhanyilmaz.com\/index.php?rest_route=%2Fwp%2Fv2%2Fmedia&parent=21098"}],"wp:term":[{"taxonomy":"category","embeddable":true,"href":"http:\/\/www.korhanyilmaz.com\/index.php?rest_route=%2Fwp%2Fv2%2Fcategories&post=21098"},{"taxonomy":"post_tag","embeddable":true,"href":"http:\/\/www.korhanyilmaz.com\/index.php?rest_route=%2Fwp%2Fv2%2Ftags&post=21098"}],"curies":[{"name":"wp","href":"https:\/\/api.w.org\/{rel}","templated":true}]}}