{"id":2108,"date":"2008-10-25T09:48:27","date_gmt":"2008-10-25T06:48:27","guid":{"rendered":"http:\/\/www.korhanyilmaz.com\/?p=2108"},"modified":"2008-10-25T09:48:27","modified_gmt":"2008-10-25T06:48:27","slug":"saatlerinizi-geri-almayi-unutmayin","status":"publish","type":"post","link":"http:\/\/www.korhanyilmaz.com\/?p=2108","title":{"rendered":"Saatlerinizi geri almay\u0131 unutmay\u0131n!"},"content":{"rendered":"<p style=\"text-align: justify;\"><img loading=\"lazy\" decoding=\"async\" class=\"alignleft size-full wp-image-2109\" title=\"Saatlerinizi geri almay\u0131 unutmay\u0131n! \" src=\"http:\/\/www.korhanyilmaz.com\/wp-content\/uploads\/2008\/10\/73006f07741b3040908a0e4er1.jpg\" alt=\"\" width=\"200\" height=\"162\" \/>Yaz saati uygulamas\u0131, bu hafta sonu bitiyor. 26 Ekim Pazar g\u00fcn\u00fc saat 04.00 de saatler bir saat geri al\u0131nacak.<\/p>\n<p style=\"text-align: justify;\">Bakanlar Kurulunun yaz saati uygulamas\u0131n\u0131n sona erdirilmesiyle ilgili karar\u0131 Resmi Gazete nin bug\u00fcnk\u00fc say\u0131s\u0131nda yay\u0131mland\u0131.<\/p>\n<p style=\"text-align: justify;\">Yaz saati uygulamas\u0131na 30 Mart 2008 tarihinde ge\u00e7ilirken saatler 03.00&#8217;de bir saat ileri al\u0131nm\u0131\u015ft\u0131. G\u00fcn \u0131\u015f\u0131\u011f\u0131ndan daha fazla yararlanmak amac\u0131yla yap\u0131lan uygulamaya ili\u015fkin Bakanlar Kurulu Karar\u0131 da 26 Mart 2008 tarihli Resmi Gazete de yay\u0131mlanm\u0131\u015ft\u0131.<\/p>\n<p style=\"text-align: justify;\">Buna g\u00f6re yaz saati, bir ba\u015fka deyi\u015fle ileri saat uygulamas\u0131, 30 Mart 2008 tarihinde saat 03.00&#8217;de saatlerin bir saat ileri al\u0131narak 04.00&#8217;e getirilmesiyle ba\u015flarken, 26 Ekim Pazar g\u00fcn\u00fc saat 04.00&#8217;de 1 saat geri al\u0131nmas\u0131yla sona erecek.<\/p>\n<p style=\"text-align: justify;\">(AA)<\/p>\n","protected":false},"excerpt":{"rendered":"<p style=\"text-align: justify;\">Yaz saati uygulamas\u0131, bu hafta sonu bitiyor. 26 Ekim Pazar g\u00fcn\u00fc saat 04.00 de saatler bir saat geri al\u0131nacak.<\/p>\n<p style=\"text-align: justify;\">Bakanlar Kurulunun yaz saati uygulamas\u0131n\u0131n sona erdirilmesiyle ilgili karar\u0131 Resmi Gazete nin bug\u00fcnk\u00fc say\u0131s\u0131nda yay\u0131mland\u0131.<\/p>\n<p style=\"text-align: justify;\">Yaz saati uygulamas\u0131na 30 Mart 2008 tarihinde ge\u00e7ilirken saatler 03.00&#8217;de bir saat ileri al\u0131nm\u0131\u015ft\u0131. G\u00fcn <\/p>\n","protected":false},"author":1,"featured_media":0,"comment_status":"open","ping_status":"open","sticky":false,"template":"","format":"standard","meta":{"footnotes":""},"categories":[105],"tags":[],"class_list":["post-2108","post","type-post","status-publish","format-standard","hentry","category-gundem","odd"],"_links":{"self":[{"href":"http:\/\/www.korhanyilmaz.com\/index.php?rest_route=\/wp\/v2\/posts\/2108","targetHints":{"allow":["GET"]}}],"collection":[{"href":"http:\/\/www.korhanyilmaz.com\/index.php?rest_route=\/wp\/v2\/posts"}],"about":[{"href":"http:\/\/www.korhanyilmaz.com\/index.php?rest_route=\/wp\/v2\/types\/post"}],"author":[{"embeddable":true,"href":"http:\/\/www.korhanyilmaz.com\/index.php?rest_route=\/wp\/v2\/users\/1"}],"replies":[{"embeddable":true,"href":"http:\/\/www.korhanyilmaz.com\/index.php?rest_route=%2Fwp%2Fv2%2Fcomments&post=2108"}],"version-history":[{"count":0,"href":"http:\/\/www.korhanyilmaz.com\/index.php?rest_route=\/wp\/v2\/posts\/2108\/revisions"}],"wp:attachment":[{"href":"http:\/\/www.korhanyilmaz.com\/index.php?rest_route=%2Fwp%2Fv2%2Fmedia&parent=2108"}],"wp:term":[{"taxonomy":"category","embeddable":true,"href":"http:\/\/www.korhanyilmaz.com\/index.php?rest_route=%2Fwp%2Fv2%2Fcategories&post=2108"},{"taxonomy":"post_tag","embeddable":true,"href":"http:\/\/www.korhanyilmaz.com\/index.php?rest_route=%2Fwp%2Fv2%2Ftags&post=2108"}],"curies":[{"name":"wp","href":"https:\/\/api.w.org\/{rel}","templated":true}]}}