{"id":21026,"date":"2010-04-03T21:35:47","date_gmt":"2010-04-03T18:35:47","guid":{"rendered":"http:\/\/www.korhanyilmaz.com\/?p=21026"},"modified":"2010-04-03T21:35:47","modified_gmt":"2010-04-03T18:35:47","slug":"pkk%e2%80%99nin-yapamadigi-akp-eliyle-yapiliyor","status":"publish","type":"post","link":"http:\/\/www.korhanyilmaz.com\/?p=21026","title":{"rendered":"PKK\u2019n\u0131n yapamad\u0131\u011f\u0131 AKP eliyle yap\u0131l\u0131yor!"},"content":{"rendered":"<p><a href=\"http:\/\/www.korhanyilmaz.com\/wp-content\/uploads\/2010\/04\/bolukbasi.jpg\"  class=\"lightview\"><img loading=\"lazy\" decoding=\"async\" class=\"aligncenter size-full wp-image-21027\" src=\"http:\/\/www.korhanyilmaz.com\/wp-content\/uploads\/2010\/04\/bolukbasi.jpg\" alt=\"\" width=\"250\" height=\"190\" \/><\/a><\/p>\n<p style=\"text-align: justify;\">MHP Genel Ba\u015fkan Yard\u0131mc\u0131s\u0131 Deniz B\u00f6l\u00fckba\u015f\u0131, bir konferans i\u00e7in geldi\u011fi \u00c7ank\u0131r\u0131\u2019dan AKP\u2019yi topa tuttu: K\u00fc\u00e7\u00fclen, t\u0131kanan her a\u00e7\u0131dan karanl\u0131k bir T\u00fcrkiye var. Alt\u0131na dinamit konuluyor. Etnik b\u00f6l\u00fcc\u00fcl\u00fc\u011f\u00fcn alt yap\u0131s\u0131 haz\u0131rlan\u0131yor. \u2018A\u00e7\u0131l\u0131m\u2019 PKK\u2019n\u0131n 27 y\u0131lda yapamad\u0131\u011f\u0131n\u0131 AKP eliyle yapma giri\u015fimidir.<!--more--><\/p>\n<p style=\"text-align: justify;\"><strong>PKK\u2019n\u0131n 27 y\u0131lda yapamad\u0131\u011f\u0131n\u0131 AKP yapacak<\/strong><\/p>\n<p style=\"text-align: justify;\">MHP Genel Ba\u015fkan Yard\u0131mc\u0131s\u0131 Deniz B\u00f6l\u00fckba\u015f\u0131, milli kimli\u011fi yok edilmek b\u00f6l\u00fcnmek istenen bir T\u00fcrkiye oldu\u011funu \u00f6ne s\u00fcrerek, \u201cPKK\u2019n\u0131n 27 y\u0131lda yapamad\u0131\u011f\u0131 AKP eliyle yap\u0131lacak\u201d dedi. B\u00f6l\u00fckba\u015f\u0131, partisinin \u00c7ank\u0131r\u0131 Merkez \u0130l\u00e7e Ba\u015fkanl\u0131\u011f\u0131\u2019n\u0131n d\u00fczenledi\u011fi \u201c\u00c7\u00f6z\u00fclen \u00dclke T\u00fcrkiye\u201d konulu konferansa konu\u015fmac\u0131 olarak kat\u0131ld\u0131. AKP\u2019nin K\u00fcrt a\u00e7\u0131l\u0131m\u0131na sert ele\u015ftiriler y\u00f6nelten B\u00f6l\u00fckba\u015f\u0131 \u201cBu a\u00e7\u0131l\u0131m ne menem bir a\u00e7\u0131l\u0131msa bir t\u00fcrl\u00fc a\u00e7\u0131lamad\u0131. B\u00fcy\u00fck bir karartma alt\u0131nda ad\u0131m ad\u0131m ilerletilmeye \u00e7al\u0131\u015f\u0131l\u0131yor. Bu nas\u0131l bir a\u00e7\u0131l\u0131md\u0131r ki alt\u0131 ayda bir ismi de\u011fi\u015fiyor. \u2019K\u00fcrt A\u00e7\u0131l\u0131m\u0131\u2019olarak ba\u015flad\u0131, sonra \u2019Demokratik A\u00e7\u0131l\u0131m\u2019dendi, en son olarak \u2019Milli Birlik A\u00e7\u0131l\u0131m\u0131\u2019oldu. Bu a\u00e7\u0131l\u0131m PKK\u2019n\u0131n 27 y\u0131lda yapamad\u0131\u011f\u0131n\u0131 AKP eliyle yapma giri\u015fimidir\u201d diye konu\u015ftu.<\/p>\n<p style=\"text-align: justify;\"><strong>Habur referandumu<\/strong><\/p>\n<p style=\"text-align: justify;\">Anayasa de\u011fi\u015fikli\u011fi \u00e7al\u0131\u015fmalar\u0131n\u0131n kand\u0131rmaca oldu\u011funu savunan B\u00f6l\u00fckba\u015f\u0131, \u201cAnayasa de\u011fi\u015fikli\u011fi ve referandum tuzakt\u0131r. Anayasa\u2019da size b\u00f6l\u00fcc\u00fcl\u00fc\u011f\u00fcn \u00f6n\u00fcn\u00fcn a\u00e7\u0131lmas\u0131n\u0131 oylatacaklar. Bu oyuna gelmeyin. Habur\u2019u i\u00e7inize sindiriyor musunuz? Size Anayasa referandumu ile Habur\u2019u oylatacaklar. Darbecileri yarg\u0131lamak istiyorlarm\u0131\u015f e\u011fer yarg\u0131layabiliyorsan\u0131z 28 \u015eubat\u00e7\u0131lar\u0131 yarg\u0131lay\u0131n\u201d ifadelerini kulland\u0131.<\/p>\n<p style=\"text-align: justify;\"><span style=\"color: #888888;\">Haber Kayna\u011f\u0131:<a href=\"http:\/\/www.yg.yenicaggazetesi.com.tr\/habergoster.php?haber=33683\" target=\"_blank\">yenicaggazetesi.com.tr<\/a><\/span><\/p>\n","protected":false},"excerpt":{"rendered":"<\/p>\n<p style=\"text-align: justify;\">MHP Genel Ba\u015fkan Yard\u0131mc\u0131s\u0131 Deniz B\u00f6l\u00fckba\u015f\u0131, bir konferans i\u00e7in geldi\u011fi \u00c7ank\u0131r\u0131\u2019dan AKP\u2019yi topa tuttu: K\u00fc\u00e7\u00fclen, t\u0131kanan her a\u00e7\u0131dan karanl\u0131k bir T\u00fcrkiye var. Alt\u0131na dinamit konuluyor. Etnik b\u00f6l\u00fcc\u00fcl\u00fc\u011f\u00fcn alt yap\u0131s\u0131 haz\u0131rlan\u0131yor. \u2018A\u00e7\u0131l\u0131m\u2019 PKK\u2019n\u0131n 27 y\u0131lda yapamad\u0131\u011f\u0131n\u0131 AKP eliyle yapma giri\u015fimidir.<\/p>\n","protected":false},"author":1,"featured_media":0,"comment_status":"open","ping_status":"closed","sticky":false,"template":"","format":"standard","meta":{"footnotes":""},"categories":[105],"tags":[],"class_list":["post-21026","post","type-post","status-publish","format-standard","hentry","category-gundem","odd"],"_links":{"self":[{"href":"http:\/\/www.korhanyilmaz.com\/index.php?rest_route=\/wp\/v2\/posts\/21026","targetHints":{"allow":["GET"]}}],"collection":[{"href":"http:\/\/www.korhanyilmaz.com\/index.php?rest_route=\/wp\/v2\/posts"}],"about":[{"href":"http:\/\/www.korhanyilmaz.com\/index.php?rest_route=\/wp\/v2\/types\/post"}],"author":[{"embeddable":true,"href":"http:\/\/www.korhanyilmaz.com\/index.php?rest_route=\/wp\/v2\/users\/1"}],"replies":[{"embeddable":true,"href":"http:\/\/www.korhanyilmaz.com\/index.php?rest_route=%2Fwp%2Fv2%2Fcomments&post=21026"}],"version-history":[{"count":0,"href":"http:\/\/www.korhanyilmaz.com\/index.php?rest_route=\/wp\/v2\/posts\/21026\/revisions"}],"wp:attachment":[{"href":"http:\/\/www.korhanyilmaz.com\/index.php?rest_route=%2Fwp%2Fv2%2Fmedia&parent=21026"}],"wp:term":[{"taxonomy":"category","embeddable":true,"href":"http:\/\/www.korhanyilmaz.com\/index.php?rest_route=%2Fwp%2Fv2%2Fcategories&post=21026"},{"taxonomy":"post_tag","embeddable":true,"href":"http:\/\/www.korhanyilmaz.com\/index.php?rest_route=%2Fwp%2Fv2%2Ftags&post=21026"}],"curies":[{"name":"wp","href":"https:\/\/api.w.org\/{rel}","templated":true}]}}