{"id":20997,"date":"2010-04-02T17:50:06","date_gmt":"2010-04-02T14:50:06","guid":{"rendered":"http:\/\/www.korhanyilmaz.com\/?p=20997"},"modified":"2010-04-02T17:50:06","modified_gmt":"2010-04-02T14:50:06","slug":"ata-ucagi-ile-dugune-gitmesi-kriz-yaratti","status":"publish","type":"post","link":"http:\/\/www.korhanyilmaz.com\/?p=20997","title":{"rendered":"Ata u\u00e7a\u011f\u0131 ile d\u00fc\u011f\u00fcne gitmesi kriz yaratt\u0131"},"content":{"rendered":"<p style=\"text-align: center;\"><a href=\"http:\/\/www.korhanyilmaz.com\/wp-content\/uploads\/2010\/04\/00161242.jpg\"  class=\"lightview\"><img loading=\"lazy\" decoding=\"async\" class=\"aligncenter size-full wp-image-21000\" src=\"http:\/\/www.korhanyilmaz.com\/wp-content\/uploads\/2010\/04\/00161242.jpg\" alt=\"\" width=\"300\" height=\"225\" \/><\/a><\/p>\n<p style=\"text-align: justify;\">CHP&#8217;li \u00d6zy\u00fcrek, Emine Erdo\u011fan\u2019\u0131n, Katar\u2019a Ba\u015fbakanl\u0131k\u2019a ait &#8220;ATA&#8221; u\u00e7a\u011f\u0131 ile gitmesini ele\u015ftirdi.<\/p>\n<p style=\"text-align: justify;\">CHP S\u00f6zc\u00fcs\u00fc ve Genel Sayman\u0131 Mustafa \u00d6zy\u00fcrek, Ba\u015fbakan Recep Tayyip Erdo\u011fan\u2019\u0131n e\u015fi Emine Erdo\u011fan\u2019\u0131n, Katar\u2019a Ba\u015fbakanl\u0131k\u2019a ait &#8220;ATA&#8221; u\u00e7a\u011f\u0131 ile gitmesini ele\u015ftirdi. <!--more--><\/p>\n<p style=\"text-align: justify;\">\u00d6zy\u00fcrek, yaz\u0131l\u0131 a\u00e7\u0131klamas\u0131nda, &#8220;Emine Erdo\u011fan\u2019\u0131n Katar Emiri \u015eeyh Hamid bin Halife Al Thani\u2019nin k\u0131z\u0131 \u015eeyha\u2019n\u0131n d\u00fc\u011f\u00fcn\u00fcne &#8220;ATA&#8221; adl\u0131 Ba\u015fbakanl\u0131k u\u00e7a\u011f\u0131 ile gitmesini k\u0131nad\u0131\u011f\u0131n\u0131&#8221; ifade ederek, \u015funlar\u0131 kaydetti: &#8220;\u0130\u015fsizli\u011fin ve yoksullu\u011fun b\u00fcy\u00fck boyutlara ula\u015ft\u0131\u011f\u0131, iflaslar\u0131n ve hacizlerin birbirini izledi\u011fi g\u00fcn\u00fcm\u00fczde, resmi g\u00f6revlerde kullan\u0131lmak \u00fczere, devlet hazinesinden \u00e7\u0131kan paralarla al\u0131nan Ba\u015fbakanl\u0131k u\u00e7a\u011f\u0131n\u0131n \u015feyh d\u00fc\u011f\u00fcnlerine gitmek i\u00e7in kullan\u0131lmas\u0131 kabul edilemez.<\/p>\n<p style=\"text-align: justify;\">Yeri geldi\u011finde \u2019Yetim hakk\u0131 yedirmem\u2019 diyenlerin, Arap \u015feyhlerinin d\u00fc\u011f\u00fcnlerine devlet hazinesinden \u00e7\u0131kan paralarla al\u0131nan Ba\u015fbakanl\u0131k u\u00e7a\u011f\u0131yla gitmesi, yetim hakk\u0131n\u0131 babalar gibi yediklerini g\u00f6stermektedir. Ba\u015fbakan kendisini Padi\u015fah, Say\u0131n e\u015fi de kendisini sultan gibi g\u00f6rmekten vazge\u00e7meli ve d\u00fc\u011f\u00fcnlere Ba\u015fbakanl\u0131k u\u00e7a\u011f\u0131 ve Ba\u015fbakanl\u0131k kaynaklar\u0131n\u0131 kullanarak gitmemelidir.&#8221;<\/p>\n<p style=\"text-align: justify;\"><span style=\"color: #888888;\">haber3.com<br \/>\n<\/span><\/p>\n","protected":false},"excerpt":{"rendered":"<p style=\"text-align: center;\">\n<p style=\"text-align: justify;\">CHP&#8217;li \u00d6zy\u00fcrek, Emine Erdo\u011fan\u2019\u0131n, Katar\u2019a Ba\u015fbakanl\u0131k\u2019a ait &#8220;ATA&#8221; u\u00e7a\u011f\u0131 ile gitmesini ele\u015ftirdi.<\/p>\n<p style=\"text-align: justify;\">CHP S\u00f6zc\u00fcs\u00fc ve Genel Sayman\u0131 Mustafa \u00d6zy\u00fcrek, Ba\u015fbakan Recep Tayyip Erdo\u011fan\u2019\u0131n e\u015fi Emine Erdo\u011fan\u2019\u0131n, Katar\u2019a Ba\u015fbakanl\u0131k\u2019a ait &#8220;ATA&#8221; u\u00e7a\u011f\u0131 ile gitmesini ele\u015ftirdi. <\/p>\n","protected":false},"author":1,"featured_media":0,"comment_status":"open","ping_status":"closed","sticky":false,"template":"","format":"standard","meta":{"footnotes":""},"categories":[105],"tags":[],"class_list":["post-20997","post","type-post","status-publish","format-standard","hentry","category-gundem","odd"],"_links":{"self":[{"href":"http:\/\/www.korhanyilmaz.com\/index.php?rest_route=\/wp\/v2\/posts\/20997","targetHints":{"allow":["GET"]}}],"collection":[{"href":"http:\/\/www.korhanyilmaz.com\/index.php?rest_route=\/wp\/v2\/posts"}],"about":[{"href":"http:\/\/www.korhanyilmaz.com\/index.php?rest_route=\/wp\/v2\/types\/post"}],"author":[{"embeddable":true,"href":"http:\/\/www.korhanyilmaz.com\/index.php?rest_route=\/wp\/v2\/users\/1"}],"replies":[{"embeddable":true,"href":"http:\/\/www.korhanyilmaz.com\/index.php?rest_route=%2Fwp%2Fv2%2Fcomments&post=20997"}],"version-history":[{"count":0,"href":"http:\/\/www.korhanyilmaz.com\/index.php?rest_route=\/wp\/v2\/posts\/20997\/revisions"}],"wp:attachment":[{"href":"http:\/\/www.korhanyilmaz.com\/index.php?rest_route=%2Fwp%2Fv2%2Fmedia&parent=20997"}],"wp:term":[{"taxonomy":"category","embeddable":true,"href":"http:\/\/www.korhanyilmaz.com\/index.php?rest_route=%2Fwp%2Fv2%2Fcategories&post=20997"},{"taxonomy":"post_tag","embeddable":true,"href":"http:\/\/www.korhanyilmaz.com\/index.php?rest_route=%2Fwp%2Fv2%2Ftags&post=20997"}],"curies":[{"name":"wp","href":"https:\/\/api.w.org\/{rel}","templated":true}]}}