{"id":20985,"date":"2010-04-03T17:34:34","date_gmt":"2010-04-03T14:34:34","guid":{"rendered":"http:\/\/www.korhanyilmaz.com\/?p=20985"},"modified":"2010-04-03T17:34:34","modified_gmt":"2010-04-03T14:34:34","slug":"hsyk-baskanvekiline-avukat-protestosu","status":"publish","type":"post","link":"http:\/\/www.korhanyilmaz.com\/?p=20985","title":{"rendered":"HSYK Ba\u015fkanvekili&#8217;ne avukat protestosu!.."},"content":{"rendered":"<p style=\"text-align: center;\"><a href=\"http:\/\/www.korhanyilmaz.com\/wp-content\/uploads\/2010\/04\/ozbek2.jpg\"  class=\"lightview\"><img loading=\"lazy\" decoding=\"async\" class=\"aligncenter size-full wp-image-20986\" src=\"http:\/\/www.korhanyilmaz.com\/wp-content\/uploads\/2010\/04\/ozbek2.jpg\" alt=\"\" width=\"307\" height=\"236\" \/><\/a><\/p>\n<p style=\"text-align: justify;\">Hakimler ve Savc\u0131lar Y\u00fcksek Kurulu (HSYK) Ba\u015fkanvekili Kadir \u00d6zbek, \u0130stanbul&#8217;da \u00f6d\u00fcl al\u0131rken protesto edildi. \u0130stanbul Barosu&#8217;nun \u00f6d\u00fcle lay\u0131k g\u00f6rd\u00fc\u011f\u00fc \u00d6zbek&#8217;i protesto edenler ise, salondaki bir grup avukatt\u0131. \u00d6zbek \u00f6d\u00fcl\u00fcn\u00fc al\u0131rken yapt\u0131\u011f\u0131 konu\u015fmada, &#8220;Ke\u015fke bug\u00fcnleri ya\u015famasayd\u0131k, T\u00fcrk yarg\u0131s\u0131, T\u00fcrkiye Cumhuriyeti hukuk devleti bug\u00fcnk\u00fc s\u0131k\u0131nt\u0131 i\u00e7inde olmasayd\u0131 da bu onur ve \u00f6d\u00fcl\u00fc HSYK Ba\u015fkanvekiline verme gere\u011fi duyulmasayd\u0131&#8221; dedi.<!--more--><\/p>\n<p style=\"text-align: justify;\">\u00d6zbek, \u0130stanbul Barosu&#8217;nun 132. kurulu\u015f y\u0131ld\u00f6n\u00fcm\u00fc ve Avukatlar G\u00fcn\u00fc kutlamalar\u0131 kapsam\u0131nda \u0130stanbul \u00dcniversitesi Fen Fak\u00fcltesi&#8217;nde d\u00fczenlenen t\u00f6rene kat\u0131ld\u0131.<\/p>\n<p style=\"text-align: justify;\">Mahmut Esat Bozkurt Hukuk \u00d6d\u00fcl\u00fc&#8217;ne lay\u0131k g\u00f6r\u00fclen HSYK Ba\u015fkanvekili \u00d6zbek, konu\u015fmas\u0131na ba\u015flayaca\u011f\u0131 s\u0131rada, salondaki yakla\u015f\u0131k 30 ki\u015fi taraf\u0131ndan protesto edildi.<\/p>\n<p style=\"text-align: justify;\">Avukat oldu\u011fu belirtilen grup, &#8220;Baro kimin?&#8221;, &#8220;Hakim sendromuna son&#8221;, &#8220;\u00d6nce avukata sayg\u0131&#8221; yaz\u0131l\u0131 ka\u011f\u0131tlar\u0131 havaya kald\u0131rd\u0131.<\/p>\n<p style=\"text-align: justify;\">Gruptan bir ki\u015fi, &#8220;Bu \u00f6d\u00fcl\u00fcn \u00d6zbek&#8217;e verilmesini protesto ediyoruz&#8221; dedi.<\/p>\n<p style=\"text-align: justify;\">Grup, bir s\u00fcre \u00d6zbek&#8217;i yuhalad\u0131ktan sonra salonu terketti.<\/p>\n<p style=\"text-align: justify;\">Protestocu gruba salondaki avukatlar da kar\u015f\u0131 tepki g\u00f6sterdi.<\/p>\n<p style=\"text-align: justify;\"><strong>Kadir \u00d6zbek: &#8220;\u00dcz\u00fcld\u00fcm&#8230;&#8221; <\/strong><\/p>\n<p style=\"text-align: justify;\">Protestocular\u0131n salondan \u00e7\u0131kmas\u0131n\u0131n ard\u0131ndan konu\u015fan \u00d6zbek, &#8220;Siyasiler taraf\u0131ndan s\u00f6z\u00fcm\u00fcn kesilmesine al\u0131\u015f\u0131\u011f\u0131m ancak ayn\u0131 g\u00f6revi yapt\u0131\u011f\u0131m arkada\u015flar\u0131m\u0131n s\u00f6z\u00fcm\u00fc kesmesine \u00e7ok \u00fcz\u00fcld\u00fcm&#8221; dedi.<\/p>\n<p style=\"text-align: justify;\"><a href=\"http:\/\/www.korhanyilmaz.com\/wp-content\/uploads\/2010\/04\/009.jpg\"  class=\"lightview\"><img loading=\"lazy\" decoding=\"async\" class=\"aligncenter size-full wp-image-20987\" src=\"http:\/\/www.korhanyilmaz.com\/wp-content\/uploads\/2010\/04\/009.jpg\" alt=\"\" width=\"406\" height=\"224\" \/><\/a><\/p>\n<p style=\"text-align: justify;\">HSYK Ba\u015fkenvekili \u00d6zbek \u00f6d\u00fcl\u00fcn\u00fc al\u0131rken yapt\u0131\u011f\u0131 konu\u015fmada ise, &#8220;Zaman zaman siyaset yapmakla su\u00e7land\u0131k. Hem d\u00f6veceksiniz hem ba\u011f\u0131racaks\u0131n\u0131z. Oysa biz savunma yap\u0131yorduk. Hukuk devletinde yarg\u0131 ba\u011f\u0131ms\u0131zl\u0131\u011f\u0131n\u0131n ortadan kald\u0131r\u0131lmas\u0131na y\u00f6nelik yapabilece\u011fimiz \u015feyleri imkan\u0131m\u0131z oldu\u011fu \u00f6l\u00e7\u00fcde kamuoyuyla payla\u015fmaya \u00e7al\u0131\u015f\u0131yoruz. Bu noktadan itibaren ben fazla \u00fcmitsiz de\u011filim&#8221; dedi.<\/p>\n<p style=\"text-align: justify;\">&#8220;Zaman zaman hak etmedi\u011fimiz bi\u00e7imde ki\u015fisel nitelikte say\u0131labilecek sald\u0131r\u0131lara ve hakaretlere u\u011frad\u0131k&#8221; diyen \u00d6zbek, &#8220;Bunlar\u0131n hepsini izlememi\u015f olabilirsiniz ancak bize &#8216;5 ki\u015ficik&#8217; diyenlerin televizyon ekranlar\u0131nda alk\u0131\u015fland\u0131\u011f\u0131n\u0131 g\u00f6rd\u00fck. Oysa ki biz &#8216;5 ki\u015ficik&#8217; de\u011fildik, biz 12 bin hakim ve savc\u0131y\u0131z&#8221; dedi.<\/p>\n<p style=\"text-align: justify;\">\u00d6zbek, &#8220;Ke\u015fke bug\u00fcnleri ya\u015famasayd\u0131k, T\u00fcrk yarg\u0131s\u0131, T\u00fcrkiye Cumhuriyeti hukuk devleti bug\u00fcnk\u00fc s\u0131k\u0131nt\u0131 i\u00e7inde olmasayd\u0131 da bu onur ve \u00f6d\u00fcl\u00fc HSYK Ba\u015fkanvekiline verme gere\u011fi duyulmasayd\u0131&#8221; dedi.<\/p>\n<p style=\"text-align: justify;\">\u00d6zbek, &#8220;\u00d6ncelikle TBMM&#8217;deki akl\u0131selim milletvekillerimize g\u00fcveniyorum. E\u011fer bu bekledi\u011fimiz sonu\u00e7 ger\u00e7ekle\u015fmeyecekse g\u00fcvenece\u011fimiz bir yer kal\u0131yor, halk\u0131m\u0131z&#8230; Ben halk\u0131m\u0131z\u0131n arif oldu\u011funu, sezebilece\u011fini, erdemli oldu\u011funu, bilebilece\u011fini, akl\u0131selim sahibi oldu\u011funu, sorgulayabilece\u011fini d\u00fc\u015f\u00fcn\u00fcyorum. \u00c7\u00fcnk\u00fc halk\u0131m\u0131z ordusunu sevdi\u011fi kadar yarg\u0131s\u0131n\u0131 da sevmektedir. Ordusuyla gurur duyan, yarg\u0131s\u0131na g\u00fcvenir. \u00c7ocuklar\u0131n\u0131 asker olarak do\u011furur, hakimlerini peygamber postuna oturtur. Son s\u00f6z\u00fcn halk taraf\u0131ndan s\u00f6ylenece\u011fine inan\u0131yorum&#8221;  diye konu\u015ftu.<\/p>\n<p style=\"text-align: justify;\"><strong>&#8220;Belli ama\u00e7lar\u0131 ger\u00e7ekle\u015ftirme \u00e7abas\u0131&#8230;&#8221; <\/strong><\/p>\n<p style=\"text-align: justify;\">T\u00f6ren \u00f6ncesi bir konu\u015fma yapan \u0130stanbul Barosu Ba\u015fkan\u0131 Avukat Muammer Ayd\u0131n ise, Anayasa tasla\u011f\u0131, yarg\u0131 ba\u011f\u0131ms\u0131zl\u0131\u011f\u0131 konular\u0131nda a\u00e7\u0131klamalar yapt\u0131.<\/p>\n<p style=\"text-align: justify;\">Ayd\u0131n, bu y\u00f6netim bi\u00e7iminde \u00f6nemli olan\u0131n yarg\u0131 ba\u011f\u0131ms\u0131zl\u0131\u011f\u0131, hukukun \u00fcst\u00fcnl\u00fc\u011f\u00fc ve hukuk devleti ilkesi oldu\u011funu kaydetti.<\/p>\n<p style=\"text-align: justify;\">Ayd\u0131n, &#8220;Ancak bug\u00fcn, TBMM&#8217;ye sunulan anayasa de\u011fi\u015fiklik \u00f6nerisiyle kuvetler ayr\u0131l\u0131\u011f\u0131 sisteminden kuvvetler birli\u011fi sistemine ge\u00e7ilmesiyle b\u00fct\u00fcn erklerin siyasi iktidarda toplanmas\u0131 ama\u00e7lanmaktad\u0131r&#8221; dedi.<\/p>\n<p style=\"text-align: justify;\">Ayd\u0131an yarg\u0131 ba\u011f\u0131ms\u0131zl\u0131\u011f\u0131n\u0131 g\u00fc\u00e7lendirmek i\u00e7in k\u00f6kl\u00fc reformlara ihtya\u00e7 oldu\u011funu s\u00f6yleyerek, &#8220;Siyasal iktidar\u0131n yarg\u0131y\u0131 tam bir ku\u015fatma alt\u0131na almak istemesi ve Anayasa de\u011fi\u015fiklik \u00f6nerisinden salt HSYK ve Anayasa Mahkemesi gibi yarg\u0131n\u0131n \u00fcst kurumlar\u0131nda yap\u0131sal de\u011fi\u015fikli\u011fi \u00f6neren tasfiyeye y\u00f6nelik h\u00fck\u00fcmler getirmesi, demokrasi tarihimiz ve hukukun \u00fcst\u00fcnl\u00fc\u011f\u00fc ilkesi a\u00e7\u0131s\u0131ndan kayg\u0131 verici duruma gelmi\u015ftir&#8221; dedi.<\/p>\n<p style=\"text-align: justify;\">Yeni anayasa tasla\u011f\u0131n\u0131 12 Eyl\u00fcl anayasas\u0131na benzeten Ayd\u0131n, &#8220;\u00dclkeleri ayr\u0131\u015fmalar\u0131 k\u00f6r\u00fcklemek, yanda\u015f olu\u015fumlar yaratmak, ulusun bireylerin mutlulu\u011fu i\u00e7in \u00e7al\u0131\u015fmak, insan temel hak ve \u00f6zg\u00fcrl\u00fcklerinin geli\u015ftirilmesi vb.yerine \u00fcst yap\u0131 de\u011fi\u015fiklikleriyle u\u011fra\u015fmak belli ama\u00e7lar\u0131 ger\u00e7ekle\u015ftirme \u00e7abas\u0131d\u0131r&#8221; dedi.<\/p>\n<p style=\"text-align: justify;\"><strong>&#8220;As\u0131l yap\u0131lmak istenen&#8230;&#8221; <\/strong><\/p>\n<p style=\"text-align: justify;\">\u0130ktidar\u0131n kendi anlay\u0131\u015f\u0131na uygun ki\u015fileri HSYK&#8217;ya yerle\u015ftirmeye \u00e7al\u015ft\u0131\u011f\u0131n\u0131n ancak bundan ba\u015far\u0131l\u0131 olamay\u0131nca, bu kez, yarg\u0131 reformuna ba\u015fvurdu\u011funu anlatan Ayd\u0131n, &#8220;As\u0131l yap\u0131lmak istenen \u00f6nc\u00fc uygulamalarla da ortaya konulmu\u015ftur. Anayasa Mahkemesi&#8217;ne yedek \u00fcye se\u00e7imi konusunda uygulanan &#8216;h\u00fclle&#8217; y\u00f6ntemi ve Yarg\u0131tay&#8217;\u0131n g\u00f6stermi\u015f oldu\u011fu adaylar aras\u0131ndan en az  oyu alan \u00fcyenin Cumhurba\u015fkan\u0131 taraf\u0131ndan se\u00e7ilmi\u015f olmas\u0131 nas\u0131l bir HSYK ve nas\u0131l bir Anayasa Mahkemesi hedeflendi\u011fini ve istendi\u011fini ortaya koymaktad\u0131r&#8221; dedi.<\/p>\n<p style=\"text-align: justify;\">Ayd\u0131n konu\u015fmas\u0131nda &#8220;Balyoz&#8221; ve &#8220;Ergenekon&#8221; soru\u015fturmalar\u0131 kapsam\u0131nda yap\u0131lan tutuklamalar\u0131 da ele\u015ftirerek, &#8220;Oysa tutuklama karar\u0131 verilirken, \u00f6l\u00e7\u00fcl\u00fck ilkesine ba\u011fl\u0131 kalmas\u0131 gereken mahkemeler tutklama karar\u0131 verildikten sonra da, s\u00fcre ve ko\u015fullar\u0131 g\u00f6z \u00f6n\u00fcne alarak san\u0131\u011f\u0131n tutuklu kald\u0131\u011f\u0131 s\u00fcrenin makul s\u00fcreyi a\u015ft\u0131\u011f\u0131n\u0131 d\u00fc\u015f\u00fcn\u00fcrlerse, derhal serbest b\u0131rakma kurumunu i\u015fletmelidirler&#8221; dedi.<\/p>\n<p style=\"text-align: justify;\">Tutuklaman\u0131n son y\u0131llarda yarg\u0131lama tedbiri olmaktan \u00e7\u0131k\u0131p bir infaz m\u00fcessesesine d\u00f6n\u00fc\u015ft\u00fc\u011f\u00fcn\u00fc vurgulayan Ayd\u0131n, &#8221; Y\u0131llar y\u0131l\u0131 i\u00e7eride tutuklu k\u0131lan \u015f\u00fcpheli ya da san\u0131klar kimi zaman tam olarak neyle su\u00e7land\u0131klar\u0131n\u0131 dahi bilemeden tutuklu kalmaktad\u0131rlar&#8221; dedi.<\/p>\n<p style=\"text-align: justify;\">Ayd\u0131n ayr\u0131ca, bunun bir insan hakk\u0131 ihlaline d\u00f6n\u00fc\u015ft\u00fc\u011f\u00fcn\u00fcn belirtti. Ayd\u0131n ayr\u0131ca, adil yarg\u0131lanma hakk\u0131 ihlaliyle ilgili A\u0130HM&#8217;e yap\u0131lan ba\u015fvurularda T\u00fcrkiye&#8217;nin birinci s\u0131rada oldu\u011funu kaydetti.<\/p>\n<p style=\"text-align: justify;\"><strong>&#8220;\u00dclkemizde yarg\u0131 ba\u011f\u0131ms\u0131z de\u011fil&#8221; <\/strong><\/p>\n<p style=\"text-align: justify;\">Ayd\u0131n, &#8220;A\u00e7\u0131k olan ve herkes taraf\u0131ndan bilinen bir ger\u00e7ek vard\u0131r ki, \u00fclkemizde yarg\u0131 ba\u011f\u0131ms\u0131z de\u011fildir&#8221; diyerek, &#8221; Ge\u00e7en zaman i\u00e7inde adliyelerde ba\u011f\u0131ms\u0131zl\u0131\u011f\u0131 engelleyen yeni anlay\u0131\u015flar\u0131n geli\u015ftirilmesi ve engellerin yarat\u0131lmas\u0131 gelecek ad\u0131na umut k\u0131r\u0131c\u0131d\u0131r&#8221; \u015feklinde konu\u015ftu.<\/p>\n<p style=\"text-align: justify;\">Ayd\u0131n, konu\u015fmas\u0131nda yarg\u0131 reformunu bir kez daha ele\u015ftirerek, &#8220;Yarg\u0131da bu kadar olumsuzluk ve sorun varken, &#8216;yarg\u0131 reformu&#8217; denince, HSYK ve Anayasa Mahkemesi anla\u015f\u0131lmamal\u0131d\u0131r&#8221; dedi.<\/p>\n<p style=\"text-align: justify;\"><span style=\"color: #888888;\">CNN T\u00dcRK<\/span><\/p>\n","protected":false},"excerpt":{"rendered":"<p style=\"text-align: center;\">\n<p style=\"text-align: justify;\">Hakimler ve Savc\u0131lar Y\u00fcksek Kurulu (HSYK) Ba\u015fkanvekili Kadir \u00d6zbek, \u0130stanbul&#8217;da \u00f6d\u00fcl al\u0131rken protesto edildi. \u0130stanbul Barosu&#8217;nun \u00f6d\u00fcle lay\u0131k g\u00f6rd\u00fc\u011f\u00fc \u00d6zbek&#8217;i protesto edenler ise, salondaki bir grup avukatt\u0131. \u00d6zbek \u00f6d\u00fcl\u00fcn\u00fc al\u0131rken yapt\u0131\u011f\u0131 konu\u015fmada, &#8220;Ke\u015fke bug\u00fcnleri ya\u015famasayd\u0131k, T\u00fcrk yarg\u0131s\u0131, T\u00fcrkiye Cumhuriyeti hukuk devleti bug\u00fcnk\u00fc s\u0131k\u0131nt\u0131 i\u00e7inde olmasayd\u0131 da bu onur ve \u00f6d\u00fcl\u00fc <\/p>\n","protected":false},"author":1,"featured_media":0,"comment_status":"open","ping_status":"closed","sticky":false,"template":"","format":"standard","meta":{"footnotes":""},"categories":[105],"tags":[],"class_list":["post-20985","post","type-post","status-publish","format-standard","hentry","category-gundem","odd"],"_links":{"self":[{"href":"http:\/\/www.korhanyilmaz.com\/index.php?rest_route=\/wp\/v2\/posts\/20985","targetHints":{"allow":["GET"]}}],"collection":[{"href":"http:\/\/www.korhanyilmaz.com\/index.php?rest_route=\/wp\/v2\/posts"}],"about":[{"href":"http:\/\/www.korhanyilmaz.com\/index.php?rest_route=\/wp\/v2\/types\/post"}],"author":[{"embeddable":true,"href":"http:\/\/www.korhanyilmaz.com\/index.php?rest_route=\/wp\/v2\/users\/1"}],"replies":[{"embeddable":true,"href":"http:\/\/www.korhanyilmaz.com\/index.php?rest_route=%2Fwp%2Fv2%2Fcomments&post=20985"}],"version-history":[{"count":0,"href":"http:\/\/www.korhanyilmaz.com\/index.php?rest_route=\/wp\/v2\/posts\/20985\/revisions"}],"wp:attachment":[{"href":"http:\/\/www.korhanyilmaz.com\/index.php?rest_route=%2Fwp%2Fv2%2Fmedia&parent=20985"}],"wp:term":[{"taxonomy":"category","embeddable":true,"href":"http:\/\/www.korhanyilmaz.com\/index.php?rest_route=%2Fwp%2Fv2%2Fcategories&post=20985"},{"taxonomy":"post_tag","embeddable":true,"href":"http:\/\/www.korhanyilmaz.com\/index.php?rest_route=%2Fwp%2Fv2%2Ftags&post=20985"}],"curies":[{"name":"wp","href":"https:\/\/api.w.org\/{rel}","templated":true}]}}