{"id":20981,"date":"2010-04-03T15:45:06","date_gmt":"2010-04-03T12:45:06","guid":{"rendered":"http:\/\/www.korhanyilmaz.com\/?p=20981"},"modified":"2010-04-03T15:45:06","modified_gmt":"2010-04-03T12:45:06","slug":"yargiya-seslendi-seviyorsan-cubbeni-cikar-siyasete-gir","status":"publish","type":"post","link":"http:\/\/www.korhanyilmaz.com\/?p=20981","title":{"rendered":"Yarg\u0131ya seslendi: &#8220;Seviyorsan c\u00fcbbeni \u00e7\u0131kar, siyasete gir&#8221;"},"content":{"rendered":"<p style=\"text-align: center;\"><a href=\"http:\/\/www.korhanyilmaz.com\/wp-content\/uploads\/2010\/04\/ERDOGAN8.jpg\"  class=\"lightview\"><img loading=\"lazy\" decoding=\"async\" class=\"aligncenter size-full wp-image-20982\" src=\"http:\/\/www.korhanyilmaz.com\/wp-content\/uploads\/2010\/04\/ERDOGAN8.jpg\" alt=\"\" width=\"307\" height=\"236\" \/><\/a><\/p>\n<p style=\"text-align: justify;\">Ba\u015fbakan Recep Tayyip Erdo\u011fan, yarg\u0131n\u0131n siyasalla\u015fmad\u0131\u011f\u0131n\u0131, siyasete soyundu\u011funu belirterek, &#8220;Bu i\u015fi bu kadar seviyorsan c\u00fcbbeni \u00e7\u0131kar gel, siyaset meydan\u0131na \u00e7\u0131k. Nas\u0131l olsa bu Anayasa de\u011fi\u015fikli\u011fine kar\u015f\u0131 \u00e7\u0131kan partiler var, onlardan birine kat\u0131l\u0131rs\u0131n, onlarla birlikte bu m\u00fccadeleyi meydanda s\u00fcrd\u00fcr\u00fcrs\u00fcn. \u015eu anda zaten iyot gibi de a\u00e7\u0131\u011fa \u00e7\u0131kt\u0131n\u0131z, kendinizi gizleyecek bir yeriniz de kalmad\u0131&#8221; dedi.<!--more--><\/p>\n<p style=\"text-align: justify;\">Ba\u015fbakan Erdo\u011fan, M\u00fcstakil Sanayici ve \u0130\u015fadamlar\u0131 Derne\u011finin (M\u00dcS\u0130AD) Hali\u00e7 Kongre ve K\u00fclt\u00fcr Merkezi&#8217;nde ger\u00e7ekle\u015ftirilen 19. Ola\u011fan Genel Kurul Toplant\u0131s\u0131&#8217;nda yapt\u0131\u011f\u0131 konu\u015fmada, milletin daha ileri demokrasi, \u00e7a\u011fda\u015f hukuk sistemi, kanun devleti de\u011fil, hukuk devleti iradesine ipotek konulmamas\u0131n\u0131, se\u00e7ti\u011fi temsilcilerinin \u00f6n\u00fcn\u00fcn kesilmemesini istedi\u011fini s\u00f6yledi.<\/p>\n<p style=\"text-align: justify;\">Bu bilin\u00e7le hareket ettiklerini, Anayasa de\u011fi\u015fikli\u011finin de bunu getirdi\u011fini belirten Erdo\u011fan, s\u00f6zlerine \u015f\u00f6yle devam etti:<\/p>\n<p style=\"text-align: justify;\">&#8220;Ama \u00e7ok enteresan, yarg\u0131 \u015fu anda feryat ediyor. Bak\u0131yorsunuz ki bizden \u00e7ok siyaset\u00e7i olmu\u015flar. Hani yarg\u0131 siyasalla\u015fm\u0131\u015ft\u0131? Yarg\u0131 siyasalla\u015fmad\u0131, yarg\u0131 siyasete soyundu. \u015eu anda fark bu&#8230; Bak\u0131yorsunuz gayet rahat bir \u015fekilde siyasete m\u00fcdahale edip, \u015funu da s\u00f6yleyebiliyorlar; vatanda\u015flara \u00e7a\u011fr\u0131 yap\u0131p &#8216;Sak\u0131n bu Anayasa de\u011fi\u015fikli\u011fini desteklemeyin&#8217;, parlamentoya \u00e7a\u011fr\u0131 yap\u0131p &#8216;Sak\u0131n bu Anayasa de\u011fi\u015fikli\u011fini desteklemeyin&#8217;&#8230; Bir yarg\u0131 mensubu b\u00f6yle bir \u00e7a\u011fr\u0131 yapabilir mi?<\/p>\n<p style=\"text-align: justify;\">Bu i\u015fi bu kadar seviyorsan c\u00fcbbeni \u00e7\u0131kar gel siyaset meydan\u0131na \u00e7\u0131k. Bu i\u015f b\u00f6yle yap\u0131l\u0131r. Nas\u0131l olsa bu Anayasa de\u011fi\u015fikli\u011fine kar\u015f\u0131 \u00e7\u0131kan partiler var, onlardan birine kat\u0131l\u0131rs\u0131n, onlarla birlikte bu m\u00fccadeleyi meydanda s\u00fcrd\u00fcr\u00fcrs\u00fcn. \u015eu anda zaten iyot gibi de a\u00e7\u0131\u011fa \u00e7\u0131kt\u0131n\u0131z, kendinizi gizleyecek bir yeriniz de kalmad\u0131. Siyasi arenada olanlar\u0131n yapt\u0131klar\u0131 a\u00e7\u0131klamalarla sizin a\u00e7\u0131klamalar\u0131n\u0131z birebir, kelimesi kelimesine \u00f6rt\u00fc\u015f\u00fcyor. Kendinizi art\u0131k gizleyemezsiniz. Art\u0131k bu kadar\u0131na da pes&#8230;&#8221;<\/p>\n<p style=\"text-align: justify;\">Erdo\u011fan, hi\u00e7bir AB \u00fcyesi \u00fclkesinde yarg\u0131 kurumlar\u0131n\u0131n T\u00fcrkiye&#8217;deki gibi olu\u015fmad\u0131\u011f\u0131n\u0131 ifade ederek, Avrupa \u00fclkelerinde HSYK, Yarg\u0131tay, Dan\u0131\u015ftay ve Anayasa Mahkemesi atamalar\u0131n\u0131n parlamento, senato, meclis, ba\u015fkan, ba\u015fbakan ve bakanlar kurulunca atand\u0131\u011f\u0131n\u0131 anlatt\u0131.<\/p>\n<p style=\"text-align: justify;\"><strong>&#8220;Buyursunlar aksini iddia etsinler&#8230;&#8221; <\/strong><\/p>\n<p style=\"text-align: justify;\">Ba\u015fbakan Erdo\u011fan, &#8220;Buyursunlar bize aksini iddia etsinler. Amerika&#8217;da ba\u015fkan atama yap\u0131yor ama bizde b\u00f6yle bir \u015fey var m\u0131? Bizde buna tahamm\u00fcl bile edemiyorlar, ad\u0131n\u0131n duyulmas\u0131n\u0131 istemiyorlar. En sonunda l\u00fctfettiler dediler ki &#8216;Adalet Bakan\u0131 kals\u0131n ama m\u00fcste\u015far \u00e7\u0131ks\u0131n&#8217;&#8230; Ne kadar g\u00fczel bir teklif. \u015eimdi bir de pazarl\u0131\u011fa oturaca\u011f\u0131z. Biz burada millet ad\u0131na var\u0131z. Biz bu konuyu milletle konu\u015ftuk ve yine milletle konu\u015faca\u011f\u0131z.&#8221;<\/p>\n<p style=\"text-align: justify;\"><strong>Muhalefete ele\u015ftiriler&#8230; <\/strong><\/p>\n<p style=\"text-align: justify;\">Kendileri daha &#8220;Anayasa&#8221; demeden muhalefetin &#8220;Anayasa Mahkemesi&#8221; demeye ba\u015flad\u0131\u011f\u0131n\u0131 ifade eden Erdo\u011fan, \u015f\u00f6yle devam etti:<\/p>\n<p style=\"text-align: justify;\">&#8220;Hat\u0131rlay\u0131n, &#8216;biz bunu Anayasa Mahkemesi&#8217;ne g\u00f6t\u00fcrece\u011fiz&#8217; dediler. Ya dur daha bir \u015fey yok ortada, \u00e7\u0131karmad\u0131k, g\u00f6stermedik. &#8216;Bir g\u00f6sterelim, bak size de getirece\u011fiz bunu&#8217; dedik. Daha o g\u00fcnden ba\u015flad\u0131. Hemen stat\u00fckoya s\u0131ms\u0131k\u0131 sar\u0131ld\u0131lar. Stat\u00fckonun durumunu da sizler nedir ne de\u011fildir gayet iyi biliyorsunuz. Meclisin iradesini, milletin iradesini mahkemelik yapmak, mahkeme kap\u0131s\u0131na ta\u015f\u0131mak ancak bu CHP&#8217;ye yak\u0131\u015f\u0131r. Yapmak yerine y\u0131kmak, katk\u0131da bulunmak yerine engel \u00e7\u0131karmak, kolayla\u015ft\u0131rmak yerine zorla\u015ft\u0131rmak, ta\u015f\u0131n alt\u0131na elini koymak yerine duvarlar \u00f6rmek ancak bu CHP&#8217;nin siyaset tarz\u0131d\u0131r.&#8221;<\/p>\n<p style=\"text-align: justify;\">T\u00fcrkiye&#8217;nin de\u011fi\u015fim iradesinin art\u0131k daha fazla ertelenemeyece\u011fini ifade eden Erdo\u011fan, T\u00fcrkiye&#8217;nin sudan sebeplerle, sudan bahanelerde art\u0131k daha fazla oyalanamayaca\u011f\u0131n\u0131, daha fazla vaktini heba edemeyece\u011fini s\u00f6yledi. Erdo\u011fan, &#8220;Kendi ki\u015fisel iktidarlar\u0131n\u0131, kendi k\u00fc\u00e7\u00fck ikballerini kaybetme kayg\u0131s\u0131nda olanlar T\u00fcrkiye&#8217;nin bu kutlu y\u00fcr\u00fcy\u00fc\u015f\u00fcne art\u0131k daha fazla engel olamazlar&#8221; dedi.<\/p>\n<p style=\"text-align: justify;\"><strong>&#8220;Son karar\u0131 millet verir&#8221; <\/strong><\/p>\n<p style=\"text-align: justify;\">Ba\u015fbakan Erdo\u011fan, &#8220;Yarg\u0131 ku\u015fat\u0131l\u0131yor&#8221; diye feryat edenlerin, Avrupa&#8217;da Amerika&#8217;da, geli\u015fmi\u015f modern \u00fclkelerde y\u00fcksek yarg\u0131n\u0131n nas\u0131l yap\u0131land\u0131\u011f\u0131n\u0131 okumalar\u0131 gerekti\u011fini belirtti.<\/p>\n<p style=\"text-align: justify;\">Kendilerini bulunduklar\u0131 yere milletin getirdi\u011fini, milletin emanetini ta\u015f\u0131d\u0131klar\u0131n\u0131 ifade eden Erdo\u011fan, &#8220;E\u011fer milletin Meclisi anayasa de\u011fi\u015fikli\u011fi konusunda iyi bir s\u0131nav vermezse, veremezse i\u015fte o zaman ba\u015fvurulacak yegane merci de millettir. Son s\u00f6z\u00fc millet s\u00f6yler, son karar\u0131 milletimiz verir&#8221; dedi.<\/p>\n<p style=\"text-align: justify;\"><strong>B\u00dcY\u00dcME RAKAMLARINA E\u015eLE\u015eT\u0130R\u0130LER <\/strong><\/p>\n<p style=\"text-align: justify;\">Erdo\u011fan, b\u00fcy\u00fcme rakamlar\u0131n\u0131 evire \u00e7evire h\u00fck\u00fcmet aleyhtar\u0131 bir kampanyan\u0131n malzemesi yapmak i\u00e7in \u00e7ok yo\u011fun gayret ve \u00e7aba sarf edildi\u011fini belirterek, &#8220;Ba\u015f\u0131n\u0131 kuma g\u00f6men karanl\u0131ktan ba\u015fka hi\u00e7bir \u015fey g\u00f6rmez, g\u00f6remez. \u0130\u015fte bunlar ba\u015flar\u0131n\u0131 kuma g\u00f6mm\u00fc\u015fler, halen karanl\u0131k zannediyorlar&#8221; dedi.<\/p>\n<p style=\"text-align: justify;\">K\u00fcresel finans krizine ra\u011fmen 2008&#8217;den 2009&#8217;a Libya, L\u00fcbnan, Malezya ve Pakistan gibi \u00fclkelere ihracat\u0131n azalmad\u0131\u011f\u0131n\u0131, tersine art\u0131\u015f kaydetti\u011fini ifade eden Erdo\u011fan, d\u00fcnya genelinde d\u0131\u015f ticaret ciddi oranlarda daralma ya\u015farken, T\u00fcrkiye&#8217;nin 2009 y\u0131l\u0131n\u0131 102 milyar dolar ihracat rakam\u0131yla kapatmay\u0131 ba\u015fard\u0131\u011f\u0131n\u0131 anlatt\u0131.<\/p>\n<p style=\"text-align: justify;\">Ba\u015fbakan Erdo\u011fan, &#8220;T\u00fcrkiye art\u0131k devler liginde oynuyor. T\u00fcrkiye art\u0131k potansiyelini, g\u00fcc\u00fcn\u00fc, zenginli\u011fini en verimli \u015fekilde de\u011ferlendiriyor, siyasi ve ekonomik anlamda bir d\u00fcnya \u00fclkesi haline geliyor. T\u00fcrkiye her yerde bar\u0131\u015f\u0131n, huzurun, istikrar\u0131n ad\u0131 oluyor&#8221; dedi.<\/p>\n<p style=\"text-align: justify;\">Erdo\u011fan, 31 Martta 2009 y\u0131l\u0131 d\u00f6rd\u00fcnc\u00fc \u00e7eyrek b\u00fcy\u00fcm\u00fc rakamlar\u0131n\u0131n a\u00e7\u0131kland\u0131\u011f\u0131n\u0131 an\u0131msatarak, \u015f\u00f6yle devam etti:<\/p>\n<p style=\"text-align: justify;\">&#8220;T\u00fcrkiye ekonomisi 2009&#8217;un son \u00e7eyre\u011finde y\u00fczde 6 oran\u0131nda b\u00fcy\u00fcme kaydetti ve 2009&#8217;un tamam\u0131nda daralma y\u00fczde 4,7 olarak ger\u00e7ekle\u015fti. \u015eimdi birka\u00e7 g\u00fcnd\u00fcr yorumlara bak\u0131yorsunuz, son derece zorlama bir tav\u0131rla, kas\u0131tl\u0131 bir \u015fekilde yeniden bir karamsarl\u0131k pompalama kampanyas\u0131n\u0131n ba\u015flat\u0131ld\u0131\u011f\u0131n\u0131 g\u00f6r\u00fcyoruz. 3 g\u00fcnd\u00fcr b\u00fcy\u00fcme rakamlar\u0131n\u0131 evire \u00e7evire h\u00fck\u00fcmet aleyhtar\u0131 bir kampanyan\u0131n malzemesi yapmak i\u00e7in \u00e7ok yo\u011fun gayret ve \u00e7aba oldu\u011funu g\u00f6r\u00fcyoruz. Ba\u015f\u0131n\u0131 kuma g\u00f6men karanl\u0131ktan ba\u015fka hi\u00e7bir \u015fey g\u00f6rmez, g\u00f6remez. \u0130\u015fte bunlar ba\u015flar\u0131n\u0131 kuma g\u00f6mm\u00fc\u015fler, halen karanl\u0131k zannediyorlar.<\/p>\n<p style=\"text-align: justify;\">Bu nas\u0131l bir kindir, nefrettir? Bu kendi \u00fclkesine kar\u015f\u0131 nas\u0131l bir husumet hissidir? &#8216;T\u00fcrkiye filan \u00fclkeden bile daha k\u00f6t\u00fc&#8217; diye man\u015fet at\u0131yorlar. Hangi \u00fclke bu? Yunanistan. Eline diline dursun. \u0130nsaf, olanlar\u0131 g\u00f6rm\u00fcyor musunuz? O \u00fclkenin sorunu b\u00fcy\u00fcme de\u011fil, o \u00fclkenin sorunu artan b\u00fct\u00e7e a\u00e7\u0131\u011f\u0131, artan kamu bor\u00e7lar\u0131. A\u00e7\u0131k s\u00f6yl\u00fcyorum, bu sapla saman\u0131 birbirine kar\u0131\u015ft\u0131rmak, elmayla armudu birlikte toplamakt\u0131r. Art niyetin, k\u00f6t\u00fcmserli\u011fin, kin ve husumetin, \u00f6n yarg\u0131lar\u0131n etkisiyle ekonominin temel ilkelerini, g\u00fcne\u015f gibi parlayan ger\u00e7ekleri bile inkar edecek noktaya geliyorlar.&#8221;<\/p>\n<p style=\"text-align: justify;\"><strong>IMF <\/strong><\/p>\n<p style=\"text-align: justify;\">Erdo\u011fan, uzun zaman IMF ile ili\u015fkileri ele\u015ftirenlerin son d\u00f6nemde ni\u00e7in stand-by yap\u0131lmad\u0131\u011f\u0131n\u0131 sordu\u011funu ifade etti. \u00dclke menfaati neyse onu yapt\u0131klar\u0131n\u0131 belirten Erdo\u011fan, s\u00f6zlerini \u015f\u00f6yle s\u00fcrd\u00fcrd\u00fc:<\/p>\n<p style=\"text-align: justify;\">&#8220;Ne IMF ile ili\u015fki kurmay\u0131 b\u00fcy\u00fck bir k\u00f6t\u00fcl\u00fck olarak g\u00f6r\u00fcr\u00fcz ne IMF&#8217;sizli\u011fi yolun sonu olarak de\u011ferlendiririz. Bunu ba\u015f\u0131ndan itibaren net s\u00f6yledik. Biz T\u00fcrkiye&#8217;yi ve T\u00fcrk milletinin menfaatini d\u00fc\u015f\u00fcn\u00fcyoruz. Sadece T\u00fcrkiye&#8217;nin hassasiyetlerini g\u00f6zetiriz. Orta vadeli programda hedefledi\u011fimiz neyse, hi\u00e7bir mazerete s\u0131\u011f\u0131nmadan bu hedefleri yakalayaca\u011f\u0131z.<\/p>\n<p style=\"text-align: justify;\">IMF ile g\u00f6r\u00fc\u015fmelerimizde biz dedik ki &#8216;Siyasi m\u00fcdahale istemiyoruz. Bizimle ekonomiyi, paray\u0131 konu\u015fun ama bize kalk\u0131p da belediyelerle ilgili yard\u0131m\u0131 kald\u0131r\u0131n, gelir idaresini ba\u011f\u0131ms\u0131z hale getirin derseniz kusura bakma. Gelir idaresi \u015fu anda hangi konumdaysa, b\u00f6yle devam edecek. Reforme edilmesi gerekiyorsa bunu biz reforme ederiz. Sizinle biz paray\u0131 konu\u015furuz. Ad\u0131n\u0131z \u00fczere siz Uluslararas\u0131 Para Fonu&#8217;sunuz. Sizinle biz bunu konu\u015furuz ama T\u00fcrkiye&#8217;nin siyasetini sizinle payla\u015fmay\u0131z&#8217; Nitekim de \u00f6yle oldu.&#8221;<\/p>\n<p style=\"text-align: justify;\"><span style=\"color: #888888;\">CNN T\u00dcRK<\/span><\/p>\n","protected":false},"excerpt":{"rendered":"<p style=\"text-align: center;\">\n<p style=\"text-align: justify;\">Ba\u015fbakan Recep Tayyip Erdo\u011fan, yarg\u0131n\u0131n siyasalla\u015fmad\u0131\u011f\u0131n\u0131, siyasete soyundu\u011funu belirterek, &#8220;Bu i\u015fi bu kadar seviyorsan c\u00fcbbeni \u00e7\u0131kar gel, siyaset meydan\u0131na \u00e7\u0131k. Nas\u0131l olsa bu Anayasa de\u011fi\u015fikli\u011fine kar\u015f\u0131 \u00e7\u0131kan partiler var, onlardan birine kat\u0131l\u0131rs\u0131n, onlarla birlikte bu m\u00fccadeleyi meydanda s\u00fcrd\u00fcr\u00fcrs\u00fcn. \u015eu anda zaten iyot gibi de a\u00e7\u0131\u011fa \u00e7\u0131kt\u0131n\u0131z, kendinizi gizleyecek bir yeriniz <\/p>\n","protected":false},"author":1,"featured_media":0,"comment_status":"open","ping_status":"closed","sticky":false,"template":"","format":"standard","meta":{"footnotes":""},"categories":[105],"tags":[],"class_list":["post-20981","post","type-post","status-publish","format-standard","hentry","category-gundem","odd"],"_links":{"self":[{"href":"http:\/\/www.korhanyilmaz.com\/index.php?rest_route=\/wp\/v2\/posts\/20981","targetHints":{"allow":["GET"]}}],"collection":[{"href":"http:\/\/www.korhanyilmaz.com\/index.php?rest_route=\/wp\/v2\/posts"}],"about":[{"href":"http:\/\/www.korhanyilmaz.com\/index.php?rest_route=\/wp\/v2\/types\/post"}],"author":[{"embeddable":true,"href":"http:\/\/www.korhanyilmaz.com\/index.php?rest_route=\/wp\/v2\/users\/1"}],"replies":[{"embeddable":true,"href":"http:\/\/www.korhanyilmaz.com\/index.php?rest_route=%2Fwp%2Fv2%2Fcomments&post=20981"}],"version-history":[{"count":0,"href":"http:\/\/www.korhanyilmaz.com\/index.php?rest_route=\/wp\/v2\/posts\/20981\/revisions"}],"wp:attachment":[{"href":"http:\/\/www.korhanyilmaz.com\/index.php?rest_route=%2Fwp%2Fv2%2Fmedia&parent=20981"}],"wp:term":[{"taxonomy":"category","embeddable":true,"href":"http:\/\/www.korhanyilmaz.com\/index.php?rest_route=%2Fwp%2Fv2%2Fcategories&post=20981"},{"taxonomy":"post_tag","embeddable":true,"href":"http:\/\/www.korhanyilmaz.com\/index.php?rest_route=%2Fwp%2Fv2%2Ftags&post=20981"}],"curies":[{"name":"wp","href":"https:\/\/api.w.org\/{rel}","templated":true}]}}