{"id":2098,"date":"2008-10-24T11:24:09","date_gmt":"2008-10-24T08:24:09","guid":{"rendered":"http:\/\/www.korhanyilmaz.com\/?p=2098"},"modified":"2008-10-24T11:24:09","modified_gmt":"2008-10-24T08:24:09","slug":"97-polis-dizildi-15-iskenceci-teshis-edildi","status":"publish","type":"post","link":"http:\/\/www.korhanyilmaz.com\/?p=2098","title":{"rendered":"97 polis dizildi 15 i\u015fkenceci te\u015fhis edildi"},"content":{"rendered":"<p style=\"text-align: center;\"><img loading=\"lazy\" decoding=\"async\" class=\"size-full wp-image-2099     aligncenter\" title=\"97 polis dizildi 15 i\u015fkenceci te\u015fhis edildi \" src=\"http:\/\/www.korhanyilmaz.com\/wp-content\/uploads\/2008\/10\/960b92933f0de741844e1764x.jpg\" alt=\"\" width=\"475\" height=\"250\" \/><\/p>\n<p style=\"text-align: justify;\">Sar\u0131yer&#8217;de 97 polis, i\u015fkence sonucu \u00f6len \u00c7eber&#8217;in arkada\u015flar\u0131yla y\u00fczle\u015ftirildi. \u00dc\u00e7 gen\u00e7, biri kad\u0131n 15 polisi te\u015fhis edip, &#8220;Tan\u0131nmamak i\u00e7in imaj de\u011fi\u015ftirmi\u015fler&#8221; dedi..<\/p>\n<p style=\"text-align: justify;\">Metris Cezaevi&#8217;nde g\u00f6rd\u00fc\u011f\u00fc i\u015fkence sonucu hayat\u0131n\u0131 kaybetti\u011fi iddia edilen Engin \u00c7eber&#8217;in Sar\u0131yer&#8217;de, birlikte g\u00f6zalt\u0131na al\u0131nd\u0131\u011f\u0131 ve polis merkezinde k\u00f6t\u00fc muamele g\u00f6rd\u00fcklerini anlatan 3 arkada\u015f\u0131 d\u00fcn o g\u00fcn g\u00f6revli 97 polisle y\u00fczle\u015ftirildi. Sar\u0131yer \u0130l\u00e7e Emniyet M\u00fcd\u00fcrl\u00fc\u011f\u00fc&#8217;ne ba\u011fl\u0131 97 polis memuru Bak\u0131rk\u00f6y Adalet Saray\u0131&#8217;na 4 polis minib\u00fcs\u00fc ve Sar\u0131yer Belediyesi&#8217;ne ait bir midib\u00fcsle getirildi. <!--more-->97 polis memuru burada \u00d6zg\u00fcr Karakaya, Cihan G\u00fcn ve Aysu Baykal ile y\u00fczle\u015ftirildi. Soru\u015fturmay\u0131 y\u00fcr\u00fcten Savc\u0131 Cevdet Do\u011fan huzurunda yap\u0131lan te\u015fhise polisler, yap\u0131lan kimlik tespitlerinin ard\u0131ndan 10 ki\u015filik gruplar halinde al\u0131nd\u0131. Y\u00fcz y\u00fcze ger\u00e7ekle\u015ftirilen te\u015fhiste \u00c7eber&#8217;in arkada\u015flar\u0131 biri kad\u0131n olmak \u00fczere 15 polisi te\u015fhis etti. Ceber&#8217;in arkada\u015f\u0131 Baykal, y\u00fczle\u015ftirme s\u0131ras\u0131nda te\u015fhis edilen polis memurlar\u0131n\u0131n bir\u00e7o\u011funun g\u00f6zlerini kendilerinden ka\u00e7\u0131rarak ele verdiklerini, baz\u0131lar\u0131n\u0131n ise sa\u00e7 keserek veya sakal b\u0131rakarak imaj de\u011fi\u015ftirdi\u011fini iddia etti.<\/p>\n<p style=\"text-align: justify;\">&#8216;G\u00dcL\u00dcYORLARDI&#8217;<br \/>\nBaykal ayr\u0131ca te\u015fhis ettikleri memurlardan baz\u0131lar\u0131n\u0131n ise kendilerine g\u00fcld\u00fc\u011f\u00fcn\u00fc s\u00f6yledi. Y\u00fczle\u015ftirmenin ard\u0131ndan \u00c7eber&#8217;in arkada\u015flar\u0131, avukatlar\u0131 Taylan Tanay ve Naciye Demir ile birlikte bas\u0131n a\u00e7\u0131klamas\u0131 yapt\u0131. Ba\u015fta &#8220;cinsel taciz&#8221; su\u00e7u olmak \u00fczere hakaret ve i\u015fkence su\u00e7lamalar\u0131 ile ilgili te\u015fhis yap\u0131ld\u0131\u011f\u0131n\u0131 s\u00f6yleyen Tanay, &#8220;M\u00fcvekkillerim 28-29 Eyl\u00fcl aras\u0131nda ba\u015fta \u0130stinye Polis Merkezi, \u0130stinye Devlet Hastanesi ve Asayi\u015f B\u00fcro Amirli\u011fi olmak \u00fczere 4-5 ayr\u0131 yerde yap\u0131lan i\u015fkenceleri \u00e7ok detayl\u0131 anlatt\u0131&#8221; diye konu\u015ftu. \u0130\u00e7i\u015fleri Bakanl\u0131\u011f\u0131 M\u00fcfetti\u015flerinin yapt\u0131\u011f\u0131 soru\u015fturmay\u0131 yetersiz buldu\u011funu belirten Tanay, &#8220;Ke\u015fke bu te\u015fhis i\u015flemini \u0130\u00e7i\u015fleri Bakanl\u0131\u011f\u0131&#8217;n\u0131n 2 m\u00fcfetti\u015fi yapm\u0131\u015f olsayd\u0131. \u0130ddiay\u0131 bilmiyorken nas\u0131l bir soru\u015fturma yapabilirsiniz? B\u00f6yle bir sa\u00e7mal\u0131k olabilir mi? Ayr\u0131ca Bakanl\u0131k bu zamana kadar ciddi bir soru\u015fturma y\u00fcr\u00fctmedi&#8221; dedi. Tanay ayr\u0131ca bir gazetecinin &#8220;Te\u015fhisin y\u00fcz y\u00fcze yap\u0131lmas\u0131n\u0131n do\u011fru olup olmad\u0131\u011f\u0131&#8221; sorusu \u00fczerine &#8220;Te\u015fhis, soru\u015fturmay\u0131 y\u00fcr\u00fcten savc\u0131n\u0131n \u00f6n\u00fcnde ve bir duru\u015fma salonunda, olmas\u0131 gereken \u015fekilde yap\u0131ld\u0131&#8221; dedi.\n<\/p>\n<p style=\"text-align: justify;\"><span style=\"color: #888888;\">( Sabah )<\/span><\/p>\n","protected":false},"excerpt":{"rendered":"<p style=\"text-align: center;\">\n<p style=\"text-align: justify;\">Sar\u0131yer&#8217;de 97 polis, i\u015fkence sonucu \u00f6len \u00c7eber&#8217;in arkada\u015flar\u0131yla y\u00fczle\u015ftirildi. \u00dc\u00e7 gen\u00e7, biri kad\u0131n 15 polisi te\u015fhis edip, &#8220;Tan\u0131nmamak i\u00e7in imaj de\u011fi\u015ftirmi\u015fler&#8221; dedi..<\/p>\n<p style=\"text-align: justify;\">Metris Cezaevi&#8217;nde g\u00f6rd\u00fc\u011f\u00fc i\u015fkence sonucu hayat\u0131n\u0131 kaybetti\u011fi iddia edilen Engin \u00c7eber&#8217;in Sar\u0131yer&#8217;de, birlikte g\u00f6zalt\u0131na al\u0131nd\u0131\u011f\u0131 ve polis merkezinde k\u00f6t\u00fc muamele g\u00f6rd\u00fcklerini anlatan 3 arkada\u015f\u0131 d\u00fcn o <\/p>\n","protected":false},"author":1,"featured_media":0,"comment_status":"open","ping_status":"open","sticky":false,"template":"","format":"standard","meta":{"footnotes":""},"categories":[105],"tags":[],"class_list":["post-2098","post","type-post","status-publish","format-standard","hentry","category-gundem","odd"],"_links":{"self":[{"href":"http:\/\/www.korhanyilmaz.com\/index.php?rest_route=\/wp\/v2\/posts\/2098","targetHints":{"allow":["GET"]}}],"collection":[{"href":"http:\/\/www.korhanyilmaz.com\/index.php?rest_route=\/wp\/v2\/posts"}],"about":[{"href":"http:\/\/www.korhanyilmaz.com\/index.php?rest_route=\/wp\/v2\/types\/post"}],"author":[{"embeddable":true,"href":"http:\/\/www.korhanyilmaz.com\/index.php?rest_route=\/wp\/v2\/users\/1"}],"replies":[{"embeddable":true,"href":"http:\/\/www.korhanyilmaz.com\/index.php?rest_route=%2Fwp%2Fv2%2Fcomments&post=2098"}],"version-history":[{"count":0,"href":"http:\/\/www.korhanyilmaz.com\/index.php?rest_route=\/wp\/v2\/posts\/2098\/revisions"}],"wp:attachment":[{"href":"http:\/\/www.korhanyilmaz.com\/index.php?rest_route=%2Fwp%2Fv2%2Fmedia&parent=2098"}],"wp:term":[{"taxonomy":"category","embeddable":true,"href":"http:\/\/www.korhanyilmaz.com\/index.php?rest_route=%2Fwp%2Fv2%2Fcategories&post=2098"},{"taxonomy":"post_tag","embeddable":true,"href":"http:\/\/www.korhanyilmaz.com\/index.php?rest_route=%2Fwp%2Fv2%2Ftags&post=2098"}],"curies":[{"name":"wp","href":"https:\/\/api.w.org\/{rel}","templated":true}]}}