{"id":20978,"date":"2010-04-03T16:21:33","date_gmt":"2010-04-03T13:21:33","guid":{"rendered":"http:\/\/www.korhanyilmaz.com\/?p=20978"},"modified":"2010-04-03T16:21:33","modified_gmt":"2010-04-03T13:21:33","slug":"baykal-iyot-gibi-aciga-cikan-hukumetin-niyeti","status":"publish","type":"post","link":"http:\/\/www.korhanyilmaz.com\/?p=20978","title":{"rendered":"Baykal: &#8220;\u0130yot gibi a\u00e7\u0131\u011fa \u00e7\u0131kan h\u00fck\u00fcmetin niyeti&#8221;"},"content":{"rendered":"<p style=\"text-align: justify;\"><a href=\"http:\/\/www.korhanyilmaz.com\/wp-content\/uploads\/2010\/04\/baykal11.jpg\"  class=\"lightview\"><img loading=\"lazy\" decoding=\"async\" class=\"aligncenter size-full wp-image-20979\" src=\"http:\/\/www.korhanyilmaz.com\/wp-content\/uploads\/2010\/04\/baykal11.jpg\" alt=\"\" width=\"307\" height=\"236\" \/><\/a><\/p>\n<p style=\"text-align: justify;\">CHP Genel Ba\u015fkan\u0131 Deniz Baykal, Ba\u015fbakan Erdo\u011fan&#8217;\u0131n Yarg\u0131tay Ba\u015fkan\u0131 Hasan Ger\u00e7eker&#8217;in Anayasa de\u011fi\u015fikli\u011fiyle ilgili ele\u015ftirilerini de\u011ferlendirirken &#8220;Yarg\u0131tay ve muhalefetin ele\u015ftirileri birbiriyle \u00f6rt\u00fc\u015f\u00fcyor. \u0130yot gibi a\u00e7\u0131\u011fa \u00e7\u0131kt\u0131lar&#8221; demesini yorumlad\u0131: &#8220;\u0130yot gibi a\u00e7\u0131\u011fa \u00e7\u0131kan bir \u015fey varsa o da h\u00fck\u00fcmetin niyetidir&#8221;<!--more--><\/p>\n<p style=\"text-align: justify;\">Baykal, partisinin il kongresi i\u00e7in Bart\u0131n&#8217;a hareketinden \u00f6nce Esenbo\u011fa Havaliman\u0131&#8217;nda gazetecilerin sorular\u0131n\u0131 yan\u0131tlad\u0131.<\/p>\n<p style=\"text-align: justify;\">CHP lideri, yarg\u0131 mensuplar\u0131 ile muhalefetin anayasa de\u011fi\u015fikli\u011fi teklifi hakk\u0131nda &#8220;ayn\u0131 y\u00f6nde konu\u015fmas\u0131n\u0131n&#8221; ele\u015ftirilmemesi gerekti\u011fini belirtti.<\/p>\n<p style=\"text-align: justify;\">Baykal, &#8220;Ak\u0131l i\u00e7in yol bir. Muhalefet de yarg\u0131 kurulu\u015flar\u0131 da \u00fclkenin g\u00fcndemini yak\u0131ndan izleyen tarafs\u0131z hukuk \u00e7evreleri de anayasa de\u011fi\u015fikli\u011fiyle ilgili projenin alt\u0131nda neyin yatt\u0131\u011f\u0131n\u0131, projenin ne anlama geldi\u011fini ifade ediyor&#8221; dedi.<\/p>\n<p style=\"text-align: justify;\">&#8220;Bu kurulu\u015flar\u0131n ayn\u0131 tespiti yapm\u0131\u015f olmas\u0131n\u0131n gizli bir ittifak\u0131n bulunu\u015funun yans\u0131mas\u0131 olmad\u0131\u011f\u0131n\u0131&#8221; ifade eden Baykal, \u015f\u00f6yle konu\u015ftu:<\/p>\n<p style=\"text-align: justify;\">&#8220;Herkes ne s\u00f6yl\u00fcyor, bu anayasa de\u011fi\u015fikli\u011fi AKP&#8217;nin y\u00fcce divan korkusunu yans\u0131t\u0131yor, AKP, Anayasa Mahkemesi&#8217;nin, bir s\u00fcre sonra gidece\u011fi Y\u00fcce Divan olarak \u00e7al\u0131\u015facak olan bu organ\u0131 kendisine yak\u0131n yarg\u0131\u00e7larla doldurmak istiyor&#8230; Ger\u00e7ek bu, bunun i\u00e7in \u00e7al\u0131\u015f\u0131yorlar. Bu yarg\u0131n\u0131n ba\u011f\u0131ms\u0131zl\u0131\u011f\u0131na ayk\u0131r\u0131d\u0131r. Tarafs\u0131zl\u0131\u011f\u0131na ayk\u0131r\u0131d\u0131r. Anayasan\u0131n \u00f6z\u00fcne ayk\u0131r\u0131d\u0131r. Yanl\u0131\u015f bir i\u015ftir. Bu yanl\u0131\u015f i\u015fi s\u00f6yleyen insanlar kimler?<\/p>\n<p style=\"text-align: justify;\">T\u00fcrkiye&#8217;nin ayd\u0131n hukuk\u00e7ular\u0131 ve muhalefet partileri. Yarg\u0131 ve muhalefetin ayn\u0131 istikamette konu\u015fuyor olmas\u0131 ele\u015ftirilecek bir \u015fey de\u011fil, tam tersine h\u00fck\u00fcmetin bunlardan ders almas\u0131 gerekir. Kendisine \u015funu sormal\u0131d\u0131r, &#8216;Yarg\u0131 \u015funu s\u00f6yl\u00fcyor, siyasi taraflar b\u00f6yle s\u00f6yl\u00fcyor, bunun hakl\u0131 bir taraf\u0131 herhalde vard\u0131r. Bunu anlayal\u0131m, \u00e7are bulal\u0131m&#8217; diye d\u00fc\u015f\u00fcnmesi laz\u0131m. Ama o yarg\u0131 b\u00f6yle s\u00f6yl\u00fcyor, muhalefette b\u00f6yle s\u00f6yl\u00fcyor, bunlar ayn\u0131 anlay\u0131\u015ftalar demeye getiriyor. Ba\u015fbakan&#8217;\u0131n s\u00f6yledi\u011fi \u00e7o\u011fu laflar da PKK&#8217;n\u0131n s\u00f6zleridir. Apo&#8217;nun s\u00f6zlerini bize Ba\u015fbakan s\u00f6yl\u00fcyor. E\u011fer b\u00f6yle paralellik kurulmaya kalk\u0131l\u0131rsa T\u00fcrkiye bir kabusa d\u00f6ner. Zaten bir kabusa d\u00f6nmeye ba\u015flad\u0131. Bunun da temel nedeni, Ba\u015fbakan&#8217;\u0131n bu zihniyetidir.&#8221;<\/p>\n<p style=\"text-align: justify;\"><strong>Van&#8217;daki olay <\/strong><\/p>\n<p style=\"text-align: justify;\">Baykal, d\u00fcn Van&#8217;da kendisine y\u00f6nelik yap\u0131lan sald\u0131r\u0131ya ili\u015fkin de bu konuda yeni bilgiler edindi\u011fini, olay\u0131n BDP ile ilgisinin bulunmad\u0131\u011f\u0131na kesin bir kanaat getirdi\u011fini s\u00f6yledi.<\/p>\n<p style=\"text-align: justify;\">CHP lideri, olay\u0131n ya\u015fand\u0131\u011f\u0131 noktada, Van&#8217;\u0131n BDP&#8217;li belediye ba\u015fkan\u0131 ve il ba\u015fkan\u0131n\u0131n, CHP Merkez Y\u00f6netim Kurulu \u00fcyesine telefon a\u00e7arak olay\u0131n BDP&#8217;yle ilgisinin olmad\u0131\u011f\u0131n\u0131, ya\u015fananlar\u0131 k\u0131nad\u0131klar\u0131n\u0131 ve olay\u0131n hi\u00e7bir \u015fekilde i\u00e7erisinde olmad\u0131klar\u0131n\u0131 s\u00f6ylediklerini aktard\u0131.<\/p>\n<p style=\"text-align: justify;\">Daha sonra yap\u0131lan incelemelerin olay\u0131 a\u00e7\u0131kl\u0131\u011fa kavu\u015fturdu\u011funu ifade eden Baykal, &#8220;Bu AKP&#8217;nin Genel Ba\u015fkan Yard\u0131mc\u0131s\u0131 H\u00fcseyin \u00c7elik&#8217;in uzant\u0131s\u0131, yak\u0131nlar\u0131 olan insanlar\u0131n d\u00fczenledi\u011fi bir tertiptir. Van halk\u0131yla da ilgisi yoktur. \u00c7\u00fcnk\u00fc biz havaalan\u0131ndan \u00e7\u0131kt\u0131k, orada \u00e7ok g\u00fczel kar\u015f\u0131land\u0131k. B\u00fct\u00fcn kenti \u00e7ok s\u0131cak bir ortamda ge\u00e7tik. Selamla\u015farak Vanl\u0131 insanlarla dost\u00e7a bir ili\u015fki ortam\u0131nda kongrenin yap\u0131laca\u011f\u0131 binan\u0131n soka\u011f\u0131na kadar geldik. Oraya kadar hi\u00e7bir i\u015faret, emare yok. S\u0131cak bir Van ortam\u0131&#8230; Organizasyon orada ba\u015flad\u0131. Organizasyonda yaz\u0131l\u0131 pankartlara bakt\u0131k, o pankartlar BDP pankartlar\u0131 de\u011fil. O anlay\u0131\u015f\u0131, terminolojiyi yans\u0131tan pankartalar de\u011fil. AKP yaz\u0131lar\u0131, s\u00f6zler, CHP d\u00fc\u015fmanl\u0131\u011f\u0131&#8230; BDP&#8217;yle ilgisi yok. Bu AKP&#8217;yle ilgili&#8221; diye konu\u015ftu.<\/p>\n<p style=\"text-align: justify;\">Olaydan sonra, AK Parti&#8217;nin, Mart 2009&#8217;daki yerel se\u00e7imlerde aday g\u00f6sterdi\u011fi ki\u015finin ve H\u00fcseyin \u00c7elik&#8217;in akrabalar\u0131n\u0131n bu i\u015fin i\u00e7inde olduklar\u0131n\u0131n tespit edildi\u011fini \u00f6ne s\u00fcren Baykal, s\u00f6zlerini \u015f\u00f6yle s\u00fcrd\u00fcrd\u00fc:<\/p>\n<p style=\"text-align: justify;\">&#8220;\u00c7ok a\u00e7\u0131k biliyoruz, olay budur. Bir AKP organizasyonudur. Bu y\u00f6n\u00fcyle de \u00f6nemlidir. \u00c7\u00fcnk\u00fc 2002&#8217;den bu yana ilk kez AKP sokak sald\u0131r\u0131lar\u0131na girmeye ba\u015flam\u0131\u015ft\u0131r. Cumhuriyet Halk Partisi&#8217;ne kar\u015f\u0131, CHP Genel Ba\u015fkan\u0131&#8217;na kar\u015f\u0131 AKP bir sokak sald\u0131r\u0131s\u0131 d\u00fczenlemi\u015ftir. Bu ilk kez oluyor, \u00f6nemlidir. Bunu s\u0131radan bir halk tepkisi diye izah etmek m\u00fcmk\u00fcn de\u011fildir. B\u00f6yle olmad\u0131\u011f\u0131 \u00e7ok a\u00e7\u0131kt\u0131r. AKP&#8217;nin bu yola ba\u015fvurma zorunda kalmas\u0131, b\u00f6yle bir a\u015famaya gelmesi ger\u00e7ekten \u00fcz\u00fcnt\u00fc vericidir ve T\u00fcrkiye&#8217;nin ne noktada oldu\u011funu ortaya koyan bir olayd\u0131r. \u0130ktidar, h\u00fck\u00fcmet, Ba\u015fbakan kendi y\u00f6netiminde, ana muhalefet partisi genel ba\u015fkan\u0131n\u0131n yapaca\u011f\u0131 bir kongre ziyaretine kar\u015f\u0131 b\u00f6yle bir sokak sald\u0131r\u0131s\u0131n\u0131 d\u00fczenlemenin sorumlulu\u011funu \u00fcstlenmi\u015ftir.<\/p>\n<p style=\"text-align: justify;\">Bug\u00fcne kadar Ba\u015fbakan s\u0131k s\u0131k &#8216;Bunlar Sivas&#8217;\u0131n do\u011fusuna ge\u00e7emez&#8217; diyordu. Biz bunu akl\u0131nca tespit yap\u0131yor diye d\u00fc\u015f\u00fcn\u00fcyorduk. Ba\u015fbakan duruma bak\u0131yor ve muhalefet partilerinin Sivas&#8217;\u0131n do\u011fusuna ge\u00e7emedi\u011fi tespitini yap\u0131yor diye d\u00fc\u015f\u00fcn\u00fcyorduk. Ama \u015fimdi anla\u015f\u0131l\u0131yor ki Ba\u015fbakan bunlar Sivas&#8217;\u0131n do\u011fusuna ge\u00e7emez derken yapmak istedi\u011fi tespit de\u011fil, tehditmi\u015f. &#8216;Ge\u00e7emezsiniz&#8217; diyormu\u015f, bir meydan okuyormu\u015f, &#8216;sizi oraya ge\u00e7irtmem&#8217; diyormu\u015f. Ge\u00e7memiz halinde bundan mutluluk duymas\u0131 gereken, bundan sevin\u00e7 duymas\u0131 gereken Ba\u015fbakan ve ona yak\u0131n olan medya kurulu\u015flar\u0131 bunu bir sevin\u00e7li de\u011ferlendirdikleri olay haline d\u00f6n\u00fc\u015ft\u00fcrd\u00fcler.<\/p>\n<p style=\"text-align: justify;\">E\u011fer bu bir tespit olmu\u015f olsayd\u0131, Ba\u015fbakan&#8217;\u0131n bundan \u00fcz\u00fcnt\u00fc duymas\u0131 gerekirdi, bunu ortadan kald\u0131rmak i\u00e7in sorumluluk ta\u015f\u0131d\u0131\u011f\u0131n\u0131 bilmeliydi, ama Ba\u015fbakan o zamanda bunu g\u00fclerek, iftiharla s\u00f6yl\u00fcyordu. Halbuki \u00f6yle bir tespitin onun iktidar\u0131 d\u00f6neminde yap\u0131labilmi\u015f olmas\u0131 onun sorumlulu\u011fudur, zafiyetidir. Bunu dahi ona g\u00f6sterememi\u015ftik, \u015fimdi g\u00f6r\u00fcyorum ki &#8216;muhalefetin Sivas&#8217;\u0131n do\u011fusuna ge\u00e7mesi kar\u015f\u0131s\u0131nda \u00fcz\u00fcnt\u00fcye s\u00fcr\u00fcklenmi\u015ftir, bunu engellemek i\u00e7in her t\u00fcrl\u00fc giri\u015fimi yapm\u0131\u015flard\u0131r.<\/p>\n<p style=\"text-align: justify;\">Ba\u015fbakan &#8216;Sivas&#8217;\u0131n do\u011fusuna ge\u00e7emezler&#8217; diyor, Ba\u015fbakan&#8217;\u0131n Genel Ba\u015fkan Yard\u0131mc\u0131s\u0131n\u0131n yak\u0131nlar\u0131 biz oraya gitti\u011fimiz zaman ta\u015fl\u0131 sald\u0131r\u0131larla, sokak sald\u0131r\u0131lar\u0131yla bunu engellemeye \u00e7al\u0131\u015f\u0131yor. Bu h\u00fck\u00fcmetin i\u00e7inde bulundu\u011fu manzaray\u0131 \u00e7ok a\u00e7\u0131k \u015fekilde g\u00f6steriyor.&#8221;<\/p>\n<p style=\"text-align: justify;\">&#8220;Sahte belgeyle anayasa de\u011fi\u015fikli\u011fi yap\u0131l\u0131r m\u0131?&#8221;<\/p>\n<p style=\"text-align: justify;\">Deniz Baykal, AK Parti&#8217;nin anayasa de\u011fi\u015fikli\u011fi teklifinde TBMM Ba\u015fkan\u0131 Mehmet Ali \u015eahin&#8217;in imzas\u0131n\u0131n yer ald\u0131\u011f\u0131 iddialar\u0131n\u0131n hat\u0131rlat\u0131larak, &#8220;AK Parti teklifi geri mi \u00e7ekmeli?&#8221; sorusu \u00fczerine \u015fu yan\u0131t\u0131 verdi:<\/p>\n<p style=\"text-align: justify;\">&#8220;AKP&#8217;nin akl\u0131 ba\u015f\u0131nda unsurlar\u0131, geri \u00e7ekmemenin ciddi sonu\u00e7lar do\u011furaca\u011f\u0131n\u0131 g\u00f6rerek, &#8216;gerekirse onu da yapar\u0131z&#8217; demeye ba\u015flad\u0131lar. Ortada me\u015fru bir anayasa de\u011fi\u015fiklik \u00f6nerisi TBMM&#8217;ye sunulabilmi\u015f de\u011fildir. Daha o s\u00fcre\u00e7 ba\u015flamam\u0131\u015ft\u0131r, y\u00fczlerine g\u00f6zlerine bula\u015ft\u0131rm\u0131\u015flard\u0131r. Tam bir da\u011f\u0131n\u0131kl\u0131k, \u015fa\u015fk\u0131nl\u0131k, tutars\u0131zl\u0131k i\u00e7inde hareket etmi\u015flerdir. Bunu \u00f6rtbas etmeye \u00e7al\u0131\u015ft\u0131lar. \u0130mza orada duruyor, imza at\u0131lm\u0131\u015ft\u0131r. &#8216;\u0130mza atmad\u0131m&#8217; diyor Meclis Ba\u015fkan\u0131, kim att\u0131 o imzay\u0131? Onun imzas\u0131, imzay\u0131 atmad\u0131m derken Anayasa de\u011fi\u015fikli\u011fi i\u00e7in atmad\u0131m diyor.<\/p>\n<p style=\"text-align: justify;\">Sen, anayasa de\u011fi\u015fikli\u011fi i\u00e7in atmad\u0131n da o imzay\u0131 anayasa de\u011fi\u015fikli\u011fi i\u00e7in kimler koydu. Senin atmad\u0131\u011f\u0131n\u0131 s\u00f6yledi\u011fin imzayla anayasa de\u011fi\u015fikli\u011fi teklifi yap\u0131l\u0131rsa ne oldu. &#8216;\u00c7izer ge\u00e7eriz&#8217; diyorlar, hay\u0131r \u00e7izip ge\u00e7emezsin. Haz\u0131r, blok imzalarla anayasa de\u011fi\u015fikli\u011fi teklifi yap\u0131lmaz, grup yapmaz. Oradaki her imza &#8216;evet, ben yukar\u0131da \u00f6nerilen anayasa de\u011fi\u015fikli\u011fi maddelerinin bu \u015fekilde de\u011fi\u015ftirilmesi i\u00e7in harekete ge\u00e7iyorum&#8217; diye imza atar.<\/p>\n<p style=\"text-align: justify;\">De\u011fi\u015fikli\u011fe kar\u015f\u0131 olanlar\u0131n bile imzas\u0131n\u0131 koydular. Ba\u015ftan a\u015fa\u011f\u0131ya sahte, her \u015fey sahte. Bu ortaya \u00e7\u0131kt\u0131, sahte belgeyle anayasa de\u011fi\u015fikli\u011fi yap\u0131l\u0131r m\u0131? De\u011fi\u015ftireceklerdir, de\u011fi\u015ftirmek zorundad\u0131rlar. Nas\u0131l &#8216;Amerika&#8217;ya gideceksiniz&#8217; dedim Sal\u0131 g\u00fcn\u00fc ve Amerika&#8217;ya gidiyor Ba\u015fbakan, \u015fimdi bunu da de\u011fi\u015ftireceklerdir. Bunun de\u011fi\u015fmemesi \u00e7ok \u00f6nemli sonu\u00e7lar do\u011furur.&#8221;<\/p>\n<p style=\"text-align: justify;\"><span style=\"color: #888888;\">CNN T\u00dcRK<\/span><\/p>\n","protected":false},"excerpt":{"rendered":"<p style=\"text-align: justify;\">\n<p style=\"text-align: justify;\">CHP Genel Ba\u015fkan\u0131 Deniz Baykal, Ba\u015fbakan Erdo\u011fan&#8217;\u0131n Yarg\u0131tay Ba\u015fkan\u0131 Hasan Ger\u00e7eker&#8217;in Anayasa de\u011fi\u015fikli\u011fiyle ilgili ele\u015ftirilerini de\u011ferlendirirken &#8220;Yarg\u0131tay ve muhalefetin ele\u015ftirileri birbiriyle \u00f6rt\u00fc\u015f\u00fcyor. \u0130yot gibi a\u00e7\u0131\u011fa \u00e7\u0131kt\u0131lar&#8221; demesini yorumlad\u0131: &#8220;\u0130yot gibi a\u00e7\u0131\u011fa \u00e7\u0131kan bir \u015fey varsa o da h\u00fck\u00fcmetin niyetidir&#8221;<\/p>\n","protected":false},"author":1,"featured_media":0,"comment_status":"open","ping_status":"closed","sticky":false,"template":"","format":"standard","meta":{"footnotes":""},"categories":[105],"tags":[],"class_list":["post-20978","post","type-post","status-publish","format-standard","hentry","category-gundem","odd"],"_links":{"self":[{"href":"http:\/\/www.korhanyilmaz.com\/index.php?rest_route=\/wp\/v2\/posts\/20978","targetHints":{"allow":["GET"]}}],"collection":[{"href":"http:\/\/www.korhanyilmaz.com\/index.php?rest_route=\/wp\/v2\/posts"}],"about":[{"href":"http:\/\/www.korhanyilmaz.com\/index.php?rest_route=\/wp\/v2\/types\/post"}],"author":[{"embeddable":true,"href":"http:\/\/www.korhanyilmaz.com\/index.php?rest_route=\/wp\/v2\/users\/1"}],"replies":[{"embeddable":true,"href":"http:\/\/www.korhanyilmaz.com\/index.php?rest_route=%2Fwp%2Fv2%2Fcomments&post=20978"}],"version-history":[{"count":0,"href":"http:\/\/www.korhanyilmaz.com\/index.php?rest_route=\/wp\/v2\/posts\/20978\/revisions"}],"wp:attachment":[{"href":"http:\/\/www.korhanyilmaz.com\/index.php?rest_route=%2Fwp%2Fv2%2Fmedia&parent=20978"}],"wp:term":[{"taxonomy":"category","embeddable":true,"href":"http:\/\/www.korhanyilmaz.com\/index.php?rest_route=%2Fwp%2Fv2%2Fcategories&post=20978"},{"taxonomy":"post_tag","embeddable":true,"href":"http:\/\/www.korhanyilmaz.com\/index.php?rest_route=%2Fwp%2Fv2%2Ftags&post=20978"}],"curies":[{"name":"wp","href":"https:\/\/api.w.org\/{rel}","templated":true}]}}