{"id":20962,"date":"2010-04-01T18:10:37","date_gmt":"2010-04-01T15:10:37","guid":{"rendered":"http:\/\/www.korhanyilmaz.com\/?p=20962"},"modified":"2010-04-01T18:10:37","modified_gmt":"2010-04-01T15:10:37","slug":"sahin-imzasina-gul-yorumu-varsa-cizik-atilir","status":"publish","type":"post","link":"http:\/\/www.korhanyilmaz.com\/?p=20962","title":{"rendered":"&#8220;\u015eahin imzas\u0131&#8221;na G\u00fcl yorumu: &#8220;Varsa \u00e7izik at\u0131l\u0131r&#8221;"},"content":{"rendered":"<p style=\"text-align: center;\"><a href=\"http:\/\/www.korhanyilmaz.com\/wp-content\/uploads\/2010\/04\/GUL6.jpg\"  class=\"lightview\"><img loading=\"lazy\" decoding=\"async\" class=\"aligncenter size-full wp-image-20963\" src=\"http:\/\/www.korhanyilmaz.com\/wp-content\/uploads\/2010\/04\/GUL6.jpg\" alt=\"\" width=\"346\" height=\"266\" \/><\/a><\/p>\n<p style=\"text-align: justify;\">Cumhurba\u015fkan\u0131 Abdullah G\u00fcl, CHP&#8217;nin &#8220;Paketi TBMM Ba\u015fkan\u0131 Mehmet Ali \u015eahin de imzalad\u0131&#8221; iddias\u0131n\u0131 Pakistan&#8217;da yorumlad\u0131: &#8220;Varsa \u00fczerine \u00e7izik at\u0131l\u0131r.&#8221;<\/p>\n<p style=\"text-align: justify;\">Cumhurba\u015fkan\u0131 G\u00fcl, Lahor&#8217;da konaklad\u0131\u011f\u0131 Pearl Continental Otel&#8217;de ziyaretini izleyen T\u00fcrk bas\u0131n mensuplar\u0131yla sohbet toplant\u0131s\u0131 d\u00fczenledi. <!--more--><\/p>\n<p style=\"text-align: justify;\">G\u00fcl&#8217;e, Anayasa de\u011fi\u015fikli\u011fi \u00e7al\u0131\u015fmalar\u0131 hat\u0131rlat\u0131larak, CHP&#8217;nin Anayasa de\u011fi\u015fiklik teklifinde Antalya Milletvekili olarak TBMM Ba\u015fkan\u0131 Mehmet Ali \u015eahin&#8217;in imzas\u0131n\u0131n bulundu\u011fu y\u00f6n\u00fcndeki iddialar\u0131na ili\u015fkin de\u011ferlendirmesi soruldu.<\/p>\n<p style=\"text-align: justify;\">Bu s\u0131rada araya giren Tar\u0131m ve K\u00f6yi\u015fleri Bakan\u0131 Mehdi Eker, CHP&#8217;nin bu y\u00f6nde bir iddiada bulundu\u011funu ancak bu iddian\u0131n \u015eahin ve Anayasa Komisyonu Ba\u015fkan\u0131 Burhan Kuzu taraf\u0131ndan yalanland\u0131\u011f\u0131n\u0131 s\u00f6yledi.<\/p>\n<p style=\"text-align: justify;\">Cumhurba\u015fkan\u0131 G\u00fcl de, &#8220;\u0130mza varsa \u00fczerine \u00e7izik at\u0131l\u0131r&#8221; ifadesini kulland\u0131.<\/p>\n<p style=\"text-align: justify;\">Anayasa de\u011fi\u015fikli\u011fi tart\u0131\u015fmalar\u0131yla ilgili G\u00fcl, &#8220;\u015eu bir ger\u00e7ek ki T\u00fcrkiye&#8217;de be\u011feniriz be\u011fenmeyiz hukuki bir \u00e7er\u00e7eve var, itiraz mekanizmalar\u0131, nihai karar mekanizmalar\u0131 var. Bunlar neticeye ula\u015facakt\u0131r. Herkes birbiriyle m\u00fccadele edebilir ama \u00f6nemli olan k\u0131r\u0131c\u0131 olmamak. Ben bu konuyla ilgili iki temel kural\u0131 s\u00f6ylemi\u015ftim. Bunlar Anayasa de\u011fi\u015fikli\u011finin kamuoyu vicdan\u0131n\u0131 kar\u015f\u0131lamas\u0131 ve AB kriterlerine oturmas\u0131&#8221; dedi.<\/p>\n<p style=\"text-align: justify;\">G\u00fcl, Anayasa de\u011fi\u015fikli\u011fi teklifinde kendisine tan\u0131nan yetkiler hakk\u0131ndaki g\u00f6r\u00fc\u015f\u00fcn\u00fcn sorulmas\u0131 \u00fczerine de bu konuda daha \u00f6nce a\u00e7\u0131klama yapt\u0131\u011f\u0131n\u0131, Anayasa Mahkemesi&#8217;ne iki sivil vatanda\u015f\u0131n atanmas\u0131 konusunu ger\u00e7ek\u00e7i bulmad\u0131\u011f\u0131n\u0131 s\u00f6yledi\u011fini an\u0131msatt\u0131. Bu maddenin tekliften \u00e7\u0131kar\u0131ld\u0131\u011f\u0131n\u0131n belirtilmesi \u00fczerine de G\u00fcl, &#8220;\u0130yi yapm\u0131\u015flar&#8221; dedi.<\/p>\n<p style=\"text-align: justify;\"><strong>CHP&#8217;nin iddias\u0131 neydi? <\/strong><\/p>\n<p style=\"text-align: justify;\">CHP Grup Ba\u015fkanvekili Hakk\u0131 Suha Okay, d\u00fcn yapt\u0131\u011f\u0131 a\u00e7\u0131klamada, TBMM Ba\u015fkanl\u0131\u011f\u0131&#8217;na sunulan Anayasa de\u011fi\u015fiklik teklifinin, daha \u00f6nce milletvekillerinin haz\u0131r halde bulunan imzalar\u0131yla sunuldu\u011funu ve bu imzalar\u0131n i\u00e7inde, TBMM Ba\u015fkan\u0131 Mehmet Ali \u015eahin&#8217;in de Antalya Milletvekili olarak imzas\u0131n\u0131n bulundu\u011funu \u00f6ne s\u00fcrd\u00fc.<\/p>\n<p style=\"text-align: justify;\">Cumhurba\u015fkan\u0131 Vekili ve TBMM Ba\u015fkan\u0131 Mehmet Ali \u015eahin ise bug\u00fcn iddiay\u0131 yalanlayarak, anayasa de\u011fi\u015fiklik teklifinde imzas\u0131n\u0131n olmad\u0131\u011f\u0131n\u0131 belirtti.<\/p>\n<p style=\"text-align: justify;\"><strong><span style=\"color: #993300;\">PAK\u0130STAN TEMASLARI<\/span><\/strong><\/p>\n<p style=\"text-align: justify;\">Cumhurba\u015fkan\u0131 Abdullah G\u00fcl, Lahor&#8217;daki temaslar\u0131 \u00e7er\u00e7evesinde, Pencap Eyaleti Ba\u015fbakan\u0131 \u015eahbaz \u015eerif ve karde\u015fi Pakistan M\u00fcsl\u00fcman Ligi (PML-N) lideri Navaz \u015eerif ile bir araya geldi.<\/p>\n<p style=\"text-align: justify;\">\u015eahbaz \u015eerif&#8217;in konutunda, \u015eahbaz \u015eerif ve Navaz \u015eerif ile bir s\u00fcre ba\u015f ba\u015fa g\u00f6r\u00fc\u015fen Cumhurba\u015fkan\u0131 G\u00fcl, daha sonra Eyalet Ba\u015fbakan\u0131 \u015eerif taraf\u0131ndan onuruna verilen \u00f6\u011fle yeme\u011fine kat\u0131ld\u0131.<\/p>\n<p style=\"text-align: justify;\">G\u00f6r\u00fc\u015fme ve yemek bas\u0131na kapal\u0131 ger\u00e7ekle\u015fti. Cumhurba\u015fkan\u0131 G\u00fcl, daha sonra Lahor Polo Sahas\u0131&#8217;na ge\u00e7erek, polo ma\u00e7\u0131 ve yerel spor g\u00f6sterisini izledi.<\/p>\n<p style=\"text-align: justify;\">G\u00fcl&#8217;e, polo sahas\u0131na geli\u015finde T\u00fcrkiye ve Pakistan bayraklar\u0131n\u0131n renklerinden olu\u015fan \u00e7i\u00e7ek takdim edildi. Sahan\u0131n \u00e7evresine \u00fczerinde &#8220;T\u00fcrkiye Cumhurba\u015fkan\u0131, karde\u015f Abdullah G\u00fcl ho\u015fgeldiniz&#8221; ve &#8220;Ya\u015fas\u0131n T\u00fcrkiye karde\u015fli\u011fi&#8221; yazan panolar yerle\u015ftirildi\u011fi g\u00f6r\u00fcld\u00fc.<\/p>\n<p style=\"text-align: justify;\">T\u00fcrkiye ve Pakistan&#8217;\u0131n milli mar\u015flar\u0131n\u0131n \u00e7al\u0131nmas\u0131n\u0131n ard\u0131ndan, iki \u00fclke dostlu\u011fu ve Cumhurba\u015fkan\u0131 G\u00fcl&#8217;e ho\u015fgeldin mesajlar\u0131 i\u00e7eren pankartlar\u0131n ba\u011fl\u0131 oldu\u011fu u\u00e7an balonlar havaya b\u0131rak\u0131ld\u0131.<\/p>\n<p style=\"text-align: justify;\">Daha sonra \u00f6zel e\u011fitim alm\u0131\u015f atlar ve develer, davul ve zurna tempolar\u0131 e\u015fli\u011finde de\u011fi\u015fik y\u00fcr\u00fcy\u00fc\u015f fig\u00fcrleri sergiledi. Lahor Polo Tak\u0131m\u0131&#8217;n\u0131n ge\u00e7idinin ard\u0131ndan atl\u0131 spor tak\u0131mlar\u0131 ve Pakistan&#8217;\u0131n de\u011fi\u015fik b\u00f6lgelerinden getirilen b\u00fcy\u00fck ve k\u00fc\u00e7\u00fckba\u015f hayvanlar ge\u00e7i\u015f yapt\u0131.<\/p>\n<p style=\"text-align: justify;\">Ge\u00e7idin ard\u0131ndan, yere konulan k\u00fc\u00e7\u00fck kuma\u015f hedefleri ellerindeki ciritlerin ucuna takmaya \u00e7al\u0131\u015fan atl\u0131lar g\u00f6steri yapt\u0131. Mini bir polo ma\u00e7\u0131n\u0131n da oynand\u0131\u011f\u0131 g\u00f6steride, Cumhurba\u015fkan\u0131 G\u00fcl&#8217;e bir Arap at\u0131 hediye edildi. G\u00fcl&#8217;e ayr\u0131ca bir polocu ve atba\u015f\u0131 heykeli de takdim edildi.<\/p>\n<p style=\"text-align: justify;\"><strong>&#8220;Sald\u0131r\u0131lardan \u00fcz\u00fcnt\u00fc duyduk&#8221; <\/strong><\/p>\n<p style=\"text-align: justify;\">G\u00fcl, Pakistan&#8217;a ger\u00e7ekle\u015ftirdi\u011fi resmi ziyareti kapsam\u0131nda, Ba\u015fbakan Yusuf Gilani taraf\u0131ndan Lahor Kalesi&#8217;nde onuruna verilen ak\u015fam yeme\u011fine kat\u0131ld\u0131.<\/p>\n<p style=\"text-align: justify;\">Yemekten \u00f6nce bir k\u00fclt\u00fcr program\u0131 yap\u0131lan gecede, Kur&#8217;an-\u0131 Kerim okundu. Ard\u0131ndan baz\u0131 Pakistanl\u0131 gruplar ve sanat\u00e7\u0131lar ilahi ve \u015fark\u0131lar seslendirdi.<\/p>\n<p style=\"text-align: justify;\">Programdan sonra konu\u015fan Cumhurba\u015fkan\u0131 G\u00fcl, s\u00f6zlerine tarihi Lahor Kalesi&#8217;nde hitap etmekten duydu\u011fu memnuniyeti dile getirerek ba\u015flad\u0131.<\/p>\n<p style=\"text-align: justify;\">G\u00fcl, gecede Lahor&#8217;un zengin tarihi ve k\u00fclt\u00fcrel miras\u0131na \u015fahit oldu\u011funu belirterek, &#8220;Buraya yapt\u0131\u011f\u0131m ziyareti unutmayaca\u011f\u0131m&#8221; dedi.<\/p>\n<p style=\"text-align: justify;\">T\u00fcrkiye ile Pakistan aras\u0131nda tarihten gelen dostluk ve karde\u015flik ili\u015fkilerinin son d\u00f6nemde b\u00fcy\u00fck bir ivme kazand\u0131\u011f\u0131n\u0131 anlatan G\u00fcl, kar\u015f\u0131l\u0131kl\u0131 \u00fcst d\u00fczey ziyaretlerin, ili\u015fkilerin geli\u015fmesine katk\u0131da bulunaca\u011f\u0131na i\u015faret etti.<\/p>\n<p style=\"text-align: justify;\">Cumhurba\u015fkan\u0131 G\u00fcl, Pakistan&#8217;a aralar\u0131nda i\u015f adamlar\u0131n\u0131n da bulundu\u011fu geni\u015f bir heyetle geldi\u011fini an\u0131msatarak, i\u015f g\u00f6r\u00fc\u015fmelerinde yat\u0131r\u0131m ve ortakl\u0131k kurulmas\u0131 konular\u0131n\u0131n ele al\u0131nd\u0131\u011f\u0131n\u0131 belirtti.<\/p>\n<p style=\"text-align: justify;\">\u0130\u015f adamlar\u0131n\u0131n toplant\u0131lar\u0131ndan pozitif sonu\u00e7lar al\u0131naca\u011f\u0131na inand\u0131\u011f\u0131n\u0131 ifade eden G\u00fcl, &#8220;T\u00fcrkiye, Pakistan ile ekonomik ili\u015fkilerin geli\u015fmesi i\u00e7in her t\u00fcrl\u00fc imkan\u0131 sunmaya haz\u0131r&#8221; diye konu\u015ftu.<\/p>\n<p style=\"text-align: justify;\">Cumhurba\u015fkan\u0131 G\u00fcl, son d\u00f6nemde \u00fclkede ya\u015fanan ter\u00f6r olaylar\u0131na da de\u011finerek, &#8220;Pakistan&#8217;da bar\u0131\u015f, istikrar ve masum insanlar\u0131 hedef alan ter\u00f6r sald\u0131r\u0131lar\u0131ndan \u00fcz\u00fcnt\u00fc duyuyoruz&#8221; dedi.<\/p>\n<p style=\"text-align: justify;\">Pakistan&#8217;\u0131n ter\u00f6rle m\u00fccadelesini takdirle izlediklerini dile getiren Cumhurba\u015fkan\u0131 G\u00fcl, ter\u00f6rle m\u00fccadelenin k\u00fcresel sorumluluk gerektirdi\u011fine de dikkati \u00e7ekti. Cumhurba\u015fkan\u0131 G\u00fcl, konu\u015fmas\u0131n\u0131n sonunda Pakistan halk\u0131na bar\u0131\u015f, huzur ve refah dileklerini iletti.<\/p>\n<p style=\"text-align: justify;\"><span style=\"color: #888888;\">CNN T\u00dcRK<\/span><\/p>\n","protected":false},"excerpt":{"rendered":"<p style=\"text-align: center;\">\n<p style=\"text-align: justify;\">Cumhurba\u015fkan\u0131 Abdullah G\u00fcl, CHP&#8217;nin &#8220;Paketi TBMM Ba\u015fkan\u0131 Mehmet Ali \u015eahin de imzalad\u0131&#8221; iddias\u0131n\u0131 Pakistan&#8217;da yorumlad\u0131: &#8220;Varsa \u00fczerine \u00e7izik at\u0131l\u0131r.&#8221;<\/p>\n<p style=\"text-align: justify;\">Cumhurba\u015fkan\u0131 G\u00fcl, Lahor&#8217;da konaklad\u0131\u011f\u0131 Pearl Continental Otel&#8217;de ziyaretini izleyen T\u00fcrk bas\u0131n mensuplar\u0131yla sohbet toplant\u0131s\u0131 d\u00fczenledi. <\/p>\n","protected":false},"author":1,"featured_media":0,"comment_status":"open","ping_status":"closed","sticky":false,"template":"","format":"standard","meta":{"footnotes":""},"categories":[105],"tags":[],"class_list":["post-20962","post","type-post","status-publish","format-standard","hentry","category-gundem","odd"],"_links":{"self":[{"href":"http:\/\/www.korhanyilmaz.com\/index.php?rest_route=\/wp\/v2\/posts\/20962","targetHints":{"allow":["GET"]}}],"collection":[{"href":"http:\/\/www.korhanyilmaz.com\/index.php?rest_route=\/wp\/v2\/posts"}],"about":[{"href":"http:\/\/www.korhanyilmaz.com\/index.php?rest_route=\/wp\/v2\/types\/post"}],"author":[{"embeddable":true,"href":"http:\/\/www.korhanyilmaz.com\/index.php?rest_route=\/wp\/v2\/users\/1"}],"replies":[{"embeddable":true,"href":"http:\/\/www.korhanyilmaz.com\/index.php?rest_route=%2Fwp%2Fv2%2Fcomments&post=20962"}],"version-history":[{"count":0,"href":"http:\/\/www.korhanyilmaz.com\/index.php?rest_route=\/wp\/v2\/posts\/20962\/revisions"}],"wp:attachment":[{"href":"http:\/\/www.korhanyilmaz.com\/index.php?rest_route=%2Fwp%2Fv2%2Fmedia&parent=20962"}],"wp:term":[{"taxonomy":"category","embeddable":true,"href":"http:\/\/www.korhanyilmaz.com\/index.php?rest_route=%2Fwp%2Fv2%2Fcategories&post=20962"},{"taxonomy":"post_tag","embeddable":true,"href":"http:\/\/www.korhanyilmaz.com\/index.php?rest_route=%2Fwp%2Fv2%2Ftags&post=20962"}],"curies":[{"name":"wp","href":"https:\/\/api.w.org\/{rel}","templated":true}]}}