{"id":2095,"date":"2008-10-24T11:17:06","date_gmt":"2008-10-24T08:17:06","guid":{"rendered":"http:\/\/www.korhanyilmaz.com\/?p=2095"},"modified":"2008-10-24T11:17:06","modified_gmt":"2008-10-24T08:17:06","slug":"iste-rusvetin-sifresi-araba-tamir-oldu","status":"publish","type":"post","link":"http:\/\/www.korhanyilmaz.com\/?p=2095","title":{"rendered":"\u0130\u015fte r\u00fc\u015fvetin \u015fifresi &#039;Araba tamir oldu&#039;"},"content":{"rendered":"<p style=\"text-align: center;\"><img loading=\"lazy\" decoding=\"async\" class=\"alignnone size-full wp-image-2096\" title=\"As\u0131m Korkut \" src=\"http:\/\/www.korhanyilmaz.com\/wp-content\/uploads\/2008\/10\/17a377b4393b21489b2a09e7x.jpg\" alt=\"\" width=\"475\" height=\"250\" \/><\/p>\n<p style=\"text-align: justify;\">R\u00fc\u015fvet almaktan tutuklanan h\u00e2kimin duru\u015fma aras\u0131nda, telefonla ba\u011flant\u0131 kurup \u015fifreli c\u00fcmleyi duyunca ona g\u00f6re karar verdi\u011fi ortaya \u00e7\u0131kt\u0131..<\/p>\n<p style=\"text-align: justify;\">\u0130zmir&#8217;de 101 y\u0131l hapsi istenen \u00e7ete liderini 350 bin YTL r\u00fc\u015fvet kar\u015f\u0131l\u0131\u011f\u0131 tahliye edildi\u011fi iddias\u0131yla g\u00f6zalt\u0131na al\u0131nan 10. A\u011f\u0131r Ceza Mahkemesi Ba\u015fkan\u0131 As\u0131m Korkut yasa gere\u011fi polis taraf\u0131ndan ifadesi al\u0131namad\u0131\u011f\u0131 i\u00e7in \u00f6nceki ak\u015fam saat 18.30&#8217;da adliyeye \u00e7\u0131kar\u0131ld\u0131. Operasyonu ve soru\u015fturmay\u0131 y\u00fcr\u00fcten \u00d6zel Yetkili Savc\u0131 Murat G\u00f6k taraf\u0131ndan 7.5 saat sorgulanan As\u0131m Korkut&#8217;un savunmas\u0131 45 sayfa tuttu.<!--more--><\/p>\n<p style=\"text-align: justify;\">50 SAYFALIK FEZLEKE<br \/>\nSavc\u0131 taraf\u0131ndan tutuklanmas\u0131 talebiyle, di\u011fer \u00f6zel yetkili mahkeme olan \u0130zmir 8. A\u011f\u0131r Ceza Mahkemesi&#8217;ne sevk edilen As\u0131m Korkut, n\u00f6bet\u00e7i hakim Mustafa Simavl\u0131&#8217;n\u0131n kar\u015f\u0131s\u0131na \u00e7\u0131kt\u0131. Burada yine savunma yapan Korkut, \u00f6nceki gece saat 01.50&#8217;de tutuklanarak K\u0131r\u0131klar&#8217;daki F Tipi Cezaevi&#8217;ne teslim edildi. \u00d6zel Yetkili Cumhuriyet Savc\u0131s\u0131 Murat G\u00f6k&#8217;\u00fcn, As\u0131m Korkut hakk\u0131nda, Yarg\u0131tay Cumhuriyet Ba\u015fsavc\u0131l\u0131\u011f\u0131&#8217;na g\u00f6nderilmek \u00fczere 50 sayfal\u0131k fezleke haz\u0131rlad\u0131\u011f\u0131 \u00f6\u011frenildi. G\u00f6zalt\u0131nda olan, aralar\u0131nda 8 avukat ve 1 i\u015fadam\u0131n\u0131n da bulundu\u011fu di\u011fer 16 zanl\u0131n\u0131n sorgular\u0131 s\u00fcrerken, operasyonla ilgili detaylar da tek tek ortaya \u00e7\u0131kmaya ba\u015flad\u0131. Mahkeme ba\u015fkan\u0131n\u0131n, duru\u015fmalar s\u0131ras\u0131nda k\u0131sa s\u00fcreli olarak odas\u0131na ge\u00e7ip ba\u011flant\u0131lar\u0131 sa\u011flayan ye\u011feni ya da di\u011fer avukatlar\u0131 arad\u0131\u011f\u0131, kar\u015f\u0131 taraf\u0131n r\u00fc\u015fvet anla\u015fmas\u0131n\u0131n sa\u011fland\u0131\u011f\u0131n\u0131 bildirmek i\u00e7in &#8220;Araba tamir oldu&#8221; s\u00f6z\u00fcn\u00fc s\u00f6yledi\u011fi, bunun \u00fczerine ba\u015fkan\u0131n da san\u0131\u011f\u0131 tahliye etti\u011fi belirtildi. Polisin kay\u0131t alt\u0131na ald\u0131\u011f\u0131 telefon g\u00f6r\u00fc\u015fmelerinde de, mahkeme ba\u015fkan\u0131n\u0131n karde\u015fi H. Korkut arac\u0131l\u0131\u011f\u0131yla avukatlarla pazarl\u0131k yapt\u0131\u011f\u0131, ayr\u0131ca ba\u015fkan As\u0131m Korkut&#8217;un zaman zaman karde\u015fiyle G\u00f6cek&#8217;te yatta bulu\u015ftu\u011fu ve r\u00fc\u015fvet pazarl\u0131klar\u0131n\u0131 birlikte yapt\u0131klar\u0131 da belirlendi.\n<\/p>\n<p style=\"text-align: justify;\"><span style=\"color: #888888;\">( Sabah )<\/span><\/p>\n<p style=\"text-align: justify;\">\u00a0<\/p>\n","protected":false},"excerpt":{"rendered":"<p style=\"text-align: center;\">\n<p style=\"text-align: justify;\">R\u00fc\u015fvet almaktan tutuklanan h\u00e2kimin duru\u015fma aras\u0131nda, telefonla ba\u011flant\u0131 kurup \u015fifreli c\u00fcmleyi duyunca ona g\u00f6re karar verdi\u011fi ortaya \u00e7\u0131kt\u0131..<\/p>\n<p style=\"text-align: justify;\">\u0130zmir&#8217;de 101 y\u0131l hapsi istenen \u00e7ete liderini 350 bin YTL r\u00fc\u015fvet kar\u015f\u0131l\u0131\u011f\u0131 tahliye edildi\u011fi iddias\u0131yla g\u00f6zalt\u0131na al\u0131nan 10. A\u011f\u0131r Ceza Mahkemesi Ba\u015fkan\u0131 As\u0131m Korkut yasa gere\u011fi polis taraf\u0131ndan ifadesi al\u0131namad\u0131\u011f\u0131 <\/p>\n","protected":false},"author":1,"featured_media":0,"comment_status":"open","ping_status":"open","sticky":false,"template":"","format":"standard","meta":{"footnotes":""},"categories":[105],"tags":[],"class_list":["post-2095","post","type-post","status-publish","format-standard","hentry","category-gundem","odd"],"_links":{"self":[{"href":"http:\/\/www.korhanyilmaz.com\/index.php?rest_route=\/wp\/v2\/posts\/2095","targetHints":{"allow":["GET"]}}],"collection":[{"href":"http:\/\/www.korhanyilmaz.com\/index.php?rest_route=\/wp\/v2\/posts"}],"about":[{"href":"http:\/\/www.korhanyilmaz.com\/index.php?rest_route=\/wp\/v2\/types\/post"}],"author":[{"embeddable":true,"href":"http:\/\/www.korhanyilmaz.com\/index.php?rest_route=\/wp\/v2\/users\/1"}],"replies":[{"embeddable":true,"href":"http:\/\/www.korhanyilmaz.com\/index.php?rest_route=%2Fwp%2Fv2%2Fcomments&post=2095"}],"version-history":[{"count":0,"href":"http:\/\/www.korhanyilmaz.com\/index.php?rest_route=\/wp\/v2\/posts\/2095\/revisions"}],"wp:attachment":[{"href":"http:\/\/www.korhanyilmaz.com\/index.php?rest_route=%2Fwp%2Fv2%2Fmedia&parent=2095"}],"wp:term":[{"taxonomy":"category","embeddable":true,"href":"http:\/\/www.korhanyilmaz.com\/index.php?rest_route=%2Fwp%2Fv2%2Fcategories&post=2095"},{"taxonomy":"post_tag","embeddable":true,"href":"http:\/\/www.korhanyilmaz.com\/index.php?rest_route=%2Fwp%2Fv2%2Ftags&post=2095"}],"curies":[{"name":"wp","href":"https:\/\/api.w.org\/{rel}","templated":true}]}}