{"id":20926,"date":"2010-03-30T21:32:01","date_gmt":"2010-03-30T18:32:01","guid":{"rendered":"http:\/\/www.korhanyilmaz.com\/?p=20926"},"modified":"2010-03-30T21:32:01","modified_gmt":"2010-03-30T18:32:01","slug":"bunun-hesabi-sorulmaz-mi","status":"publish","type":"post","link":"http:\/\/www.korhanyilmaz.com\/?p=20926","title":{"rendered":"Bunun hesab\u0131 sorulmaz m\u0131!"},"content":{"rendered":"<p style=\"text-align: center;\"><a href=\"http:\/\/www.korhanyilmaz.com\/wp-content\/uploads\/2010\/03\/baykal9.jpg\"  class=\"lightview\"><img loading=\"lazy\" decoding=\"async\" class=\"aligncenter size-full wp-image-20927\" src=\"http:\/\/www.korhanyilmaz.com\/wp-content\/uploads\/2010\/03\/baykal9.jpg\" alt=\"\" width=\"330\" height=\"248\" \/><\/a><\/p>\n<p style=\"text-align: justify;\">CHP lideri Deniz Baykal, AKP\u2019nin Anayasa paketini yerden yere vurdu: Ge\u00e7ici 15. maddenin kald\u0131r\u0131lmas\u0131 uygun. Ama sen \u2018iktidardan hesap sorulmamas\u0131\u2019 i\u00e7in o maddenin ge\u00e7ici olmayan \u015feklini kendin i\u00e7in pakete koyuyorsun.  Akl\u0131m\u0131z\u0131 peynir ekmekle mi yedik biz!<!--more--><\/p>\n<p style=\"text-align: justify;\"><strong>AKP kendine z\u0131rh olu\u015fturuyor<\/strong><\/p>\n<p style=\"text-align: justify;\">H\u00fck\u00fcmetin kendisini kurtarmak i\u00e7in \u00e7al\u0131\u015ft\u0131\u011f\u0131n\u0131 s\u00f6yleyen Baykal, \u201c12 Eyl\u00fcl Anayasas\u0131\u2019n\u0131n ge\u00e7ici 15. maddesi gibi ge\u00e7ici olmayan, gelecekte de i\u015fleyecek bir 15. maddeyi anayasa paketi i\u00e7ine koyuyorlar\u201d dedi.<\/p>\n<p style=\"text-align: justify;\">CHP Genel Ba\u015fkan\u0131 Deniz Baykal, partisinin grup toplant\u0131s\u0131nda Anayasa de\u011fi\u015fikli\u011fini ele\u015ftirdi. Baykal, siyaset, devlet, iktidar ili\u015fkisinin, kudretli ki\u015filerin adaletle ili\u015fkisinin, en sorunlu alanlar\u0131n ba\u015f\u0131nda oldu\u011funu vurgulayarak, \u201cBizim \u00f6n\u00fcm\u00fcze getirilen Anayasa de\u011fi\u015fikli\u011fi, bu ili\u015fkiyi, yeni bir zihniyetle d\u00fczenleme gayreti i\u00e7indedir. Adaletin zirvesinde bulunan temel kurumlar\u0131, siyasetin, parlamentodaki AKP \u00e7o\u011funlu\u011funun, denetim alt\u0131na alma \u00e7abas\u0131, \u00e7ok a\u00e7\u0131k ve net \u015fekilde \u00f6n\u00fcm\u00fczde duruyor\u201d dedi. Baz\u0131 ki\u015filerin, olay\u0131, bu kadar a\u00e7\u0131k s\u00f6ylememeyi, nezaketleri, zarafetleri gere\u011fi g\u00f6rd\u00fc\u011f\u00fcn\u00fc, \u201cAman yarg\u0131 ku\u015fat\u0131lacak demeyelim, sayg\u0131s\u0131zl\u0131k olur\u201d dedi\u011fini kaydeden Baykal, \u201cKu\u015fatma ne? Yarg\u0131 ele ge\u00e7iriliyor\u201d g\u00f6r\u00fc\u015f\u00fcn\u00fc savundu.<\/p>\n<p style=\"text-align: justify;\"><strong>Ge\u00e7ici olmayan 15. madde<\/strong><\/p>\n<p style=\"text-align: justify;\">Baykal, Hakimler Savc\u0131lar Y\u00fcksek Kurulunun (HSYK) yap\u0131s\u0131 ve siyasi partilerin kapat\u0131lmas\u0131na y\u00f6nelik getirilen d\u00fczenlemeleri de ele\u015ftirdi. Anayasan\u0131n ge\u00e7ici 15. maddesinin g\u00f6stermelik olarak kald\u0131r\u0131lmas\u0131n\u0131n \u00f6ng\u00f6r\u00fcld\u00fc\u011f\u00fcn\u00fc ifade eden Baykal, kald\u0131r\u0131lmas\u0131n\u0131n uygun ve b\u00f6yle bir maddenin bulunmas\u0131n\u0131n Anayasa a\u00e7\u0131s\u0131ndan \u00fcz\u00fcc\u00fc oldu\u011funu s\u00f6yledi. Baykal, de\u011fi\u015fiklikle getirilen bir maddeyle, H\u00fck\u00fcmeti olu\u015fturan, iktidardaki siyasi partinin icraat\u0131ndan, hukuku, Anayasay\u0131 ihlali nedeniyle sadece ge\u00e7mi\u015fte de\u011fil, \u015fu andaki uygulamalar\u0131ndan dolay\u0131 da hesap sorulamayaca\u011f\u0131n\u0131 kaydetti. Baykal, \u201cKendin i\u00e7in de 12 Eyl\u00fcl Anayasas\u0131\u2019n\u0131n ge\u00e7ici 15. maddesi gibi ge\u00e7ici olmayan, gelecekte de i\u015fleyecek bir 15. maddeyi, iktidar partisi i\u00e7in oraya koyuyorsun. Biz akl\u0131m\u0131z\u0131 peynir ekmekle mi yedik\u201d diye konu\u015ftu.<\/p>\n<p style=\"text-align: justify;\"><strong>Bir ayl\u0131k m\u00fcste\u015far<\/strong><\/p>\n<p style=\"text-align: justify;\">Baykal, Anayasa de\u011fi\u015fikli\u011finin yasala\u015fmas\u0131 halinde, Anayasa Mahkemesi yedek \u00fcyelerinin, as\u0131l \u00fcye olaca\u011f\u0131na dikkati \u00e7ekti. Baykal, Anayasa Mahkemesinde raport\u00f6r olan bir ki\u015finin, 26 \u015eubat\u2019ta Denizcilik M\u00fcste\u015far Yard\u0131mc\u0131l\u0131\u011f\u0131na getirildi\u011fini, 31 g\u00fcn bu g\u00f6revde \u00e7al\u0131\u015ft\u0131ktan sonra Cumhurba\u015fkan\u0131 taraf\u0131ndan Anayasa Mahkemesi yedek \u00fcyeli\u011fine atand\u0131\u011f\u0131n\u0131 s\u00f6yledi. Baykal, \u201cAnayasa Mahkemesine \u00fcye se\u00e7ecek Say\u0131n Cumhurba\u015fkan\u0131n\u0131n bu atamas\u0131na \u2019Cumhurba\u015fkan\u0131 se\u00e7ecek, ne olur, se\u00e7iversin\u2019 diyenlerin dikkatine sunuyorum. Anayasa de\u011fi\u015fikli\u011fi ger\u00e7ekle\u015firse, bu ki\u015fi otomatik olarak Anayasa Mahkemesi \u00fcyesidir\u201d diye konu\u015ftu.<\/p>\n<p style=\"text-align: justify;\"><span style=\"color: #888888;\">Haber Kayna\u011f\u0131 : <a href=\"http:\/\/www.yg.yenicaggazetesi.com.tr\/habergoster.php?haber=33558\" target=\"_blank\">yenicaggazetesi.com.tr<\/a><\/span><\/p>\n","protected":false},"excerpt":{"rendered":"<p style=\"text-align: center;\">\n<p style=\"text-align: justify;\">CHP lideri Deniz Baykal, AKP\u2019nin Anayasa paketini yerden yere vurdu: Ge\u00e7ici 15. maddenin kald\u0131r\u0131lmas\u0131 uygun. Ama sen \u2018iktidardan hesap sorulmamas\u0131\u2019 i\u00e7in o maddenin ge\u00e7ici olmayan \u015feklini kendin i\u00e7in pakete koyuyorsun. Akl\u0131m\u0131z\u0131 peynir ekmekle mi yedik biz!<\/p>\n","protected":false},"author":1,"featured_media":0,"comment_status":"open","ping_status":"closed","sticky":false,"template":"","format":"standard","meta":{"footnotes":""},"categories":[105],"tags":[],"class_list":["post-20926","post","type-post","status-publish","format-standard","hentry","category-gundem","odd"],"_links":{"self":[{"href":"http:\/\/www.korhanyilmaz.com\/index.php?rest_route=\/wp\/v2\/posts\/20926","targetHints":{"allow":["GET"]}}],"collection":[{"href":"http:\/\/www.korhanyilmaz.com\/index.php?rest_route=\/wp\/v2\/posts"}],"about":[{"href":"http:\/\/www.korhanyilmaz.com\/index.php?rest_route=\/wp\/v2\/types\/post"}],"author":[{"embeddable":true,"href":"http:\/\/www.korhanyilmaz.com\/index.php?rest_route=\/wp\/v2\/users\/1"}],"replies":[{"embeddable":true,"href":"http:\/\/www.korhanyilmaz.com\/index.php?rest_route=%2Fwp%2Fv2%2Fcomments&post=20926"}],"version-history":[{"count":0,"href":"http:\/\/www.korhanyilmaz.com\/index.php?rest_route=\/wp\/v2\/posts\/20926\/revisions"}],"wp:attachment":[{"href":"http:\/\/www.korhanyilmaz.com\/index.php?rest_route=%2Fwp%2Fv2%2Fmedia&parent=20926"}],"wp:term":[{"taxonomy":"category","embeddable":true,"href":"http:\/\/www.korhanyilmaz.com\/index.php?rest_route=%2Fwp%2Fv2%2Fcategories&post=20926"},{"taxonomy":"post_tag","embeddable":true,"href":"http:\/\/www.korhanyilmaz.com\/index.php?rest_route=%2Fwp%2Fv2%2Ftags&post=20926"}],"curies":[{"name":"wp","href":"https:\/\/api.w.org\/{rel}","templated":true}]}}