{"id":2092,"date":"2008-10-24T09:11:33","date_gmt":"2008-10-24T06:11:33","guid":{"rendered":"http:\/\/www.korhanyilmaz.com\/?p=2092"},"modified":"2008-10-24T09:11:33","modified_gmt":"2008-10-24T06:11:33","slug":"tecavuzcusunu-yakalatti","status":"publish","type":"post","link":"http:\/\/www.korhanyilmaz.com\/?p=2092","title":{"rendered":"Tecav\u00fczc\u00fcs\u00fcn\u00fc yakalatt\u0131"},"content":{"rendered":"<p style=\"text-align: center;\"><img loading=\"lazy\" decoding=\"async\" class=\"alignnone size-full wp-image-2093\" title=\"BABA \u0130\u015eTE O ADAM\" src=\"http:\/\/www.korhanyilmaz.com\/wp-content\/uploads\/2008\/10\/c99cb3ea321e0848adeb2042x.jpg\" alt=\"\" width=\"475\" height=\"250\" \/><\/p>\n<p style=\"text-align: justify;\">12 ya\u015f\u0131ndaki E.K. kendisine tecav\u00fcz eden ki\u015fiyi yolda g\u00f6r\u00fcnce babas\u0131na s\u00f6yledi ve mahallelinin yard\u0131m\u0131yla yakalatt\u0131. Ge\u00e7en y\u0131l hapisten \u00e7\u0131kan 53 ya\u015f\u0131ndaki O.K.&#8217;nin sab\u0131ka dosyas\u0131n\u0131n da kabar\u0131k oldu\u011fu ortaya \u00e7\u0131kt\u0131..<\/p>\n<p style=\"text-align: justify;\">Bir pazar g\u00fcn\u00fcyd\u00fc. 12 ya\u015f\u0131ndaki k\u0131z \u00e7ocu\u011fu E.K. arkada\u015flar\u0131yla ekim ay\u0131nda Ankara&#8217;n\u0131n yaz\u0131 an\u0131msatan s\u0131ca\u011f\u0131nda oyuna dalm\u0131\u015f, g\u00fcn\u00fc sokakta ge\u00e7irmi\u015fti. Havan\u0131n kararmas\u0131na yak\u0131n Mamak&#8217;\u0131n en yoksul mahallerinden biri olan Bo\u011fazi\u00e7i mahallesindeki evine do\u011fru yola \u00e7\u0131km\u0131\u015ft\u0131. O s\u0131rada bir ses duydu. Ya\u015fl\u0131ca bir adam kendisine sesleniyordu. Sesin geldi\u011fi bo\u015f gecekonduya do\u011fru y\u00fcr\u00fcd\u00fc\u011f\u00fcnde, \u00e7ocuk akl\u0131yla hayat\u0131n\u0131n hatas\u0131n\u0131 yapt\u0131\u011f\u0131n\u0131n elbette fark\u0131nda de\u011fildi. <!--more-->Sonradan ad\u0131n\u0131n O.K. (53) oldu\u011fu \u00f6\u011frenilen adam, k\u00fc\u00e7\u00fck E.K.&#8217;ye orada tecav\u00fcz etti. Takvimler 5 Ekim 2008&#8217;i g\u00f6steriyordu. E.K. ya\u015fad\u0131\u011f\u0131 \u015feyin korkun\u00e7lu\u011funu biliyordu, tabii bunun kendi su\u00e7u olmad\u0131\u011f\u0131n\u0131 da. O y\u00fczden ba\u015f\u0131na gelenleri ailesine anlatt\u0131 ve E.K.&#8217;nin in\u015faat i\u015f\u00e7isi babas\u0131 H.K. k\u0131z\u0131n\u0131 bir doktora g\u00f6t\u00fcrd\u00fc, sonra da karakola giderek su\u00e7 duyurusunda bulundu. E.K.&#8217;nin, tecav\u00fcz\u00fcn sonu\u00e7lar\u0131yla ba\u015f edebilmek i\u00e7in psikolojik tedaviye ihtiya\u00e7 duydu\u011fu a\u015fik\u00e2rd\u0131. Tedaviye ertelemeden ba\u015fland\u0131. Her g\u00fcn babas\u0131yla psikolo\u011fa gidiyor, giderek daha rahatlam\u0131\u015f bir \u015fekilde evine d\u00f6n\u00fcyordu.<\/p>\n<p style=\"text-align: justify;\">KABARIK SU\u00c7 L\u0130STES\u0130<br \/>\nAradan \u00e7ok de\u011fil 15 g\u00fcn ge\u00e7mi\u015fti. E.K. o g\u00fcn de Hacettepe Hastanesi&#8217;ndeki terapisini tamamlam\u0131\u015f, babas\u0131yla birlikte evine d\u00f6n\u00fcyordu ki, aniden durdu. G\u00f6rd\u00fc\u011f\u00fcn\u00fcn kabus olup olmad\u0131\u011f\u0131n\u0131 anlayamad\u0131; emin olduktan sonra, \u00e7\u0131\u011fl\u0131k \u00e7\u0131\u011fl\u0131\u011fa ba\u011f\u0131rmaya ba\u015flad\u0131: &#8220;Baba bu o. Bana sald\u0131ran adam orada.&#8221; Adam su\u00e7 i\u015fledi\u011fi yerlerde g\u00f6r\u00fcnmekten ve tan\u0131nmaktan \u00e7ekinmeden, pervas\u0131z bir \u015fekilde kar\u015f\u0131 caddede y\u00fcr\u00fcyordu. Babas\u0131 k\u0131z\u0131n\u0131n i\u015faret etti\u011fi y\u00f6ne bakt\u0131\u011f\u0131nda, ko\u015fmaya ba\u015flayan adam\u0131 fark etti. Pe\u015finden ko\u015fan baba H.K., &#8220;K\u0131z\u0131ma tecav\u00fcz eden ka\u00e7\u0131yor&#8221; diye ba\u011f\u0131rarak yard\u0131m istedi. Semt sakinlerinin yard\u0131m\u0131yla yakalanan 53 ya\u015f\u0131ndaki O.K., \u00f6fkeli kalabal\u0131k taraf\u0131ndan lin\u00e7 edilmek istendi. Polis ekipleri, sap\u0131\u011f\u0131 \u00f6fkeli kalabal\u0131\u011f\u0131n elinden zor ald\u0131. Yakalanan ki\u015fi Ankara&#8217;da nisan ay\u0131ndan beri bir k\u0131z \u00e7ocu\u011funa tecav\u00fcz eden, \u00fc\u00e7 k\u0131z \u00e7ocu\u011funu da taciz eden O.K.&#8217;ydi. Mamak&#8217;\u0131n Bo\u011fazi\u00e7i ve Yayla mahalleleri ile, Ke\u00e7i\u00f6ren&#8217;in Ku\u015f\u00e7a\u011f\u0131z ve \u015eirintepe mahallelerinde i\u011fren\u00e7 emellerine ula\u015fmaya \u00e7al\u0131\u015fan sap\u0131\u011f\u0131n sab\u0131ka listesi ise t\u00fcyler \u00fcrperticiydi: 1993-2007 y\u0131llar\u0131 aras\u0131nda 6&#8217;s\u0131 tecav\u00fcz, 5&#8217;i h\u0131rs\u0131zl\u0131k olmak \u00fczere tam 23 su\u00e7tan \u00e7e\u015fitli kereler yakalan\u0131p hapis yatm\u0131\u015f ve \u00e7\u0131km\u0131\u015ft\u0131. 2007 y\u0131l\u0131na gelindi\u011finde, cezas\u0131n\u0131 tamamlad\u0131\u011f\u0131 gerek\u00e7esiyle art\u0131k aranm\u0131yordu. Fakat bir y\u0131l sonra d\u00f6rt k\u0131z \u00e7ocu\u011funa yapt\u0131klar\u0131, &#8220;\u00e7ocuklara tecav\u00fcz eden sap\u0131klara&#8221; kar\u015f\u0131 hapisten \u00e7\u0131kt\u0131ktan sonra al\u0131nan \u00f6nlemlerin yeterli olup olmad\u0131\u011f\u0131 sorusunu g\u00fcndeme getirdi. Emniyette Gasp B\u00fcro Amirli\u011fi taraf\u0131ndan sorgulanan zanl\u0131 hakk\u0131ndaki iddialar\u0131 reddetti. Bunun \u00fczerine \u00f6nce tecav\u00fcze u\u011frayan E.K., ard\u0131ndan da di\u011fer 3 k\u0131z \u00e7ocu\u011fu te\u015fhise geldi. E.K.&#8217;n\u0131n yan\u0131 s\u0131ra H.\u00c7., L.B. ve B.Y adl\u0131 k\u0131z \u00e7ocuklar\u0131 sap\u0131\u011f\u0131 te\u015fhis etti.<\/p>\n<p style=\"text-align: justify;\">TOPLUMA KAZANDIRMA E\u011e\u0130T\u0130M\u0130<br \/>\nAvukat Orhan Eraslan, &#8220;Bu t\u00fcr insanlara cezaevi s\u00fcrecinde topluma kazand\u0131rma e\u011fitimi verilir. Tahliyesinden sonra da ne bizim \u00fclkemizde ne de bir\u00e7ok ba\u015fka \u00fclkede cezaevinde yatm\u0131\u015f ki\u015fiye y\u00f6nelik takip ve denetleme \u015feklinde bir d\u00fczenleme vard\u0131r&#8221; dedi.\n<\/p>\n<p style=\"text-align: justify;\"><span style=\"color: #888888;\">( Sabah )<\/span><\/p>\n<p style=\"text-align: justify;\">\u00a0<\/p>\n","protected":false},"excerpt":{"rendered":"<p style=\"text-align: center;\">\n<p style=\"text-align: justify;\">12 ya\u015f\u0131ndaki E.K. kendisine tecav\u00fcz eden ki\u015fiyi yolda g\u00f6r\u00fcnce babas\u0131na s\u00f6yledi ve mahallelinin yard\u0131m\u0131yla yakalatt\u0131. Ge\u00e7en y\u0131l hapisten \u00e7\u0131kan 53 ya\u015f\u0131ndaki O.K.&#8217;nin sab\u0131ka dosyas\u0131n\u0131n da kabar\u0131k oldu\u011fu ortaya \u00e7\u0131kt\u0131..<\/p>\n<p style=\"text-align: justify;\">Bir pazar g\u00fcn\u00fcyd\u00fc. 12 ya\u015f\u0131ndaki k\u0131z \u00e7ocu\u011fu E.K. arkada\u015flar\u0131yla ekim ay\u0131nda Ankara&#8217;n\u0131n yaz\u0131 an\u0131msatan s\u0131ca\u011f\u0131nda oyuna dalm\u0131\u015f, g\u00fcn\u00fc sokakta <\/p>\n","protected":false},"author":1,"featured_media":0,"comment_status":"open","ping_status":"open","sticky":false,"template":"","format":"standard","meta":{"footnotes":""},"categories":[105],"tags":[],"class_list":["post-2092","post","type-post","status-publish","format-standard","hentry","category-gundem","odd"],"_links":{"self":[{"href":"http:\/\/www.korhanyilmaz.com\/index.php?rest_route=\/wp\/v2\/posts\/2092","targetHints":{"allow":["GET"]}}],"collection":[{"href":"http:\/\/www.korhanyilmaz.com\/index.php?rest_route=\/wp\/v2\/posts"}],"about":[{"href":"http:\/\/www.korhanyilmaz.com\/index.php?rest_route=\/wp\/v2\/types\/post"}],"author":[{"embeddable":true,"href":"http:\/\/www.korhanyilmaz.com\/index.php?rest_route=\/wp\/v2\/users\/1"}],"replies":[{"embeddable":true,"href":"http:\/\/www.korhanyilmaz.com\/index.php?rest_route=%2Fwp%2Fv2%2Fcomments&post=2092"}],"version-history":[{"count":0,"href":"http:\/\/www.korhanyilmaz.com\/index.php?rest_route=\/wp\/v2\/posts\/2092\/revisions"}],"wp:attachment":[{"href":"http:\/\/www.korhanyilmaz.com\/index.php?rest_route=%2Fwp%2Fv2%2Fmedia&parent=2092"}],"wp:term":[{"taxonomy":"category","embeddable":true,"href":"http:\/\/www.korhanyilmaz.com\/index.php?rest_route=%2Fwp%2Fv2%2Fcategories&post=2092"},{"taxonomy":"post_tag","embeddable":true,"href":"http:\/\/www.korhanyilmaz.com\/index.php?rest_route=%2Fwp%2Fv2%2Ftags&post=2092"}],"curies":[{"name":"wp","href":"https:\/\/api.w.org\/{rel}","templated":true}]}}