{"id":2089,"date":"2008-10-25T08:59:02","date_gmt":"2008-10-25T05:59:02","guid":{"rendered":"http:\/\/www.korhanyilmaz.com\/?p=2089"},"modified":"2008-10-25T08:59:02","modified_gmt":"2008-10-25T05:59:02","slug":"genelkurmaydan-hukumete-brifing","status":"publish","type":"post","link":"http:\/\/www.korhanyilmaz.com\/?p=2089","title":{"rendered":"GENELKURMAY&#039;DAN H\u00dcK\u00dcMETE BR\u0130F\u0130NG"},"content":{"rendered":"<p style=\"text-align: center;\"><img loading=\"lazy\" decoding=\"async\" class=\"size-full wp-image-2090 aligncenter\" title=\"T.C Genelkurmay Ba\u015fkan\u0131 Orgeneral \u0130lker Ba\u015fbu\u011f\" src=\"http:\/\/www.korhanyilmaz.com\/wp-content\/uploads\/2008\/10\/1ead1e33807e4f46a8f9387dx.jpg\" alt=\"\" width=\"475\" height=\"250\" \/><\/p>\n<p style=\"text-align: justify;\">Genelkurmay Ba\u015fkanl\u0131\u011f\u0131, Org. Ba\u015fbu\u011f&#8217;un \u00f6nerisi \u00fczerine pazartesi g\u00fcn\u00fc yap\u0131lacak Bakanlar Kurulu&#8217;nda h\u00fck\u00fcmete ter\u00f6r brifingi verecek..<\/p>\n<p style=\"text-align: justify;\">Genelkurmay Ba\u015fkanl\u0131\u011f\u0131, 27 Ekim Pazartesi g\u00fcn\u00fc yap\u0131lacak Bakanlar Kurulu&#8217;nda brifing vererek bir ilki ger\u00e7ekle\u015ftirecek. Son g\u00fcnlerde y\u00fcr\u00fct\u00fclen i\u00e7 g\u00fcvenlik harek\u00e2tlar\u0131yla ilgili bilgilerin verilece\u011fi brifingde, Akt\u00fct\u00fcn sald\u0131r\u0131s\u0131 ard\u0131ndan geli\u015fen ihmal iddialar\u0131na da a\u00e7\u0131kl\u0131k getirilecek. <!--more-->Kabine&#8217;ye brifing verme \u00f6nerisi Genelkurmay Ba\u015fkan\u0131 Orgeneral \u0130lker Ba\u015fbu\u011f&#8217;dan geldi. Haftal\u0131k ola\u011fan bas\u0131n toplant\u0131s\u0131nda 17 \u015fehitle sonu\u00e7lanan Akt\u00fct\u00fcn sald\u0131r\u0131s\u0131yla ilgili 2. Ordu Komutanl\u0131\u011f\u0131 taraf\u0131ndan y\u00fcr\u00fct\u00fclen soru\u015fturman\u0131n da sonu\u00e7lanmak \u00fczere oldu\u011fu bildirilecek. Genelkurmay&#8217;\u0131n bakanlara verece\u011fi brifingde, soru\u015fturman\u0131n sonu\u00e7lar\u0131na ili\u015fkin bilgi verilmesi ve kabine \u00fcyelerinin kafalar\u0131nda olu\u015fan teredd\u00fctlerin giderilmesi hedefleniyor.<\/p>\n<p style=\"text-align: justify;\">\n<p style=\"text-align: justify;\">KASIMDA E\u011e\u0130RD\u0130R&#8217;DE<br \/>\nBa\u015fbakan Erdo\u011fan da, konuyla ilgili olarak &#8220;Ter\u00f6rle m\u00fccadeleye y\u00f6nelik neler yap\u0131l\u0131yor, yap\u0131lmakta, a\u011f\u0131rl\u0131kl\u0131 olarak bu konular\u0131 ihtiva eden bir brifing olacak&#8221; dedi. Erdo\u011fan kas\u0131m\u0131n ilk haftas\u0131 E\u011firdir&#8217;deki Da\u011f Komando Okulu&#8217;nda da bir brifing alacaklar\u0131n\u0131 s\u00f6yledi. \u00d6te yandan d\u00fcn ger\u00e7ekle\u015ftirilen haftal\u0131k bilgilendirme toplant\u0131s\u0131nda, ge\u00e7ti\u011fimiz hafta Hakk\u00e2ri Da\u011fl\u0131ca&#8217;daki bir \u00fcsse ve Van&#8217;\u0131n Ba\u015fkale il\u00e7esindeki iki karakola Akt\u00fct\u00fcn&#8217;e benzer iki sald\u0131r\u0131 giri\u015fimi oldu\u011fu, verilen kar\u015f\u0131l\u0131kta 17 PKK&#8217;l\u0131n\u0131n \u00f6ld\u00fcr\u00fcld\u00fc\u011f\u00fc belirtildi.\n<\/p>\n<p style=\"text-align: justify;\"><span style=\"color: #888888;\">( SABAH )<\/span><\/p>\n","protected":false},"excerpt":{"rendered":"<p style=\"text-align: center;\">\n<p style=\"text-align: justify;\">Genelkurmay Ba\u015fkanl\u0131\u011f\u0131, Org. Ba\u015fbu\u011f&#8217;un \u00f6nerisi \u00fczerine pazartesi g\u00fcn\u00fc yap\u0131lacak Bakanlar Kurulu&#8217;nda h\u00fck\u00fcmete ter\u00f6r brifingi verecek..<\/p>\n<p style=\"text-align: justify;\">Genelkurmay Ba\u015fkanl\u0131\u011f\u0131, 27 Ekim Pazartesi g\u00fcn\u00fc yap\u0131lacak Bakanlar Kurulu&#8217;nda brifing vererek bir ilki ger\u00e7ekle\u015ftirecek. Son g\u00fcnlerde y\u00fcr\u00fct\u00fclen i\u00e7 g\u00fcvenlik harek\u00e2tlar\u0131yla ilgili bilgilerin verilece\u011fi brifingde, Akt\u00fct\u00fcn sald\u0131r\u0131s\u0131 ard\u0131ndan geli\u015fen ihmal iddialar\u0131na da a\u00e7\u0131kl\u0131k getirilecek. <\/p>\n","protected":false},"author":1,"featured_media":0,"comment_status":"open","ping_status":"open","sticky":false,"template":"","format":"standard","meta":{"footnotes":""},"categories":[105],"tags":[],"class_list":["post-2089","post","type-post","status-publish","format-standard","hentry","category-gundem","odd"],"_links":{"self":[{"href":"http:\/\/www.korhanyilmaz.com\/index.php?rest_route=\/wp\/v2\/posts\/2089","targetHints":{"allow":["GET"]}}],"collection":[{"href":"http:\/\/www.korhanyilmaz.com\/index.php?rest_route=\/wp\/v2\/posts"}],"about":[{"href":"http:\/\/www.korhanyilmaz.com\/index.php?rest_route=\/wp\/v2\/types\/post"}],"author":[{"embeddable":true,"href":"http:\/\/www.korhanyilmaz.com\/index.php?rest_route=\/wp\/v2\/users\/1"}],"replies":[{"embeddable":true,"href":"http:\/\/www.korhanyilmaz.com\/index.php?rest_route=%2Fwp%2Fv2%2Fcomments&post=2089"}],"version-history":[{"count":0,"href":"http:\/\/www.korhanyilmaz.com\/index.php?rest_route=\/wp\/v2\/posts\/2089\/revisions"}],"wp:attachment":[{"href":"http:\/\/www.korhanyilmaz.com\/index.php?rest_route=%2Fwp%2Fv2%2Fmedia&parent=2089"}],"wp:term":[{"taxonomy":"category","embeddable":true,"href":"http:\/\/www.korhanyilmaz.com\/index.php?rest_route=%2Fwp%2Fv2%2Fcategories&post=2089"},{"taxonomy":"post_tag","embeddable":true,"href":"http:\/\/www.korhanyilmaz.com\/index.php?rest_route=%2Fwp%2Fv2%2Ftags&post=2089"}],"curies":[{"name":"wp","href":"https:\/\/api.w.org\/{rel}","templated":true}]}}