{"id":20872,"date":"2010-03-30T14:07:44","date_gmt":"2010-03-30T11:07:44","guid":{"rendered":"http:\/\/www.korhanyilmaz.com\/?p=20872"},"modified":"2010-03-30T14:07:44","modified_gmt":"2010-03-30T11:07:44","slug":"gul%e2%80%99u-severim-ama-atamalarina-bakin","status":"publish","type":"post","link":"http:\/\/www.korhanyilmaz.com\/?p=20872","title":{"rendered":"G\u00fcl\u2019\u00fc severim ama atamalar\u0131na bak\u0131n!"},"content":{"rendered":"<p style=\"text-align: justify;\"><a href=\"http:\/\/www.korhanyilmaz.com\/wp-content\/uploads\/2010\/03\/gul11.jpg\"  class=\"lightview\"><img loading=\"lazy\" decoding=\"async\" class=\"aligncenter size-full wp-image-20873\" src=\"http:\/\/www.korhanyilmaz.com\/wp-content\/uploads\/2010\/03\/gul11.jpg\" alt=\"\" width=\"338\" height=\"222\" \/><\/a>CHP Genel Ba\u015fkan\u0131 Deniz Baykal partisinin grup toplant\u0131s\u0131nda konu\u015ftu.<\/p>\n<p style=\"text-align: justify;\">Baykal, G\u00fcl i\u00e7in \u201cTan\u0131d\u0131\u011f\u0131m, gayet iyi muhabbet etti\u011fim bir insan\u201d dedi ve ekledi: \u201cBunlar\u0131 s\u00f6ylerken \u00fcz\u00fcl\u00fcyorum ama 31 g\u00fcnl\u00fck Denizcilik M\u00fcste\u015far Yard\u0131mc\u0131s\u0131\u2019n\u0131 Anayasa Mahkemesi yedek \u00fcyeli\u011fine atad\u0131. Bu olay\u0131 \u2019Cumhurba\u015fkan\u0131 se\u00e7ecek, ne olur, se\u00e7iversin\u2019 diyenlerin dikkatine sunuyorum.\u201d <!--more--><\/p>\n<p style=\"text-align: justify;\">CHP Genel Ba\u015fkan\u0131 Deniz Baykal, anayasa de\u011fi\u015fiklik teklifinin, yarg\u0131y\u0131 siyasi otoritenin etkisi alt\u0131na sokmay\u0131 hedefledi\u011fini s\u00f6yledi. Baykal\u2019\u0131n d\u00fcn partisinin grup toplant\u0131s\u0131nda yapt\u0131\u011f\u0131 g\u00fcndeme ili\u015fkin de\u011ferlendirmeler \u015f\u00f6yle:<\/p>\n<p style=\"text-align: justify;\"><strong>AKP\u2019N\u0130N HESABI:<\/strong> H\u00fck\u00fcmetin \u00f6nerdi\u011fi de\u011fi\u015fiklikler, T\u00fcrkiye\u2019nin devletin kurulu\u015fundan bu yana geli\u015ftirip ortaya koydu\u011fu temel, ba\u011f\u0131ms\u0131z yarg\u0131, hukukun \u00fcst\u00fcnl\u00fc\u011f\u00fc anlay\u0131\u015f\u0131n\u0131 tahrip etmeye y\u00f6nelik, hukuku siyasetin emrine almaya y\u00f6nelik yeni bir zihniyetin ortaya konulmas\u0131 anlam\u0131na gelmektedir. Mesele \u00fc\u00e7 temel maddedir. Anayasa Mahkemesi\u2019nin yap\u0131s\u0131, HSYK\u2019n\u0131n yap\u0131s\u0131 ve Anayasa\u2019y\u0131 ihlal eden, milli birli\u011fi b\u00fct\u00fcnl\u00fc\u011f\u00fc ihlal eden, ter\u00f6re ba\u015fvuracak, Anayasa\u2019n\u0131n \u00f6z\u00fcn\u00fc tahrip edecek siyasi partilerin bu tahribatlar\u0131na, bu Anayasa ihlallerine devam etmelerine imkan verecek bir d\u00fczenlemenin Anayasam\u0131za yerle\u015ftirilmesi. Hesaplar budur. Bu de\u011fi\u015fiklikler, T\u00fcrkiye\u2019nin devletin kurulu\u015fundan bu yana geli\u015ftirip ortaya koydu\u011fu temel, ba\u011f\u0131ms\u0131z yarg\u0131, hukukun \u00fcst\u00fcnl\u00fc\u011f\u00fc anlay\u0131\u015f\u0131n\u0131 tahrip etmeye y\u00f6nelik, hukuku siyasetin emrine almaya y\u00f6nelik yeni bir zihniyetin ortaya konulmas\u0131 anlam\u0131na gelmektedir. Baz\u0131 ki\u015filer olay\u0131, bu kadar a\u00e7\u0131k s\u00f6ylemeyerek, nezaketleri, zarafetleri gere\u011fi \u201cAman yarg\u0131 ku\u015fat\u0131lacak demeyelim, sayg\u0131s\u0131zl\u0131k olur\u201d diyorlar. Ku\u015fatma ne? Yarg\u0131 ele ge\u00e7iriliyor.<\/p>\n<p style=\"text-align: justify;\"><strong>YEDEKLER ASIL OLACAK:<\/strong> Anayasa Mahkemesi\u2019nin \u00fcye se\u00e7iminde Meclis 3 \u00fcyeyi se\u00e7ecek. Cumhurba\u015fkan\u0131, Yarg\u0131tay\u2019dan 3 ki\u015fiyi g\u00f6nderecek. Yarg\u0131tay o 3 ki\u015fiyi, Mecliste\u2019ki gibi se\u00e7meyecek. Meclisin se\u00e7me tarz\u0131 farkl\u0131, Yarg\u0131tay\u2019\u0131n farkl\u0131. Niye acaba? Yarg\u0131tay\u2019\u0131n se\u00e7ece\u011fi \u00fcyeler, \u00e7o\u011funlu\u011fun se\u00e7ti\u011fi \u00fcyeler olmak durumunda de\u011fil, Cumhurba\u015fkan\u0131 az\u0131nl\u0131\u011f\u0131n adaylar\u0131n\u0131 da se\u00e7ebilecek. Bunlar\u0131n hepsi ince ince ayarlamalar de\u011fil mi? De\u011fi\u015fikli\u011fin yasala\u015fmas\u0131 halinde yedek \u00fcyeler as\u0131l \u00fcye olacak.<\/p>\n<p style=\"text-align: justify;\"><strong>31 G\u00dcN SONRA ATANDI: <\/strong>Anayasa Mahkemesi\u2019nde raport\u00f6r olan bir ki\u015fi, 26 \u015eubat\u2019ta Denizcilik M\u00fcste\u015far Yard\u0131mc\u0131l\u0131\u011f\u0131\u2019na getirildi. 31 g\u00fcn sonra Cumhurba\u015fkan\u0131 taraf\u0131ndan d\u00fcn Anayasa Mahkemesi yedek \u00fcyeli\u011fine atand\u0131. Anayasa Mahkemesi\u2019ne \u00fcye se\u00e7ecek Cumhurba\u015fkan\u0131\u2019n\u0131n bu atamas\u0131na \u2019Cumhurba\u015fkan\u0131 se\u00e7ecek, ne olur, se\u00e7iversin\u2019 diyenlerin dikkatine sunuyorum. Anayasa de\u011fi\u015fikli\u011fi ger\u00e7ekle\u015firse, bu ki\u015fi otomatik olarak Anayasa Mahkemesi \u00fcyesidir.<\/p>\n<p style=\"text-align: justify;\"><strong>G\u00dcL \u0130Y\u0130 \u0130NSAN AMA: <\/strong>Almanya\u2019daki Anayasa Mahkemesi\u2019nin b\u00fct\u00fcn \u00fcyeleri hukuk\u00e7udur. Bu Mahkemenin 19 \u00fcyesinin 19\u2019u da AKP zihniyetinde insanlardan olu\u015fabilir dersek, yanl\u0131\u015f bir \u015fey mi s\u00f6ylemi\u015f oluruz? Bunun hi\u00e7bir g\u00fcvencesi yok dersek, yanl\u0131\u015f bir \u015fey mi s\u00f6ylemi\u015f oluruz? Say\u0131n Cumhurba\u015fkan\u0131\u2019n\u0131n \u015fu ana kadar ki b\u00fct\u00fcn se\u00e7me kararlar\u0131na bakarak Say\u0131n Cumhurba\u015fkan\u0131 hakk\u0131nda bunlar\u0131 s\u00f6ylerken \u00fcz\u00fcl\u00fcyorum \u00e7\u00fcnk\u00fc bir Cumhurba\u015fkan\u0131 hakk\u0131nda konu\u015fmak ho\u015fuma gitmiyor, \u00fcstelik tan\u0131d\u0131\u011f\u0131m, insani ili\u015fkilerim olan, bir araya geldi\u011fimizde gayet iyi muhabbet etti\u011fim bir insan hakk\u0131nda bunu s\u00f6ylemek beni tedirgin ediyor, rahats\u0131z ediyor ama bir ger\u00e7ek. Bunu s\u00f6ylemeyecek miyim, ana muhalefet partisinin i\u015fi bu de\u011fil mi, bunu anlatmam\u0131z gerekmiyor mu?<\/p>\n<p style=\"text-align: justify;\"><strong>ATAMALARINA BAKIN:<\/strong> Say\u0131n Cumhurba\u015fkan\u0131\u2019n\u0131n, bug\u00fcne kadar yapt\u0131\u011f\u0131 Y\u00d6K\u2019e atamalar\u0131na bak\u0131n. Y\u00d6K Ba\u015fkan\u0131\u2019n\u0131 atad\u0131. 19 \u00fcyeyi nas\u0131l se\u00e7ecek, Yarg\u0131tay\u2019dan, Dan\u0131\u015ftay\u2019dan, Y\u00d6K\u2019ten olmas\u0131&#8230; Zaten oralar\u0131 belirli bi\u00e7imde \u015fekillendirmeye \u00e7al\u0131\u015f\u0131yorsunuz. AKP yanda\u015f\u0131 olmas\u0131na engel mi? Bunu \u00f6yle olu\u015fturmayacak m\u0131s\u0131n\u0131z? Bu, AKP\u2019nin Anayasa Mahkemesi\u2019ni, kendisine yanda\u015f mahkeme haline getirme giri\u015fimidir. \u00c7ok a\u00e7\u0131k ve net, yal\u0131n ger\u00e7ek budur. \u2019Bu iyidir, do\u011frusu budur, d\u00fcnyada bu i\u015fler b\u00f6yle oluyor. AKP, TRT\u2019yi, Y\u00d6K\u2019\u00fc ele ge\u00e7irdi, b\u0131rak\u0131verin, ayn\u0131 \u015fekilde yarg\u0131y\u0131 da eline ge\u00e7iriversin, direnmeyin, teslim olun\u2019diye mi d\u00fc\u015f\u00fcnece\u011fiz. B\u00f6yle d\u00fc\u015f\u00fcncenin daha demokratik, \u00e7a\u011fda\u015f, bat\u0131l\u0131, uluslararas\u0131 standartlara uygun oldu\u011funu mu d\u00fc\u015f\u00fcnece\u011fiz? Akl\u0131m\u0131z\u0131 peynir ekmekle mi yedik? Akl\u0131n, sa\u011fduyunun, mant\u0131\u011f\u0131n gere\u011fi, bu ger\u00e7e\u011fi tespit etmek etmek de\u011fil mi? Yap\u0131lan operasyonun bu oldu\u011fu g\u00f6rmemezlikten gelinebilir mi? Birileri, bunu s\u00f6ylemek i\u015fine gelmedi\u011fi i\u00e7in g\u00f6rmemezlikten geliyor. Birilerinin g\u00f6zlerini, TRT\u2019nin sa\u011flad\u0131\u011f\u0131 geni\u015f mali olanaklar perdeliyor, onlar g\u00f6remiyor. Yanda\u015f medyan\u0131n i\u015fi zaten g\u00f6rmemek, yanda\u015f yazarlar\u0131n derdi ger\u00e7ekleri saklamak. Sa\u011fduyu, ak\u0131l, mant\u0131k, vicdan susacak m\u0131, teslim olacak m\u0131?<\/p>\n<p style=\"text-align: justify;\"><strong>Yar\u0131n\u0131n Y\u00fcce Divan\u2019\u0131 haz\u0131rlan\u0131yor <\/strong><\/p>\n<p style=\"text-align: justify;\">15. MADDE: Anayasan\u0131n ge\u00e7ici 15. maddesinin g\u00f6stermelik olarak kald\u0131r\u0131lmas\u0131 \u00f6ng\u00f6r\u00fcl\u00fcyor. B\u00f6yle bir maddenin Anayasa\u2019da bulunmas\u0131 da \u00fcz\u00fcc\u00fc. De\u011fi\u015fiklikle getirilen bir maddeyle, H\u00fck\u00fcmeti olu\u015fturan, iktidardaki siyasi partinin icraat\u0131ndan, hukuku, Anayasay\u0131 ihlali nedeniyle sadece ge\u00e7mi\u015fte de\u011fil, \u015fu andaki uygulamalar\u0131ndan dolay\u0131 da hesap sorulamayacak. Kendin i\u00e7in de 12 Eyl\u00fcl Anayasas\u0131\u2019n\u0131n ge\u00e7ici 15. maddesi gibi ge\u00e7ici olmayan, gelecekte de i\u015fleyecek bir 15. maddeyi, iktidar siyasi partisi i\u00e7in oraya koyuyorsun.<\/p>\n<p style=\"text-align: justify;\"><strong>YARININ Y\u00dcCE D\u0130VANI:<\/strong> De\u011fi\u015fiklik AKP projesidir. AKP\u2019nin tela\u015f\u0131 AKP\u2019nin iktidar d\u00f6neminin bitmesinden kaynaklanmaktad\u0131r. Abbas yolcudur. Anayasa Mahkemesinin yap\u0131s\u0131ndaki de\u011fi\u015fiklik de buna y\u00f6neliktidir. Yar\u0131n\u0131n Y\u00fcce Divan\u2019\u0131 haz\u0131rlan\u0131yor, dersem yanl\u0131\u015f bir \u015fey mi s\u00f6ylemi\u015f olurum. AKP freni patlam\u0131\u015f bir kamyon gibi milletin \u00fcst\u00fcne yuvarlan\u0131yor. Risk al\u0131yoruz, diyor. Risk al\u0131yoruz dedi\u011fi kabaday\u0131l\u0131k yap\u0131yoruz, hesab\u0131 \u00f6dememek i\u00e7in h\u0131r \u00e7\u0131karmay\u0131 g\u00f6ze al\u0131yoruz demek istiyor.<\/p>\n<p style=\"text-align: justify;\"><a href=\"http:\/\/www9.gazetevatan.com\/Gulu_severim_ama_atamalarina_bakin\/297039\/9\/Siyaset\" target=\"_blank\">Vatan<\/a><\/p>\n","protected":false},"excerpt":{"rendered":"<p style=\"text-align: justify;\">CHP Genel Ba\u015fkan\u0131 Deniz Baykal partisinin grup toplant\u0131s\u0131nda konu\u015ftu.<\/p>\n<p style=\"text-align: justify;\">Baykal, G\u00fcl i\u00e7in \u201cTan\u0131d\u0131\u011f\u0131m, gayet iyi muhabbet etti\u011fim bir insan\u201d dedi ve ekledi: \u201cBunlar\u0131 s\u00f6ylerken \u00fcz\u00fcl\u00fcyorum ama 31 g\u00fcnl\u00fck Denizcilik M\u00fcste\u015far Yard\u0131mc\u0131s\u0131\u2019n\u0131 Anayasa Mahkemesi yedek \u00fcyeli\u011fine atad\u0131. Bu olay\u0131 \u2019Cumhurba\u015fkan\u0131 se\u00e7ecek, ne olur, se\u00e7iversin\u2019 diyenlerin dikkatine sunuyorum.\u201d <\/p>\n","protected":false},"author":1,"featured_media":0,"comment_status":"open","ping_status":"closed","sticky":false,"template":"","format":"standard","meta":{"footnotes":""},"categories":[105],"tags":[],"class_list":["post-20872","post","type-post","status-publish","format-standard","hentry","category-gundem","odd"],"_links":{"self":[{"href":"http:\/\/www.korhanyilmaz.com\/index.php?rest_route=\/wp\/v2\/posts\/20872","targetHints":{"allow":["GET"]}}],"collection":[{"href":"http:\/\/www.korhanyilmaz.com\/index.php?rest_route=\/wp\/v2\/posts"}],"about":[{"href":"http:\/\/www.korhanyilmaz.com\/index.php?rest_route=\/wp\/v2\/types\/post"}],"author":[{"embeddable":true,"href":"http:\/\/www.korhanyilmaz.com\/index.php?rest_route=\/wp\/v2\/users\/1"}],"replies":[{"embeddable":true,"href":"http:\/\/www.korhanyilmaz.com\/index.php?rest_route=%2Fwp%2Fv2%2Fcomments&post=20872"}],"version-history":[{"count":0,"href":"http:\/\/www.korhanyilmaz.com\/index.php?rest_route=\/wp\/v2\/posts\/20872\/revisions"}],"wp:attachment":[{"href":"http:\/\/www.korhanyilmaz.com\/index.php?rest_route=%2Fwp%2Fv2%2Fmedia&parent=20872"}],"wp:term":[{"taxonomy":"category","embeddable":true,"href":"http:\/\/www.korhanyilmaz.com\/index.php?rest_route=%2Fwp%2Fv2%2Fcategories&post=20872"},{"taxonomy":"post_tag","embeddable":true,"href":"http:\/\/www.korhanyilmaz.com\/index.php?rest_route=%2Fwp%2Fv2%2Ftags&post=20872"}],"curies":[{"name":"wp","href":"https:\/\/api.w.org\/{rel}","templated":true}]}}