{"id":20865,"date":"2010-03-30T19:03:10","date_gmt":"2010-03-30T16:03:10","guid":{"rendered":"http:\/\/www.korhanyilmaz.com\/?p=20865"},"modified":"2010-03-30T19:03:10","modified_gmt":"2010-03-30T16:03:10","slug":"baykal-hinogluhinlik","status":"publish","type":"post","link":"http:\/\/www.korhanyilmaz.com\/?p=20865","title":{"rendered":"Baykal: &quot;Hino\u011fluhinlik!..&quot;"},"content":{"rendered":"<p><a href=\"http:\/\/www.korhanyilmaz.com\/wp-content\/uploads\/2010\/03\/baykal6.jpg\"  class=\"lightview\"><img loading=\"lazy\" decoding=\"async\" class=\"aligncenter size-full wp-image-20866\" src=\"http:\/\/www.korhanyilmaz.com\/wp-content\/uploads\/2010\/03\/baykal6.jpg\" alt=\"\" width=\"292\" height=\"194\" \/><\/a><\/p>\n<p style=\"text-align: justify;\">CHP Genel Ba\u015fkan\u0131 Deniz Baykal, AK Parti&#8217;nin Anayasa paketiyle Anayasa Mahkemesi&#8217;ni yanda\u015f hale getirmek istedi\u011fini s\u00f6yledi. \u0130nce ayarlamalar yap\u0131ld\u0131\u011f\u0131n\u0131 s\u00f6yleyen Baykal, &#8220;Bunun alt\u0131nda hangi hino\u011fluhinli\u011fin yatt\u0131\u011f\u0131n\u0131 bilmeyecek miyiz?&#8221; dedi. Baykal, paketle y\u00fcksek mahkemeye atad\u0131\u011f\u0131 \u00fcye say\u0131s\u0131 art\u0131r\u0131lan Cumhurba\u015fkan\u0131 i\u00e7in de, &#8220;\u0130yi muhabbet etti\u011fim biri ama AK Parti zihniyetinde atama yap\u0131yor&#8221; ele\u015ftirisinde bulundu.<!--more--><\/p>\n<p style=\"text-align: justify;\">Partisinin Meclis grubunda konu\u015fan Baykal, AK Parti&#8217;nin 26 maddelik Anayasa paketinin \u00f6z\u00fcn\u00fcn 3 madde oldu\u011funu, gerisinin garnit\u00fcr oldu\u011funu s\u00f6yledi.<\/p>\n<p style=\"text-align: justify;\">&#8220;G\u00f6stermelik&#8221; maddeler konusunda i\u015fbirli\u011fi yapabileceklerini s\u00f6yleyen Baykal, &#8220;Ama mesele \u00fc\u00e7 temel maddedir. Anayasa Mahkemesi&#8217;nin yap\u0131s\u0131, Hakimler ve Savc\u0131lar Y\u00fcksek Kurulu&#8217;nun yap\u0131s\u0131 ve Anayasay\u0131 ihlal eden, milli birli\u011fi b\u00fct\u00fcnl\u00fc\u011f\u00fc ihlal eden, ter\u00f6re ba\u015fvuracak, Anayasan\u0131n \u00f6z\u00fcn\u00fc tahrip edecek siyasi partilerin bu tahribatlar\u0131na, bu Anayasa ihlallerine devam etmelerine imkan verecek bir d\u00fczenlemenin Anayasam\u0131za yerle\u015ftirilmesi. Hesaplar budur&#8221; dedi.<\/p>\n<p style=\"text-align: justify;\"><strong>AK Partililere \u00e7a\u011fr\u0131 <\/strong><\/p>\n<p style=\"text-align: justify;\">&#8220;M\u00fcmk\u00fcnse AKP y\u00f6netimi bu yanl\u0131\u015fa dur demelidir&#8221; diyen Baykal, &#8220;E\u011fer y\u00f6netim, yanl\u0131\u015fa dur demezse AKP milletvekili dur demelidir. Onlar\u0131n i\u00e7inde sa\u011fduyulu, vatansever, \u00fclkeyi \u00e7alkant\u0131lara, ac\u0131lara s\u00fcr\u00fcklemeyecek duyarl\u0131l\u0131ktaki insanlar bu te\u015febb\u00fcse alet olmamal\u0131d\u0131r&#8221; diye konu\u015ftu.<\/p>\n<p style=\"text-align: justify;\"><strong>&#8220;23 soruya tek yan\u0131t&#8221; <\/strong><\/p>\n<p style=\"text-align: justify;\">D\u00fczenlemenin b\u00fct\u00fcn\u00fcyle halkoyuna sunulmas\u0131n\u0131n \u00f6ng\u00f6r\u00fcld\u00fc\u011f\u00fcn\u00fc an\u0131msatan Baykal, birbiriyle alakas\u0131 olmayan 23 soru soruldu\u011funu, bir tek cevap hakk\u0131 verildi\u011fini ifade etti.<\/p>\n<p style=\"text-align: justify;\">Venedik Kriterleri&#8217;nin ayr\u0131 konular\u0131n ayr\u0131 ayr\u0131 halkoyuna sunulmas\u0131n\u0131 \u00f6ng\u00f6rd\u00fc\u011f\u00fcn\u00fc an\u0131msatan Baykal, &#8220;\u0130\u015fine geldi\u011fi zaman Venedik, i\u015fine geldi\u011fi zaman \u0130stanbul, i\u015fine geldi\u011fi zaman Ankara&#8230; Bunlar samimiyetsizlik&#8221; dedi.<\/p>\n<p style=\"text-align: justify;\"><strong>&#8220;S\u0131radan bir de\u011fi\u015fiklik de\u011fil&#8221; <\/strong><\/p>\n<p style=\"text-align: justify;\">Baykal, yap\u0131lmak istenen de\u011fi\u015fikliklerin s\u0131radan, al\u0131\u015f\u0131lm\u0131\u015f de\u011fi\u015fikliklerden \u00e7ok farkl\u0131 oldu\u011funu vurgulad\u0131.<\/p>\n<p style=\"text-align: justify;\">AK Parti&#8217;nin Anayasa Mahkemesi&#8217;ni yanda\u015f mahkeme haline getirmeye \u00e7al\u0131\u015ft\u0131\u011f\u0131n\u0131 savunan Baykal, &#8220;Ku\u015fatma ne? yarg\u0131 ele ge\u00e7iriliyor&#8221; dedi.<\/p>\n<p style=\"text-align: justify;\"><strong>&#8220;Hino\u011fluhinlik&#8221; <\/strong><\/p>\n<p style=\"text-align: justify;\">Baykal, Anayasa Mahkemesi&#8217;ne Meclis&#8217;in 3 \u00fcye se\u00e7ti\u011fini hat\u0131rlatarak, &#8220;Meclis se\u00e7iyor diyorsam, laf\u0131n geli\u015fi, Meclis i\u00e7indeki \u00e7o\u011funluk se\u00e7iyor. Cumhurba\u015fkan\u0131, Yarg\u0131tay&#8217;dan 3 ki\u015fiyi g\u00f6nderecek. Yarg\u0131tay o 3 ki\u015fiyi, Meclis&#8217;teki gibi se\u00e7meyecek. Meclis&#8217;in se\u00e7me tarz\u0131 farkl\u0131, Yarg\u0131tay&#8217;\u0131n farkl\u0131. Niye acaba? Yarg\u0131tay&#8217;\u0131n se\u00e7ece\u011fi \u00fcyeler, \u00e7o\u011funlu\u011fun se\u00e7ti\u011fi \u00fcyeler olmak durumunda de\u011fil, Cumhurba\u015fkan\u0131 az\u0131nl\u0131\u011f\u0131n adaylar\u0131n\u0131 da se\u00e7ebilecek. Orada onun tertibat\u0131 yap\u0131lm\u0131\u015f. Bunlar\u0131n hepsi ince ince ayarlamalar de\u011fil mi? Bunlara, alt\u0131nda iyiniyet, demokrasi anlay\u0131\u015f\u0131 var diye inanmak, temiz bir zihniyetin, idealist bir anlay\u0131\u015f\u0131n, vatanseverli\u011fin gere\u011fidir deyip, \u00f6yle mi bakaca\u011f\u0131z, i\u015fin ger\u00e7e\u011fini g\u00f6rmeyecek miyiz, bunun alt\u0131nda hangi hino\u011fluhinli\u011fin yatt\u0131\u011f\u0131n\u0131 bilmeyecek miyiz?&#8221; dedi.<\/p>\n<p style=\"text-align: justify;\"><strong>G\u00fcl&#8217;\u00fcn d\u00fcn yapt\u0131\u011f\u0131 atamaya dikkat \u00e7ekti <\/strong><\/p>\n<p style=\"text-align: justify;\">Baykal, Anayasa Mahkemesi&#8217;nde raport\u00f6r olan bir ki\u015finin, 26 \u015eubat&#8217;ta Denizcilik M\u00fcste\u015far Yard\u0131mc\u0131l\u0131\u011f\u0131&#8217;na getirildi\u011fini, 31 g\u00fcn bu g\u00f6revde \u00e7al\u0131\u015ft\u0131ktan sonra Cumhurba\u015fkan\u0131 taraf\u0131ndan d\u00fcn Anayasa Mahkemesi yedek \u00fcyeli\u011fine atand\u0131\u011f\u0131n\u0131 s\u00f6yledi.<\/p>\n<p style=\"text-align: justify;\">Baykal, &#8220;Anayasa Mahkemesi&#8217;ne \u00fcye se\u00e7ecek Say\u0131n Cumhurba\u015fkan\u0131&#8217;n\u0131n bu atamas\u0131na &#8216;Cumhurba\u015fkan\u0131 se\u00e7ecek, ne olur, se\u00e7iversin&#8217; diyenlerin dikkatine sunuyorum. Anayasa de\u011fi\u015fikli\u011fi ger\u00e7ekle\u015firse, bu ki\u015fi otomatik olarak Anayasa Mahkemesi \u00fcyesidir&#8221; diye konu\u015ftu.<\/p>\n<p style=\"text-align: justify;\">Baykal, Almanya&#8217;daki Anayasa Mahkemesi&#8217;nin b\u00fct\u00fcn \u00fcyelerinin hukuk\u00e7u oldu\u011funu belirterek, &#8220;Bu Anayasa Mahkemesi&#8217;nin 19 \u00fcyesinin 19&#8217;u da AKP zihniyetinde insanlardan olu\u015fabilir dersek, yanl\u0131\u015f bir \u015fey mi s\u00f6ylemi\u015f oluruz?&#8221; diye konu\u015ftu.<\/p>\n<p style=\"text-align: justify;\"><strong>&#8220;G\u00fcl iyi muhabbet etti\u011fim biri ama&#8230;&#8221; <\/strong><\/p>\n<p style=\"text-align: justify;\">Baykal, &#8220;Say\u0131n Cumhurba\u015fkan\u0131&#8217;n\u0131n \u015fu ana kadarki b\u00fct\u00fcn se\u00e7me kararlar\u0131na bakarak -Say\u0131n Cumhurba\u015fkan\u0131 hakk\u0131nda bunlar\u0131 s\u00f6ylerken \u00fcz\u00fcl\u00fcyorum- \u00e7\u00fcnk\u00fc bir Cumhurba\u015fkan\u0131 hakk\u0131nda konu\u015fmak ho\u015fuma gitmiyor, \u00fcstelik tan\u0131d\u0131\u011f\u0131m, insani ili\u015fkilerim olan, bir araya geldi\u011fimizde gayet iyi muhabbet etti\u011fim bir insan hakk\u0131nda bunu s\u00f6ylemek beni tedirgin ediyor, rahats\u0131z ediyor ama bir ger\u00e7ek. Bunu s\u00f6ylemeyecek miyim, anamuhalefet partisinin i\u015fi bu de\u011fil mi, bunu anlatmam\u0131z gerekmiyor mu? Say\u0131n Cumhurba\u015fkan\u0131n\u0131n, bug\u00fcne kadar yapt\u0131\u011f\u0131 Y\u00d6K&#8217;e atamalar\u0131na bak\u0131n. Y\u00d6K Ba\u015fkan\u0131&#8217;n\u0131 atad\u0131. 19 \u00fcyeyi nas\u0131l se\u00e7ecek, Yarg\u0131taydan, Dan\u0131\u015ftaydan, Y\u00d6K&#8217;ten olmas\u0131&#8230; Zaten oralar\u0131 belirli bi\u00e7imde \u015fekillendirmeye \u00e7al\u0131\u015f\u0131yorsunuz. AKP yanda\u015f\u0131 olmas\u0131na engel mi? Bunu \u00f6yle olu\u015fturmayacak m\u0131s\u0131n\u0131z? Bu, AKP&#8217;nin Anayasa Mahkemesini, kendisine yanda\u015f mahkeme haline getirme giri\u015fimidir&#8221; dedi.<\/p>\n<p style=\"text-align: justify;\">&#8220;Akl\u0131m\u0131z\u0131 peynir ekmekle mi yedik&#8221; diyen Baykal, &#8220;Birileri, bunu s\u00f6ylemek i\u015fine gelmedi\u011fi i\u00e7in g\u00f6rmemezlikten geliyor. Birilerinin g\u00f6zlerini, TRT&#8217;nin sa\u011flad\u0131\u011f\u0131 geni\u015f mali olanaklar perdeliyor, onlar g\u00f6remiyor. Yanda\u015f medyan\u0131n i\u015fi zaten g\u00f6rmemek, yanda\u015f yazarlar\u0131n derdi ger\u00e7ekleri saklamak&#8221; diye konu\u015ftu.<\/p>\n<p style=\"text-align: justify;\">Baykal, &#8220;Yar\u0131n\u0131n Y\u00fcce Divan&#8217;\u0131 haz\u0131rlan\u0131yor, dersem yanl\u0131\u015f bir \u015fey mi s\u00f6ylemi\u015f olurum. Beni yarg\u0131layacak mahkemeyi olu\u015fturay\u0131m tela\u015f\u0131d\u0131r bu. \u00c7ok a\u00e7\u0131k. \u0130\u015fin ger\u00e7e\u011fi budur. Millet de bunu g\u00f6r\u00fcyor&#8221; dedi.<\/p>\n<p style=\"text-align: justify;\"><strong>&#8220;Baykal demi\u015fti dersiniz&#8230;&#8221; <\/strong><\/p>\n<p style=\"text-align: justify;\">K\u00fcrt, Ermeni a\u00e7\u0131l\u0131mlar\u0131na ne oldu\u011funun g\u00f6r\u00fcld\u00fc\u011f\u00fcn\u00fc, &#8220;K\u00fcrt a\u00e7\u0131l\u0131m\u0131&#8221; etraf\u0131nda k\u0131yamet kopar\u0131ld\u0131\u011f\u0131n\u0131, Hollywood ve Ye\u015fil\u00e7am&#8217;dan yard\u0131m istendi\u011fini, oluk oluk para ak\u0131t\u0131ld\u0131\u011f\u0131n\u0131 ifade eden Baykal, &#8220;\u0130lk geli\u015flerine baksayd\u0131n\u0131z &#8216;vay be silindir gibi ezip ge\u00e7eceklerdi.&#8217; Ne oldu? A\u011f\u0131zlar\u0131na almaya cesaret edemiyorlar, unutturmaya \u00e7al\u0131\u015f\u0131yorlar. \u0130\u015fi getirdiler parayla davet ettikleri Romanlarla e\u011flence, \u015fenlik, panay\u0131r havas\u0131na dayatt\u0131lar&#8221; diye konu\u015ftu.<\/p>\n<p style=\"text-align: justify;\">&#8220;Ermeni a\u00e7\u0131l\u0131m\u0131nda neredeyiz?&#8221; diye soran Baykal, ABD&#8217;deki karardan sonra Ba\u015fbakan&#8217;\u0131n havalara girip, esip g\u00fcrledi\u011fini, b\u00fcy\u00fckel\u00e7iyi geri \u00e7ekti\u011fini, ABD ziyaretini iptal etti\u011fini ifade etti. Baykal, &#8220;Say\u0131n Ba\u015fbakan&#8217;\u0131n, ABD ziyaretine yan\u0131nda b\u00fcy\u00fckel\u00e7iyi de al\u0131p gitmesi durumu ortaya \u00e7\u0131karsa sak\u0131n \u015fa\u015f\u0131rmay\u0131n. Deniz Baykal demi\u015fti dersiniz. Bu da bir fiyaskodur&#8221; dedi.<\/p>\n<p style=\"text-align: justify;\"><strong>&#8220;Ger\u00e7ek g\u00fcndem&#8230;&#8221; <\/strong><\/p>\n<p style=\"text-align: justify;\">Hasat mevsimi yakla\u015f\u0131rken \u00e7ift\u00e7inin b\u00fcy\u00fck s\u0131k\u0131nt\u0131 i\u00e7inde oldu\u011funu, y\u0131llard\u0131r izlenen yanl\u0131\u015f politikalar nedeniyle &#8220;borca batt\u0131\u011f\u0131n\u0131&#8221; savunan Baykal, iktidar\u0131n ise bu sorunlara duyars\u0131z kald\u0131\u011f\u0131n\u0131 ve bamba\u015fka konularla me\u015fgul oldu\u011funu s\u00f6yledi.<\/p>\n<p style=\"text-align: justify;\">Tar\u0131mda elektrik kullan\u0131m \u00fccretinin son derece y\u00fcksek oldu\u011funu, bir \u00e7ok \u00e7ift\u00e7inin bu \u00fccretleri \u00f6deyemedi\u011fi i\u00e7in elektri\u011finin kesildi\u011fini anlatan Baykal, iktidar\u0131n bu soruna derhal \u00e7\u00f6z\u00fcm bulmas\u0131n\u0131 istedi.<\/p>\n<p style=\"text-align: justify;\">Temerr\u00fct faizinin y\u00fcksekli\u011fine de dikkati \u00e7eken Baykal, bor\u00e7lar\u0131n\u0131 \u00f6deyemeyen ve y\u00fcksek faiz nedeniyle s\u0131k\u0131nt\u0131ya giren \u00e7ift\u00e7ilerin durumlar\u0131ndan \u00f6rnekler verdi.<\/p>\n<p style=\"text-align: justify;\"><span style=\"color: #888888;\">CNN T\u00dcRK<\/span><\/p>\n","protected":false},"excerpt":{"rendered":"<\/p>\n<p style=\"text-align: justify;\">CHP Genel Ba\u015fkan\u0131 Deniz Baykal, AK Parti&#8217;nin Anayasa paketiyle Anayasa Mahkemesi&#8217;ni yanda\u015f hale getirmek istedi\u011fini s\u00f6yledi. \u0130nce ayarlamalar yap\u0131ld\u0131\u011f\u0131n\u0131 s\u00f6yleyen Baykal, &#8220;Bunun alt\u0131nda hangi hino\u011fluhinli\u011fin yatt\u0131\u011f\u0131n\u0131 bilmeyecek miyiz?&#8221; dedi. Baykal, paketle y\u00fcksek mahkemeye atad\u0131\u011f\u0131 \u00fcye say\u0131s\u0131 art\u0131r\u0131lan Cumhurba\u015fkan\u0131 i\u00e7in de, &#8220;\u0130yi muhabbet etti\u011fim biri ama AK Parti zihniyetinde atama yap\u0131yor&#8221; ele\u015ftirisinde bulundu.<\/p>\n","protected":false},"author":1,"featured_media":0,"comment_status":"open","ping_status":"closed","sticky":false,"template":"","format":"standard","meta":{"footnotes":""},"categories":[105],"tags":[],"class_list":["post-20865","post","type-post","status-publish","format-standard","hentry","category-gundem","odd"],"_links":{"self":[{"href":"http:\/\/www.korhanyilmaz.com\/index.php?rest_route=\/wp\/v2\/posts\/20865","targetHints":{"allow":["GET"]}}],"collection":[{"href":"http:\/\/www.korhanyilmaz.com\/index.php?rest_route=\/wp\/v2\/posts"}],"about":[{"href":"http:\/\/www.korhanyilmaz.com\/index.php?rest_route=\/wp\/v2\/types\/post"}],"author":[{"embeddable":true,"href":"http:\/\/www.korhanyilmaz.com\/index.php?rest_route=\/wp\/v2\/users\/1"}],"replies":[{"embeddable":true,"href":"http:\/\/www.korhanyilmaz.com\/index.php?rest_route=%2Fwp%2Fv2%2Fcomments&post=20865"}],"version-history":[{"count":0,"href":"http:\/\/www.korhanyilmaz.com\/index.php?rest_route=\/wp\/v2\/posts\/20865\/revisions"}],"wp:attachment":[{"href":"http:\/\/www.korhanyilmaz.com\/index.php?rest_route=%2Fwp%2Fv2%2Fmedia&parent=20865"}],"wp:term":[{"taxonomy":"category","embeddable":true,"href":"http:\/\/www.korhanyilmaz.com\/index.php?rest_route=%2Fwp%2Fv2%2Fcategories&post=20865"},{"taxonomy":"post_tag","embeddable":true,"href":"http:\/\/www.korhanyilmaz.com\/index.php?rest_route=%2Fwp%2Fv2%2Ftags&post=20865"}],"curies":[{"name":"wp","href":"https:\/\/api.w.org\/{rel}","templated":true}]}}