{"id":20861,"date":"2010-03-30T07:22:01","date_gmt":"2010-03-30T04:22:01","guid":{"rendered":"http:\/\/www.korhanyilmaz.com\/?p=20861"},"modified":"2010-03-30T07:22:01","modified_gmt":"2010-03-30T04:22:01","slug":"ergin-parlamento-yapti-yapti-yapamadi","status":"publish","type":"post","link":"http:\/\/www.korhanyilmaz.com\/?p=20861","title":{"rendered":"Ergin: &quot;Parlamento yapt\u0131, yapt\u0131. Yapamad\u0131&#8230;&quot;"},"content":{"rendered":"<p style=\"text-align: center;\"><a href=\"http:\/\/www.korhanyilmaz.com\/wp-content\/uploads\/2010\/03\/ergin.jpg\"  class=\"lightview\"><img loading=\"lazy\" decoding=\"async\" class=\"aligncenter size-full wp-image-20862\" src=\"http:\/\/www.korhanyilmaz.com\/wp-content\/uploads\/2010\/03\/ergin.jpg\" alt=\"\" width=\"307\" height=\"236\" \/><\/a><\/p>\n<p style=\"text-align: justify;\">Adalet Bakan\u0131 Sadullah Ergin, Anayasa de\u011fi\u015fikli\u011fi paketi \u00e7al\u0131\u015fmalar\u0131na ili\u015fkin, &#8220;Parlamento yapt\u0131, yapt\u0131. Yapamad\u0131 Anayasam\u0131zda yolu var, halka sunar\u0131z. Burada halk ger\u00e7ekten son noktay\u0131 koyacak en dominant irade. Millet kabul ederse ba\u015f\u0131m\u0131z\u0131n \u00fcst\u00fcnde, kabul etmezse gene ba\u015f\u0131m\u0131z\u0131n \u00fcst\u00fcnde&#8221; dedi. <!--more--><\/p>\n<p style=\"text-align: justify;\">Bakan Ergin TRT-1&#8217;de yay\u0131nlanan &#8220;Enine Boyuna&#8221; program\u0131nda g\u00fcndeme ili\u015fkin sorular\u0131 yan\u0131tlad\u0131.<\/p>\n<p style=\"text-align: justify;\">Adalet Bakan\u0131 Ergin, &#8220;CHP&#8217;nin Anayasa de\u011fi\u015fikli\u011fi konusundaki \u00f6neri paketine ili\u015fkin de\u011ferlendirmelerinin&#8221; sorulmas\u0131 \u00fczerine, \u015funlar\u0131 kaydetti:<\/p>\n<p style=\"text-align: justify;\">&#8220;Bana soruldu\u011funda ifade etmi\u015ftim; &#8216;\u0130n\u015fallah samimidir, \u00f6nerileri samimi ise bunlar\u0131 konu\u015furuz, tart\u0131\u015f\u0131r\u0131z&#8217; ama \u015fu anda ba\u015flayan bir s\u00fcreci ve inisiyatifi e\u011fer bir zamana yaymak ve &#8216;bu d\u00f6nem bu \u00e7al\u0131\u015fmalar yap\u0131lmas\u0131n&#8217; diye s\u00fcreci \u00f6telemek niyetinde ise elbette ki buna kar\u015f\u0131 bizim ge\u00e7mi\u015ften de gelen deneyimlerimizle gerekli tedbirleri alma hakk\u0131m\u0131z\u0131n oldu\u011funu d\u00fc\u015f\u00fcn\u00fcyorum.<\/p>\n<p style=\"text-align: justify;\">Dolay\u0131s\u0131yla biz bir yan\u0131yla biz kendi s\u00fcrecimizi i\u015fletece\u011fiz ve bunu muhalefet kap\u0131y\u0131 kapatsa da elinin tersi ile de itse bu paketi, tasla\u011f\u0131 biz sonuna kadar uzla\u015f\u0131y\u0131 zorlayaca\u011f\u0131m\u0131z\u0131 ifade ettik. B\u00fct\u00fcn muhalefeti, sivil toplum \u00f6rg\u00fctlerini dola\u015ft\u0131k. \u00d6nerileri m\u00fcmk\u00fcn oldu\u011funca tasla\u011fa yans\u0131tmaya \u00e7al\u0131\u015ft\u0131k. Bunu Meclis Ba\u015fkanl\u0131\u011f\u0131&#8217;na takdim etti\u011fimizde zaten ele\u015ftirilerden \u00f6nemli \u00f6l\u00e7\u00fcde istifade etti\u011fimiz de g\u00f6r\u00fclecektir. Bunun komisyon a\u015famas\u0131nda, Genel Kurul a\u015famas\u0131nda yine bu uzla\u015f\u0131 zeminini bulmak i\u00e7in, \u00fczerinde bu paketin uzla\u015fma sa\u011flayabilmek i\u00e7in azami gayret edece\u011fiz AK Parti olarak.&#8221;<\/p>\n<p style=\"text-align: justify;\">&#8220;Komisyonda Anayasa de\u011fi\u015fiklik paketine yeni eklemeler olabilir mi?&#8221; sorusuna Bakan Ergin, &#8220;Elbette&#8221; yan\u0131t\u0131n\u0131 verdi.<\/p>\n<p style=\"text-align: justify;\">Anayasa de\u011fi\u015fikli\u011fine ili\u015fkin teklife yeni maddelerin ancak Meclis Ba\u015fkanl\u0131\u011f\u0131na sunulana kadar konulabilece\u011fini ifade eden Ergin, &#8220;\u00dczerinde uzla\u015faca\u011f\u0131m\u0131z teklifler gelirse ba\u015fka bir teklif verilip bunlar\u0131n komisyonunda birle\u015ftirilmesi gibi teknik bir tak\u0131m imkanlar zorlanarak uzla\u015f\u0131n\u0131n yollar\u0131na hizmet edecek her t\u00fcrl\u00fc imkan\u0131 kullanmaya kararl\u0131 AK Parti. Yeter ki bu noktada istekli, \u00f6n yarg\u0131s\u0131z, iyi niyetli bir giri\u015fim olsun, biz sonuna kadar buna a\u00e7\u0131\u011f\u0131z&#8221; diye konu\u015ftu.<\/p>\n<p style=\"text-align: justify;\"><strong>&#8220;S\u00fcre bahane de\u011fil&#8221; <\/strong><\/p>\n<p style=\"text-align: justify;\">Bakan Ergin, genel se\u00e7imlere \u00e7ok k\u0131sa bir s\u00fcre kald\u0131\u011f\u0131n\u0131n hat\u0131rlat\u0131lmas\u0131 \u00fczerine, &#8220;2011&#8217;in Temmuzunda se\u00e7imler, dolay\u0131s\u0131yla s\u0131caklardan dolay\u0131 bir ay geriye \u00e7ekildi\u011fini d\u00fc\u015f\u00fcn\u00fcrsek 2011&#8217;in Haziran\u0131, en erken se\u00e7imlerin yap\u0131laca\u011f\u0131 tarih olarak. Dolay\u0131s\u0131yla se\u00e7imlere yakla\u015f\u0131k 14-15 ay s\u00fcre var&#8221; dedi.<\/p>\n<p style=\"text-align: justify;\">Adalet Bakan\u0131 Ergin, &#8220;Takvim nas\u0131l i\u015fleyecek? Se\u00e7im y\u0131l\u0131na gelmesinden olay\u0131 ele\u015ftirenler var, di\u011fer taraftan da &#8216;AK Parti a\u00e7\u0131s\u0131ndan bir intihar giri\u015fimi&#8217; deniliyor&#8221; ifadeleri \u00fczerine, \u015funlar\u0131 s\u00f6yledi:<\/p>\n<p style=\"text-align: justify;\">&#8220;(Se\u00e7im y\u0131l\u0131) deniliyor. Se\u00e7ime 1 seneden fazla zaman var. Biz 2007 se\u00e7imlerinden yeni \u00e7\u0131km\u0131\u015ft\u0131k, s\u0131f\u0131r kilometre bir parlamentoyla ve son y\u0131llar\u0131n en y\u00fcksek temsil oran\u0131na sahip bir parlamento ile bunu yapmaya kalk\u0131\u015ft\u0131\u011f\u0131m\u0131zda da gene engellerle kar\u015f\u0131la\u015ft\u0131k. Dolay\u0131s\u0131yla se\u00e7imlere &#8216;bir y\u0131l, \u00fc\u00e7 y\u0131l, d\u00f6rt y\u0131l var&#8217;&#8230; Bunlar\u0131n hi\u00e7 biri mazeret de\u011fil. Se\u00e7imlere d\u00f6rt y\u0131l varken buna engel \u00e7\u0131kart\u0131ld\u0131, 2008&#8217;de Say\u0131n K\u00f6ksal Toptan&#8217;\u0131n g\u00fcndeme getirdi\u011fi inisiyatif, se\u00e7imlere 3 y\u0131l varken g\u00fcndeme getirilmi\u015f bir inisiyatiftir, o zaman da kar\u015f\u0131 \u00e7\u0131k\u0131ld\u0131. Bug\u00fcn bir y\u0131l\u0131 a\u015fk\u0131n bir s\u00fcre var. Bilhassa \u015funu ifade edeyim; s\u00fcre bahane de\u011fil. &#8216;\u015eu kadar zaman var, bu kadar zaman var&#8217;&#8230; Bunlar bahane de\u011fil.&#8221;<\/p>\n<p style=\"text-align: justify;\">Bu kadar \u0131srarla &#8216;gelin bu i\u015fleri d\u00fczeltelim&#8217; dedikleri halde farkl\u0131 mazeretler ileri s\u00fcr\u00fclmesinin bu i\u015fin yap\u0131lmak istenmedi\u011fini g\u00f6sterdi\u011fini dile getiren Ergin, &#8220;Bu \u015fekilde uzla\u015fma giri\u015fimlerini de elinin tersi ile itip &#8216;hay\u0131r ben uzla\u015fmayaca\u011f\u0131m&#8217;, &#8216;ben \u00e7al\u0131\u015fmayaca\u011f\u0131m&#8217; diye \u0131srarla belirten bir partnere kar\u015f\u0131 uzla\u015fman\u0131n yollar\u0131n\u0131 zorluyoruz, ar\u0131yoruz. \u0130n\u015fallah biz de buluruz ama \u00f6neren varsa yeni form\u00fcller, modeller biz onlar\u0131 da denemeye haz\u0131r\u0131z&#8221; diye konu\u015ftu.<\/p>\n<p style=\"text-align: justify;\"><strong>Referandum olacak m\u0131? <\/strong><\/p>\n<p style=\"text-align: justify;\">Bakan Ergin, Anayasa de\u011fi\u015fikli\u011fi paketinin referanduma sunulup sunulmayaca\u011f\u0131 sorusuna, bu de\u011fi\u015fikli\u011fin TBMM&#8217;de uzla\u015fmayla kabul edilmesini istediklerini ifade etti.<\/p>\n<p style=\"text-align: justify;\">Ergin, &#8220;T\u00fcrkiye&#8217;nin derdine deva olacak bir i\u015f yapmadan vaziyeti idare eder pozisyonda buralar\u0131 i\u015fgal etmek, bu millete yap\u0131lacak en b\u00fcy\u00fck haks\u0131zl\u0131k. Onun i\u00e7in biz bu halk\u0131n, bu \u00fclkenin ihtiya\u00e7 duydu\u011fu, d\u00f6n\u00fc\u015f\u00fcmleri, de\u011fi\u015fimleri, yenilikleri, reformlar\u0131 bu toplumun g\u00fcndemine getirmeliyiz, toplumun g\u00fcndemine bunu ta\u015f\u0131mal\u0131y\u0131z. En nihayetinde Parlamento yapt\u0131, yapt\u0131. Yapamad\u0131 Anayasam\u0131zda yolu var, halka sunar\u0131z. Burada halk ger\u00e7ekten son noktay\u0131 koyacak en dominant irade. Millet kabul ederse ba\u015f\u0131m\u0131z\u0131n \u00fcst\u00fcnde, kabul etmezse gene ba\u015f\u0131m\u0131z\u0131n \u00fcst\u00fcnde. Milletin iradesine sayg\u0131 duyaca\u011f\u0131z. Bu anlamda bu demokratik gelene\u011fi, k\u00fclt\u00fcr\u00fc de olgunla\u015ft\u0131rmak, olu\u015fturmak, bunun \u00f6n\u00fcn\u00fc a\u00e7mak da ayr\u0131 bir hizmet diye d\u00fc\u015f\u00fcn\u00fcyorum&#8221; dedi.<\/p>\n<p style=\"text-align: justify;\"><strong>HSYK sorusu <\/strong><\/p>\n<p style=\"text-align: justify;\">Bakan Ergin, &#8220;HSYK i\u00e7in nas\u0131l bir model \u00f6ng\u00f6r\u00fcyorsunuz?&#8221; sorusuna ise \u015f\u00f6yle yan\u0131tlad\u0131:<\/p>\n<p style=\"text-align: justify;\">&#8220;Tasla\u011f\u0131 olu\u015ftururken hem y\u00fcksek yarg\u0131dan \u00fcyeler bulunsun, hem en \u00e7ok istenen \u015fey k\u00fcrs\u00fcdeki hakim savc\u0131lar, en az yar\u0131s\u0131n\u0131 ve yar\u0131s\u0131ndan fazlas\u0131n\u0131 se\u00e7meli diye Avrupa Hakimleri Dan\u0131\u015fma Konseyi&#8217;nin kararlar\u0131 var. Bizim \u00f6ng\u00f6rd\u00fc\u011f\u00fcm\u00fcz yap\u0131da Yarg\u0131tay, Dan\u0131\u015ftay ve k\u00fcrs\u00fc hakimlerinin yapaca\u011f\u0131 se\u00e7imler, tamam\u0131 hakim ve savc\u0131lardan olu\u015fan 21 \u00fcyeli bir kurum \u00f6ng\u00f6rm\u00fc\u015ft\u00fck. Bunun 15 tanesini Yarg\u0131tay, Dan\u0131\u015ftay do\u011frudan se\u00e7iyor ve k\u00fcrs\u00fcdeki hakim savc\u0131lar do\u011frudan se\u00e7iyor. \u015eu andaki yap\u0131 onlar kendi i\u00e7inden 3 kat\u0131 aday belirliyorlar cumhurba\u015fkan\u0131 se\u00e7iyor. Biz bu aradaki cumhurba\u015fkan\u0131n\u0131 \u00e7\u0131kartt\u0131k. Yarg\u0131tay ve Dan\u0131\u015ftay genel kurullar\u0131 do\u011frudan kendi se\u00e7imini yap\u0131p buraya bildiriyor. Bu \u00e7ok \u00f6nemli bir geli\u015fme.<\/p>\n<p style=\"text-align: justify;\">Art\u0131 bir tane de Anayasa Mahkemesi i\u00e7in \u00f6ng\u00f6rm\u00fc\u015ft\u00fck onu de\u011fi\u015ftiriyoruz. Adalet Akademisi Genel Kurulu kendi \u00fcyeleri i\u00e7erisinden bir as\u0131l bir yedek do\u011frudan se\u00e7ip buraya versin diyoruz. \u0130dari ve adli yarg\u0131 olmak \u00fczere toplam 10 \u00fcyeyi, 11 bin hakim savc\u0131 se\u00e7men olacak, 4 bin kadar birinci s\u0131n\u0131fa ayr\u0131lm\u0131\u015f hakim savc\u0131 aras\u0131ndan oraya se\u00e7ecekler. 21 ki\u015filik kurulda 15 \u00fcye hakim savc\u0131 s\u0131n\u0131f\u0131ndan kendi i\u00e7inden demokratik y\u00f6ntemlerle do\u011frudan se\u00e7iliyor. Bunun neresi geriye gidiyor?&#8221;<\/p>\n<p style=\"text-align: justify;\"><span style=\"color: #888888;\">CNN T\u00dcRK<\/span><\/p>\n","protected":false},"excerpt":{"rendered":"<p style=\"text-align: center;\">\n<p style=\"text-align: justify;\">Adalet Bakan\u0131 Sadullah Ergin, Anayasa de\u011fi\u015fikli\u011fi paketi \u00e7al\u0131\u015fmalar\u0131na ili\u015fkin, &#8220;Parlamento yapt\u0131, yapt\u0131. Yapamad\u0131 Anayasam\u0131zda yolu var, halka sunar\u0131z. Burada halk ger\u00e7ekten son noktay\u0131 koyacak en dominant irade. Millet kabul ederse ba\u015f\u0131m\u0131z\u0131n \u00fcst\u00fcnde, kabul etmezse gene ba\u015f\u0131m\u0131z\u0131n \u00fcst\u00fcnde&#8221; dedi. <\/p>\n","protected":false},"author":1,"featured_media":0,"comment_status":"open","ping_status":"closed","sticky":false,"template":"","format":"standard","meta":{"footnotes":""},"categories":[105],"tags":[],"class_list":["post-20861","post","type-post","status-publish","format-standard","hentry","category-gundem","odd"],"_links":{"self":[{"href":"http:\/\/www.korhanyilmaz.com\/index.php?rest_route=\/wp\/v2\/posts\/20861","targetHints":{"allow":["GET"]}}],"collection":[{"href":"http:\/\/www.korhanyilmaz.com\/index.php?rest_route=\/wp\/v2\/posts"}],"about":[{"href":"http:\/\/www.korhanyilmaz.com\/index.php?rest_route=\/wp\/v2\/types\/post"}],"author":[{"embeddable":true,"href":"http:\/\/www.korhanyilmaz.com\/index.php?rest_route=\/wp\/v2\/users\/1"}],"replies":[{"embeddable":true,"href":"http:\/\/www.korhanyilmaz.com\/index.php?rest_route=%2Fwp%2Fv2%2Fcomments&post=20861"}],"version-history":[{"count":0,"href":"http:\/\/www.korhanyilmaz.com\/index.php?rest_route=\/wp\/v2\/posts\/20861\/revisions"}],"wp:attachment":[{"href":"http:\/\/www.korhanyilmaz.com\/index.php?rest_route=%2Fwp%2Fv2%2Fmedia&parent=20861"}],"wp:term":[{"taxonomy":"category","embeddable":true,"href":"http:\/\/www.korhanyilmaz.com\/index.php?rest_route=%2Fwp%2Fv2%2Fcategories&post=20861"},{"taxonomy":"post_tag","embeddable":true,"href":"http:\/\/www.korhanyilmaz.com\/index.php?rest_route=%2Fwp%2Fv2%2Ftags&post=20861"}],"curies":[{"name":"wp","href":"https:\/\/api.w.org\/{rel}","templated":true}]}}