{"id":2086,"date":"2008-10-25T09:01:37","date_gmt":"2008-10-25T06:01:37","guid":{"rendered":"http:\/\/www.korhanyilmaz.com\/?p=2086"},"modified":"2008-10-25T09:01:37","modified_gmt":"2008-10-25T06:01:37","slug":"tbmmnin-iradesini-kimse-golgeleyemez","status":"publish","type":"post","link":"http:\/\/www.korhanyilmaz.com\/?p=2086","title":{"rendered":"&quot;TBMM&#039;nin iradesini kimse g\u00f6lgeleyemez&quot;"},"content":{"rendered":"<p style=\"text-align: center;\"><img loading=\"lazy\" decoding=\"async\" class=\"size-full wp-image-2087   aligncenter\" title=\"T.C Ba\u015fbakan\u0131 Recep Tayyip Erdo\u011fan\" src=\"http:\/\/www.korhanyilmaz.com\/wp-content\/uploads\/2008\/10\/75b202aa57101245b6a4db63x.jpg\" alt=\"\" width=\"475\" height=\"250\" \/><\/p>\n<p style=\"text-align: justify;\">\u015eile&#8217;de partililere konu\u015fan Ba\u015fbakan Erdo\u011fan, Anayasa Mahkemesi karar\u0131 ile ilgili &#8220;Milletin iradesine kimse ipotek koyamaz. TBMM&#8217;nin iradesini kimse g\u00f6lgeleyemez&#8221; ele\u015ftirisi yapt\u0131..<\/p>\n<p style=\"text-align: justify;\">Ba\u015fbakan Tayyip Erdo\u011fan, t\u00fcrban ve AK Parti&#8217;ye a\u00e7\u0131lan kapatma davas\u0131n\u0131n gerek\u00e7eli karar\u0131n\u0131 a\u00e7\u0131klayan Anayasa Mahkemesi&#8217;ni isim vermeden sert \u015fekilde ele\u015ftirerek, &#8220;\u0130stiklal ruhuyla kurulan TBMM&#8217;nin iradesini kimse g\u00f6lgeleyemez&#8221; dedi. Erdo\u011fan d\u00fcn AK Parti \u015eile 3. Ola\u011fan Kongresi&#8217;nde yapt\u0131\u011f\u0131 konu\u015fmada Anayasa Mahkemesi&#8217;ne, CHP&#8217;ye ve medyaya y\u00fcklendi. Milletin iradesini temsil ettiklerini vurgulayan Erdo\u011fan, \u015f\u00f6yle konu\u015ftu: &#8220;Milletin iradesine kimse ipotek koyamaz. <!--more-->\u0130stiklal ruhuyla kurulan TBMM&#8217;nin iradesini kimse g\u00f6lgeleyemez. Zaman zaman bir \u015feyler oluyor. Ona da, &#8216;Hava bulutlu&#8217; deyip ge\u00e7in. Cumhuriyet&#8217;in sahibi millettir. Kimse, &#8216;Cumhuriyet millete b\u0131rak\u0131lamaz&#8217; deme hakk\u0131na sahip olamaz. T\u00fcrkiye sokulmak istenen t\u00fcrb\u00fclansa girmeyecektir. AK Parti, T\u00fcrkiye&#8217;yi demokratikle\u015ftirmeye ve b\u00fcy\u00fctmeye devam edecektir.&#8221; Erdo\u011fan, \u0130stanbul Belediye Ba\u015fkanl\u0131\u011f\u0131&#8217;n\u0131n CHP&#8217;de oldu\u011fu d\u00f6nemi de hat\u0131rlatarak, &#8220;CHP zihniyeti susuzluktur. CHP zihniyeti \u00e7\u00f6pl\u00fckt\u00fcr. CHP zihniyeti hava kirlili\u011fidir. Bunu b\u00f6yle bilin&#8221; dedi. T\u00fcrkiye&#8217;nin BM G\u00fcvenlik Konseyi ge\u00e7ici \u00fcyeli\u011fine se\u00e7ilmesine de vurgu yapan Erdo\u011fan, medyan\u0131n bunu fazla g\u00fcndeme getirmedi\u011fini savunarak, &#8220;Biz iktidara medyaya ra\u011fmen geldik&#8221; diye konu\u015ftu. Ba\u015fbakan Recep Tayyip Erdo\u011fan daha sonra \u015eile&#8217;de yap\u0131lan yat\u0131r\u0131mlar\u0131n toplu a\u00e7\u0131l\u0131\u015f t\u00f6renlerine kat\u0131ld\u0131.<\/p>\n<p style=\"text-align: justify;\">\n<p style=\"text-align: justify;\">ABD&#8217;YE G\u0130D\u0130YOR<br \/>\n\u00d6te yandan, Erdo\u011fan, T\u00fcrkiyenin BM G\u00fcvenlik Konseyi Ge\u00e7ici \u00dcyeli\u011fi&#8217;ni kazanmas\u0131n\u0131n ard\u0131ndan daimi \u00fcyelere te\u015fekk\u00fcr etmek i\u00e7in ABD&#8217;ye gidecek. New York&#8217;a gitmeye haz\u0131rlanan Ba\u015fbakan Tayyip Erdo\u011fan&#8217;\u0131n ilk dura\u011f\u0131 Washington olacak. Erdo\u011fan&#8217;\u0131n ziyaret tarihi, ABD se\u00e7imlerinden \u00e7\u0131kacak sonuca g\u00f6re belirlenecek. B\u00f6ylece Erdo\u011fan yeni y\u00f6netimle de temas arayacak.\n<\/p>\n<p style=\"text-align: justify;\"><span style=\"color: #888888;\">( Sabah )<\/span><\/p>\n","protected":false},"excerpt":{"rendered":"<p style=\"text-align: center;\">\n<p style=\"text-align: justify;\">\u015eile&#8217;de partililere konu\u015fan Ba\u015fbakan Erdo\u011fan, Anayasa Mahkemesi karar\u0131 ile ilgili &#8220;Milletin iradesine kimse ipotek koyamaz. TBMM&#8217;nin iradesini kimse g\u00f6lgeleyemez&#8221; ele\u015ftirisi yapt\u0131..<\/p>\n<p style=\"text-align: justify;\">Ba\u015fbakan Tayyip Erdo\u011fan, t\u00fcrban ve AK Parti&#8217;ye a\u00e7\u0131lan kapatma davas\u0131n\u0131n gerek\u00e7eli karar\u0131n\u0131 a\u00e7\u0131klayan Anayasa Mahkemesi&#8217;ni isim vermeden sert \u015fekilde ele\u015ftirerek, &#8220;\u0130stiklal ruhuyla kurulan TBMM&#8217;nin iradesini kimse g\u00f6lgeleyemez&#8221; <\/p>\n","protected":false},"author":1,"featured_media":0,"comment_status":"open","ping_status":"open","sticky":false,"template":"","format":"standard","meta":{"footnotes":""},"categories":[105],"tags":[],"class_list":["post-2086","post","type-post","status-publish","format-standard","hentry","category-gundem","odd"],"_links":{"self":[{"href":"http:\/\/www.korhanyilmaz.com\/index.php?rest_route=\/wp\/v2\/posts\/2086","targetHints":{"allow":["GET"]}}],"collection":[{"href":"http:\/\/www.korhanyilmaz.com\/index.php?rest_route=\/wp\/v2\/posts"}],"about":[{"href":"http:\/\/www.korhanyilmaz.com\/index.php?rest_route=\/wp\/v2\/types\/post"}],"author":[{"embeddable":true,"href":"http:\/\/www.korhanyilmaz.com\/index.php?rest_route=\/wp\/v2\/users\/1"}],"replies":[{"embeddable":true,"href":"http:\/\/www.korhanyilmaz.com\/index.php?rest_route=%2Fwp%2Fv2%2Fcomments&post=2086"}],"version-history":[{"count":0,"href":"http:\/\/www.korhanyilmaz.com\/index.php?rest_route=\/wp\/v2\/posts\/2086\/revisions"}],"wp:attachment":[{"href":"http:\/\/www.korhanyilmaz.com\/index.php?rest_route=%2Fwp%2Fv2%2Fmedia&parent=2086"}],"wp:term":[{"taxonomy":"category","embeddable":true,"href":"http:\/\/www.korhanyilmaz.com\/index.php?rest_route=%2Fwp%2Fv2%2Fcategories&post=2086"},{"taxonomy":"post_tag","embeddable":true,"href":"http:\/\/www.korhanyilmaz.com\/index.php?rest_route=%2Fwp%2Fv2%2Ftags&post=2086"}],"curies":[{"name":"wp","href":"https:\/\/api.w.org\/{rel}","templated":true}]}}