{"id":20857,"date":"2010-03-30T00:04:14","date_gmt":"2010-03-29T21:04:14","guid":{"rendered":"http:\/\/www.korhanyilmaz.com\/?p=20857"},"modified":"2010-03-30T00:04:14","modified_gmt":"2010-03-29T21:04:14","slug":"20857","status":"publish","type":"post","link":"http:\/\/www.korhanyilmaz.com\/?p=20857","title":{"rendered":"Anayasa paketinde s\u00fcrpriz"},"content":{"rendered":"<p style=\"text-align: center;\"><a href=\"http:\/\/www.korhanyilmaz.com\/wp-content\/uploads\/2010\/03\/paket4.jpg\"  class=\"lightview\"><img loading=\"lazy\" decoding=\"async\" class=\"aligncenter size-full wp-image-20858\" src=\"http:\/\/www.korhanyilmaz.com\/wp-content\/uploads\/2010\/03\/paket4.jpg\" alt=\"\" width=\"307\" height=\"236\" \/><\/a><\/p>\n<p style=\"text-align: justify;\">AK Parti, anayasa paketinde son dakikada s\u00fcrpriz de\u011fi\u015fiklik yapt\u0131. Genelkurmay ba\u015fkanlar\u0131, kuvvet komutanlar\u0131 ve Meclis Ba\u015fkan\u0131&#8217;na Y\u00fcce Divan yolunu a\u00e7an d\u00fczenleme de pakette.<\/p>\n<p style=\"text-align: justify;\">Konu, Anayasa Mahkemesi&#8217;nin g\u00f6rev ve yetkileriyle ilgili maddeyle d\u00fczenleniyor. <!--more--><\/p>\n<p style=\"text-align: justify;\">\u00dcst d\u00fczey komutanlar\u0131n nerede yarg\u0131lanaca\u011f\u0131 konusu, askere sivil yarg\u0131 yolu kapsam\u0131nda uzun s\u00fcredir tart\u0131\u015f\u0131l\u0131yordu.<\/p>\n<p style=\"text-align: justify;\">AK Parti, bug\u00fcn saat 11:00 i\u00e7in Meclis Ba\u015fkan\u0131 Mehmet Ali \u015eahin&#8217;den randevu ald\u0131. Bekir Bozda\u011f ba\u015fkanl\u0131\u011f\u0131ndaki heyet, teklifi \u015eahin&#8217;e sunacak.<\/p>\n<p style=\"text-align: justify;\">AK Parti&#8217;nin hukuk\u00e7u kurmaylar\u0131 da teklife son \u015feklini vermek i\u00e7in \u00e7al\u0131\u015fmalar\u0131n\u0131 ge\u00e7 saatlere kadar s\u00fcrd\u00fcrd\u00fc.<\/p>\n<p style=\"text-align: justify;\">AK Parti, Anayasa Mahkemesi&#8217;nin \u00fcye say\u0131s\u0131n\u0131n 17&#8217;ye indirilmesi konusunda nihai karar\u0131 verdi. Y\u00fcksek Mahkeme&#8217;ye Askeri Yarg\u0131tay da \u00fcye verecek.<\/p>\n<p style=\"text-align: justify;\">30 maddelik pakete giren yeni d\u00fczenlemelerden biri de &#8220;ayn\u0131 i\u015f kolunda birden fazla sendikaya \u00fcye olunamaz&#8221; ifadesinin Anayasa&#8217;dan \u00e7\u0131kar\u0131lmas\u0131.<\/p>\n<p style=\"text-align: justify;\">Grev hakk\u0131n\u0131n \u00e7er\u00e7evesi de geni\u015fliyor.<\/p>\n<p style=\"text-align: justify;\">Ayr\u0131ca kamu \u00e7al\u0131\u015fanlar\u0131na tan\u0131nan toplu s\u00f6zle\u015fme hakk\u0131ndan emekliler de faydalanacak.<\/p>\n<p style=\"text-align: justify;\">Anayasa paketindeki s\u00fcrpriz ortaya \u00e7\u0131kt\u0131\u011f\u0131nda, CNN T\u00dcRK&#8217;te Anayasa de\u011fi\u015fikli\u011fi masaya yat\u0131r\u0131l\u0131yordu.<\/p>\n<p style=\"text-align: justify;\">\u00dcst d\u00fczey komutanlara Y\u00fcce Divan yolunun a\u00e7\u0131lmas\u0131 da s\u0131ca\u011f\u0131 s\u0131ca\u011f\u0131na de\u011ferlendirildi.<\/p>\n<p style=\"text-align: justify;\">Tecr\u00fcbe Konu\u015fuyor program\u0131n\u0131n hukuk\u00e7u konu\u011fu Mithat Sancar, bu s\u00fcrpriz karar\u0131n do\u011fru oldu\u011funu belirsizliklerin giderildi\u011fini savundu.<\/p>\n","protected":false},"excerpt":{"rendered":"<p style=\"text-align: center;\">\n<p style=\"text-align: justify;\">AK Parti, anayasa paketinde son dakikada s\u00fcrpriz de\u011fi\u015fiklik yapt\u0131. Genelkurmay ba\u015fkanlar\u0131, kuvvet komutanlar\u0131 ve Meclis Ba\u015fkan\u0131&#8217;na Y\u00fcce Divan yolunu a\u00e7an d\u00fczenleme de pakette.<\/p>\n<p style=\"text-align: justify;\">Konu, Anayasa Mahkemesi&#8217;nin g\u00f6rev ve yetkileriyle ilgili maddeyle d\u00fczenleniyor. <\/p>\n","protected":false},"author":1,"featured_media":0,"comment_status":"open","ping_status":"closed","sticky":false,"template":"","format":"standard","meta":{"footnotes":""},"categories":[105],"tags":[],"class_list":["post-20857","post","type-post","status-publish","format-standard","hentry","category-gundem","odd"],"_links":{"self":[{"href":"http:\/\/www.korhanyilmaz.com\/index.php?rest_route=\/wp\/v2\/posts\/20857","targetHints":{"allow":["GET"]}}],"collection":[{"href":"http:\/\/www.korhanyilmaz.com\/index.php?rest_route=\/wp\/v2\/posts"}],"about":[{"href":"http:\/\/www.korhanyilmaz.com\/index.php?rest_route=\/wp\/v2\/types\/post"}],"author":[{"embeddable":true,"href":"http:\/\/www.korhanyilmaz.com\/index.php?rest_route=\/wp\/v2\/users\/1"}],"replies":[{"embeddable":true,"href":"http:\/\/www.korhanyilmaz.com\/index.php?rest_route=%2Fwp%2Fv2%2Fcomments&post=20857"}],"version-history":[{"count":0,"href":"http:\/\/www.korhanyilmaz.com\/index.php?rest_route=\/wp\/v2\/posts\/20857\/revisions"}],"wp:attachment":[{"href":"http:\/\/www.korhanyilmaz.com\/index.php?rest_route=%2Fwp%2Fv2%2Fmedia&parent=20857"}],"wp:term":[{"taxonomy":"category","embeddable":true,"href":"http:\/\/www.korhanyilmaz.com\/index.php?rest_route=%2Fwp%2Fv2%2Fcategories&post=20857"},{"taxonomy":"post_tag","embeddable":true,"href":"http:\/\/www.korhanyilmaz.com\/index.php?rest_route=%2Fwp%2Fv2%2Ftags&post=20857"}],"curies":[{"name":"wp","href":"https:\/\/api.w.org\/{rel}","templated":true}]}}