{"id":20847,"date":"2010-03-29T20:51:25","date_gmt":"2010-03-29T17:51:25","guid":{"rendered":"http:\/\/www.korhanyilmaz.com\/?p=20847"},"modified":"2010-03-29T20:51:25","modified_gmt":"2010-03-29T17:51:25","slug":"merkel-turk-lisesi-konusunda-yumusadi","status":"publish","type":"post","link":"http:\/\/www.korhanyilmaz.com\/?p=20847","title":{"rendered":"Merkel T\u00fcrk lisesi konusunda yumu\u015fad\u0131"},"content":{"rendered":"<p style=\"text-align: center;\"><a href=\"http:\/\/www.korhanyilmaz.com\/wp-content\/uploads\/2010\/03\/MERKEL1.jpg\"  class=\"lightview\"><img loading=\"lazy\" decoding=\"async\" class=\"aligncenter size-full wp-image-20848\" src=\"http:\/\/www.korhanyilmaz.com\/wp-content\/uploads\/2010\/03\/MERKEL1.jpg\" alt=\"\" width=\"307\" height=\"236\" \/><\/a><\/p>\n<p style=\"text-align: justify;\">4 y\u0131l aradan sonra T\u00fcrkiye&#8217;ye gelen Almanya Ba\u015fbakan\u0131 Angela Merkel, bas\u0131n \u00fczerinden verilen gergin mesajlar\u0131n ard\u0131ndan Ba\u015fbakan Recep Tayyip Erdo\u011fan ile bir araya geldi. \u0130ki lider, Almanya&#8217;da T\u00fcrk lisesi a\u00e7\u0131lmas\u0131 konusunda bu kez ayn\u0131 do\u011frultuda mesajlar verdi, Merkel bu kez daha olumlu konu\u015ftu.<!--more--><\/p>\n<p style=\"text-align: justify;\">Ba\u015fbakan Erdo\u011fan&#8217;\u0131n Almanya&#8217;da e\u011fitim dili T\u00fcrk\u00e7e olan okullar\u0131n a\u00e7\u0131lmas\u0131 \u00f6nerisine, &#8220;Bu fikir bizi ileriye g\u00f6t\u00fcrmez, \u00e7\u00fcnk\u00fc temelde T\u00fcrk k\u00f6kenli \u00e7ocuklar ve gen\u00e7ler bizde Alman okullar\u0131na gitmeli. Buradaki T\u00fcrk \u00e7ocuklar\u0131n\u0131n T\u00fcrk lisesine gitme fikrini benimsemiyorum&#8221; yan\u0131t\u0131n\u0131 vermi\u015fti.<\/p>\n<p style=\"text-align: justify;\">Bunun \u00fczerine Erdo\u011fan da, &#8220;T\u00fcrkiye \u015famar o\u011flan\u0131 m\u0131? T\u00fcrkiye&#8217;de Almanca e\u011fitim yapan okullar var. Biz rahat\u0131z. \u00dcniversite talebinde bulundular. Beykoz&#8217;da 120 d\u00f6n\u00fcm fidanl\u0131k yeri veriyoruz. Merkel&#8217;den bu yakla\u015f\u0131m\u0131 hi\u00e7 beklemezdim&#8221; demi\u015fti.<\/p>\n<p style=\"text-align: justify;\"><strong>Merkel: &#8220;Anla\u015ft\u0131k&#8221; <\/strong><\/p>\n<p style=\"text-align: justify;\">\u0130ki lider bug\u00fcn Ba\u015fbakanl\u0131k&#8217;ta bir araya geldi ve \u0131l\u0131ml\u0131 mesajlar verdi. Merkel, &#8220;T\u00fcrkiye&#8217;nin yurtd\u0131\u015f\u0131nda okullar\u0131 olabilir. Ama bu Almanca \u00f6\u011frenmemek i\u00e7in bir bahane olmamal\u0131. Ortak tutum \u00fczerinde anla\u015fmaya vard\u0131k&#8221; dedi.<\/p>\n<p style=\"text-align: justify;\">Almanya&#8217;da \u00e7ok say\u0131da T\u00fcrk-Alman okulu oldu\u011funu ve T\u00fcrk\u00e7e e\u011fitim veren T\u00fcrk \u00f6\u011fretmenler oldu\u011funu kaydeden Merkel, &#8220;Bizim \u00fczerinde durdu\u011fumuz husus Almanya&#8217;da Almanca bilmeyenlerin olmas\u0131 uygun olmaz. Bu asimilasyon de\u011fil. Herkesin k\u00f6klerini, k\u00fclt\u00fcr\u00fcn\u00fc korumas\u0131n\u0131 istiyoruz. \u00dc\u00e7\u00fcnc\u00fc ku\u015faktaki insanlar\u0131n toplumla ya\u015fama kat\u0131lmalar\u0131n\u0131 istiyoruz. T\u00fcrkler Almanya&#8217;da \u015firketlerde \u00e7al\u0131\u015fmak i\u00e7in geldiler ama gelecek ku\u015fakta da i\u015fadam\u0131 olarak, \u00f6\u011fretmen olarak \u00e7al\u0131\u015fmalar\u0131n\u0131 istiyoruz, ge\u00e7mi\u015f ve geleneklerini unutmadan&#8221; ifadesini kulland\u0131.<\/p>\n<p style=\"text-align: justify;\"><strong>Erdo\u011fan: &#8220;Memnun olduk&#8221; <\/strong><\/p>\n<p style=\"text-align: justify;\">Ba\u015fbakan Erdo\u011fan da, &#8220;Bayan Merkel&#8217;den T\u00fcrkiye&#8217;dekiyle ayn\u0131 stat\u00fcde Almanya&#8217;da da ad\u0131m at\u0131labilece\u011fi noktas\u0131nda bunu duymak beni mutlu etti&#8221; a\u00e7\u0131klamas\u0131nda bulundu.<\/p>\n<p style=\"text-align: justify;\">&#8220;T\u00fcrk-Alman \u00fcniversitesinin a\u00e7\u0131lmas\u0131na dair d\u00fczenleme inan\u0131yorum ki yar\u0131n parlamentodan ge\u00e7ecektir. Anadolu yakas\u0131nda, Beykoz taraf\u0131ndan \u00fcniversite yap\u0131m\u0131na y\u00f6nelik altyap\u0131 \u00e7al\u0131\u015fmalar\u0131 tamamd\u0131r&#8221; diyen Erdo\u011fan, &#8220;Alman Lisesi, Avusturya Lisesi, \u0130stanbul Erkek Lisesi Almanca e\u011fitim veren liseler. Anadolu liseleri ve normal liselerde de Almanca e\u011fitim veriliyor. Bu, gen\u00e7lerin Almanca \u00f6\u011frenmesi noktas\u0131nda \u00e7ok \u00f6nemli&#8221; dedi.<\/p>\n<p style=\"text-align: justify;\"><strong>\u0130RAN&#8217;A YAPTIRIMDA UZLA\u015eI YOK <\/strong><\/p>\n<p style=\"text-align: justify;\">Merkel, \u0130ran&#8217;a yapt\u0131r\u0131mlar konusundaki bir soruya ise, &#8220;\u0130ran \u00f6n\u00fcm\u00fczdeki d\u00f6nem belirgin ad\u0131m atmazsa BM nezdinde yapt\u0131r\u0131m karar\u0131 verece\u011fiz. T\u00fcrkiye&#8217;yle de bu konuda g\u00f6r\u00fc\u015fmeyi s\u00fcrd\u00fcrece\u011fiz&#8221; dedi.<\/p>\n<p style=\"text-align: justify;\">Erdo\u011fan ise, T\u00fcrkiye&#8217;nin bu konuda di\u011fer \u00fclkelerden farkl\u0131 konumuna dikkat \u00e7ekerek, &#8220;\u0130ran ile aram\u0131zda kilometrelerce s\u0131n\u0131r ve as\u0131rlar\u0131 yakalayan bir dostluk var. \u015eu an bizim i\u00e7in \u00f6nemli bir ortak. Rusya&#8217;da sonra enerji konusunda ikinci ortak. Zaten \u0130ran&#8217;a iki kez yapt\u0131r\u0131m uyguland\u0131 ama karar\u0131 alan \u00fclkelerin yapt\u0131r\u0131m\u0131 deldiklerini g\u00f6rd\u00fck ve bu yolun sa\u011fl\u0131kl\u0131 olmad\u0131\u011f\u0131 inanc\u0131nday\u0131z. Konu diplomasiyle \u00e7\u00f6z\u00fclmeli&#8221; \u015feklinde konu\u015ftu.<\/p>\n<p style=\"text-align: justify;\">Ba\u015fka \u00fclkelerin de n\u00fckleer silahlar\u0131 oldu\u011funu s\u00f6yleyen Erdo\u011fan, onlara yapt\u0131r\u0131m uygulanmad\u0131\u011f\u0131n\u0131, aradaki tek fark\u0131n \u0130ran&#8217;\u0131n Atom Enerjisi Kurumu \u00fcyesi olmas\u0131 oldu\u011funu belirtti.<\/p>\n<p style=\"text-align: justify;\"><strong>KIBRIS&#8217;TE MERKEL&#8217;DEN \u00c7A\u011eRI <\/strong><\/p>\n<p style=\"text-align: justify;\">Merkel, T\u00fcrkiye&#8217;nin Ankara Anla\u015fmas\u0131&#8217;n\u0131n Rum kesimine limanlar\u0131n a\u00e7\u0131lmas\u0131n\u0131 \u00f6ng\u00f6ren ek protokol\u00fcn\u00fc uygulamas\u0131n\u0131 istedi.<\/p>\n<p style=\"text-align: justify;\"><strong>&#8220;AB&#8217;YE \u0130MT\u0130YAZLI ORTAKLIK&#8221; SORUSU <\/strong><\/p>\n<p style=\"text-align: justify;\">Angela Merkel&#8217;e T\u00fcrkiye&#8217;ye kar\u015f\u0131 \u0131srarla savundu\u011fu &#8220;AB&#8217;ye imtiyazl\u0131 ortakl\u0131k&#8221; da soruldu. Konuk Ba\u015fbakan, &#8220;\u0130mtiyazl\u0131 ortakl\u0131\u011f\u0131 ifade ederken biz AB ile \u00e7ok \u00f6zel bir ili\u015fki olarak alg\u0131lam\u0131\u015ft\u0131k. Bunun olumsuz alg\u0131land\u0131\u011f\u0131n\u0131 d\u00fc\u015f\u00fcn\u00fcyorum. Zaten AB de de\u011fi\u015fti. Yani oyunun kurallar\u0131 de\u011fi\u015fti. Sonu a\u00e7\u0131k bir s\u00fcre\u00e7 zaten s\u00fcr\u00fcyor. Yani m\u00fczakereleri s\u00fcrd\u00fcr\u00fcyoruz. Biz T\u00fcrkiye&#8217;de bir\u00e7ok \u015feyin de\u011fi\u015fti\u011fini g\u00f6r\u00fcyoruz ve bunu memnuniyetle kar\u015f\u0131l\u0131yoruz&#8221; diye konu\u015ftu.<\/p>\n<p style=\"text-align: justify;\"><strong>ERMEN\u0130 TASARISI <\/strong><\/p>\n<p style=\"text-align: justify;\">Erdo\u011fan ABD ile \u0130sve\u00e7&#8217;ten ge\u00e7en Ermeni tasar\u0131lar\u0131yla ilgili sorular \u00fczerine, &#8220;D\u00fcn ABD D\u0131\u015fi\u015fleri Bakan\u0131 Hillary Clinton Bakan Davuto\u011flu&#8217;nu arayarak bu konuyla ilgili hassasiyetlerini ifade ettiler ve al\u0131nan karara y\u00f6nelik kendi \u00fcz\u00fcnt\u00fclerini de D\u0131\u015fi\u015fleri Bakan\u0131&#8217;ma ilettiler. Bizler de bunu de\u011ferlendirmek suretiyle karar\u0131m\u0131z\u0131 verece\u011fiz&#8221; dedi.<\/p>\n<p style=\"text-align: justify;\">Erdo\u011fan s\u00f6zlerine, &#8220;Ancak konuya ili\u015fkin tavr\u0131m\u0131z bellidir. Biz bu konuyu b\u0131rakal\u0131m tarih\u00e7iler \u00e7\u00f6zs\u00fcn diyoruz,  parlamentolar bunun \u00e7\u00f6z\u00fcm yeri de\u011fildir diyoruz. 2005&#8217;te Say\u0131n Ko\u00e7aryan&#8217;a bir mektup g\u00f6ndermi\u015ftim ancak mektubuma hen\u00fcz yan\u0131t alabilmi\u015f de\u011filim&#8221; diye devam etti.<\/p>\n<p style=\"text-align: justify;\">Konuk Ba\u015fbakan Merkel de, &#8220;T\u00fcrkiye ile Ermenistan aras\u0131ndaki ili\u015fkileri m\u00fcmk\u00fcn oldu\u011funca iyi \u015fekilde geli\u015ftirmek laz\u0131m. Bu kapsamda umut verici ad\u0131mlar var&#8221; ifadesini kulland\u0131.<\/p>\n<p style=\"text-align: center;\"><a href=\"http:\/\/www.korhanyilmaz.com\/wp-content\/uploads\/2010\/03\/0061.jpg\"  class=\"lightview\"><img loading=\"lazy\" decoding=\"async\" class=\"aligncenter size-full wp-image-20849\" src=\"http:\/\/www.korhanyilmaz.com\/wp-content\/uploads\/2010\/03\/0061.jpg\" alt=\"\" width=\"464\" height=\"240\" \/><\/a><span style=\"color: #333333;\"><em>Merkel, Erdo\u011fan&#8217;a bar\u0131\u015f\u0131n simgesi olan bir beyaz g\u00fcvercin biblosu ve beraberinde bir mektup hediye etti&#8230;<\/em><\/span><\/p>\n<p style=\"text-align: justify;\"><strong>Merkel&#8217;den beyaz g\u00fcvercin<\/strong><\/p>\n<p style=\"text-align: justify;\">Merkel, Erdo\u011fan&#8217;la ger\u00e7ekle\u015ftirdi\u011fi g\u00f6r\u00fc\u015fmenin ba\u015f\u0131nda Lara isimli dokuz ya\u015f\u0131ndaki \u00f6\u011frencinin yapt\u0131\u011f\u0131 &#8220;beyaz bar\u0131\u015f g\u00fcvercini&#8221; biblosu hediye etti ve \u00f6\u011frencinin \u015fu mesaj\u0131n\u0131 iletti:<\/p>\n<p style=\"text-align: justify;\"><span style=\"color: #333333;\"><em>&#8220;Merhaba! Bu g\u00fcvercin sana geldi. Onu Unna \u015fehrinde Katharinenschule&#8217;de okuyan Lara ad\u0131nda dokuz ya\u015f\u0131ndaki bir \u00e7ocuk yapt\u0131. G\u00fcvercin &#8216;bar\u0131\u015f&#8217;\u0131n sembol\u00fc. Birka\u00e7 g\u00fcn ona bakt\u0131ktan sonra onu bu yaz\u0131 ile d\u00fcnya bar\u0131\u015f\u0131n\u0131 devam ettirmek i\u00e7in bir ki\u015fi veya kurulu\u015fa g\u00f6nder. Bize de hemen, m\u00fcmk\u00fcnse \u00e7ekti\u011fin bir resim ile birlikte bir mail yolla. B\u00f6ylece biz de g\u00fcvercinin &#8216;bar\u0131\u015f yolu&#8217;nu takip edebiliriz. Bununla sen de Margaretenh\u00f6he Essen&#8217;deki ilkokullar\u0131n\u0131n, Hattingen&#8217;deki Franziskusschule&#8217;nin, Unna&#8217;daki Katharinenschule&#8217;nin, ayr\u0131ca \u0130stanbul ve Pecs&#8217;deki okullar\u0131n bar\u0131\u015f hareketine katk\u0131da bulunmu\u015f olacaks\u0131n.&#8221; <\/em><\/span><\/p>\n<p style=\"text-align: justify;\">Angela Merkel, Ba\u015fbakan Erdo\u011fan&#8217;a Katharinenscuhule&#8217;nin mail adresini de verdi.<\/p>\n<p style=\"text-align: justify;\"><span style=\"color: #888888;\">CNN T\u00dcRK<\/span><\/p>\n","protected":false},"excerpt":{"rendered":"<p style=\"text-align: center;\">\n<p style=\"text-align: justify;\">4 y\u0131l aradan sonra T\u00fcrkiye&#8217;ye gelen Almanya Ba\u015fbakan\u0131 Angela Merkel, bas\u0131n \u00fczerinden verilen gergin mesajlar\u0131n ard\u0131ndan Ba\u015fbakan Recep Tayyip Erdo\u011fan ile bir araya geldi. \u0130ki lider, Almanya&#8217;da T\u00fcrk lisesi a\u00e7\u0131lmas\u0131 konusunda bu kez ayn\u0131 do\u011frultuda mesajlar verdi, Merkel bu kez daha olumlu konu\u015ftu.<\/p>\n","protected":false},"author":1,"featured_media":0,"comment_status":"open","ping_status":"closed","sticky":false,"template":"","format":"standard","meta":{"footnotes":""},"categories":[105],"tags":[],"class_list":["post-20847","post","type-post","status-publish","format-standard","hentry","category-gundem","odd"],"_links":{"self":[{"href":"http:\/\/www.korhanyilmaz.com\/index.php?rest_route=\/wp\/v2\/posts\/20847","targetHints":{"allow":["GET"]}}],"collection":[{"href":"http:\/\/www.korhanyilmaz.com\/index.php?rest_route=\/wp\/v2\/posts"}],"about":[{"href":"http:\/\/www.korhanyilmaz.com\/index.php?rest_route=\/wp\/v2\/types\/post"}],"author":[{"embeddable":true,"href":"http:\/\/www.korhanyilmaz.com\/index.php?rest_route=\/wp\/v2\/users\/1"}],"replies":[{"embeddable":true,"href":"http:\/\/www.korhanyilmaz.com\/index.php?rest_route=%2Fwp%2Fv2%2Fcomments&post=20847"}],"version-history":[{"count":0,"href":"http:\/\/www.korhanyilmaz.com\/index.php?rest_route=\/wp\/v2\/posts\/20847\/revisions"}],"wp:attachment":[{"href":"http:\/\/www.korhanyilmaz.com\/index.php?rest_route=%2Fwp%2Fv2%2Fmedia&parent=20847"}],"wp:term":[{"taxonomy":"category","embeddable":true,"href":"http:\/\/www.korhanyilmaz.com\/index.php?rest_route=%2Fwp%2Fv2%2Fcategories&post=20847"},{"taxonomy":"post_tag","embeddable":true,"href":"http:\/\/www.korhanyilmaz.com\/index.php?rest_route=%2Fwp%2Fv2%2Ftags&post=20847"}],"curies":[{"name":"wp","href":"https:\/\/api.w.org\/{rel}","templated":true}]}}