{"id":20836,"date":"2010-02-07T22:34:12","date_gmt":"2010-02-07T19:34:12","guid":{"rendered":"http:\/\/www.korhanyilmaz.com\/?p=20836"},"modified":"2010-02-07T22:34:12","modified_gmt":"2010-02-07T19:34:12","slug":"gule-gore-yeni-anayasa-icin-firsat-kacti","status":"publish","type":"post","link":"http:\/\/www.korhanyilmaz.com\/?p=20836","title":{"rendered":"G\u00fcl&#8217;e g\u00f6re yeni anayasa i\u00e7in f\u0131rsat ka\u00e7t\u0131"},"content":{"rendered":"<p style=\"text-align: center;\"><a href=\"http:\/\/www.korhanyilmaz.com\/wp-content\/uploads\/2010\/03\/gul1.jpg\"  class=\"lightview\"><img loading=\"lazy\" decoding=\"async\" class=\"size-full wp-image-20837 aligncenter\" src=\"http:\/\/www.korhanyilmaz.com\/wp-content\/uploads\/2010\/03\/gul1.jpg\" alt=\"\" width=\"292\" height=\"221\" \/><\/a><\/p>\n<p style=\"text-align: justify;\">Cumhurba\u015fkan\u0131 Abdullah G\u00fcl, T\u00fcrkiye&#8217;nin daha iyi bir anayasaya sahip olmas\u0131 y\u00f6n\u00fcnde b\u00fcy\u00fck bir mutabakat oldu\u011funu, ancak yeni bir anayasa i\u00e7in f\u0131rsat\u0131n ka\u00e7\u0131r\u0131ld\u0131\u011f\u0131n\u0131 s\u00f6yledi. G\u00fcl, &#8220;bir \u00fclkenin tabii ki Milli G\u00fcvenlik Siyaset Belgesi olacakt\u0131r&#8221; dedi.<\/p>\n<p style=\"text-align: justify;\">Cumhurba\u015fkan\u0131 Abdullah G\u00fcl, THY&#8217;ye ait \u00f6zel u\u00e7akla Hindistan&#8217;\u0131n ba\u015fkenti Yeni Delhi&#8217;ye geldi. <!--more--><\/p>\n<p style=\"text-align: justify;\">Cumhurba\u015fkan\u0131 G\u00fcl ve beraberindekileri, Yeni Delhi Indra Gandhi Havaalan\u0131&#8217;nda, T\u00fcrkiye&#8217;nin Yeni Delhi B\u00fcy\u00fckel\u00e7isi Levent Bilman ve Hindistan D\u0131\u015fi\u015fleri Bakanl\u0131\u011f\u0131n\u0131n \u00fcst d\u00fczey yetkilileri kar\u015f\u0131lad\u0131.<\/p>\n<p style=\"text-align: justify;\">Cumhurba\u015fkan\u0131 G\u00fcl ile e\u015fi Hayr\u00fcnnisa G\u00fcl, Devlet Bakan\u0131 Mehmet Ayd\u0131n, Ula\u015ft\u0131rma Bakan\u0131 Binali Y\u0131ld\u0131r\u0131m, Sa\u011fl\u0131k Bakan\u0131 Recep Akda\u011f, baz\u0131 milletvekilleri, i\u015f adamlar\u0131 ve gazetecilerden olu\u015fan heyet de Hindistan&#8217;a geldi.<\/p>\n<p style=\"text-align: justify;\">Abdullah G\u00fcl, u\u00e7akta gazetecilere yapt\u0131\u011f\u0131 a\u00e7\u0131klamada, TBMM&#8217;nin k\u00fc\u00e7\u00fcmsenmemesi gerekti\u011fini, \u00e7\u00fcnk\u00fc T\u00fcrkiye&#8217;deki b\u00fct\u00fcn siyasi ak\u0131mlar\u0131n ve fikirlerin parlamentoda temsil edildi\u011fini s\u00f6yledi.<\/p>\n<p style=\"text-align: justify;\">Yeni bir anayasa i\u00e7in de b\u00fcy\u00fck bir mutabakat oldu\u011funu ifade eden G\u00fcl, &#8220;Bu Meclis&#8217;e yeni bir anayasa yapmak yak\u0131\u015f\u0131rd\u0131 ama \u00e7e\u015fitli sebeplerden dolay\u0131 bu f\u0131rsat ka\u00e7\u0131r\u0131ld\u0131&#8221; dedi.<\/p>\n<p style=\"text-align: justify;\">G\u00fcl, par\u00e7a par\u00e7a yap\u0131lan de\u011fi\u015fiklik giri\u015fimleri i\u00e7in de bir \u015fey s\u00f6yleyemeyece\u011fini belirtti.<\/p>\n<p style=\"text-align: justify;\">T\u00fcrkiye&#8217;de yo\u011fun bir g\u00fcndem ya\u015fan\u0131rken, bir haftal\u0131k seyahatle \u00fclkeden uzak kalaca\u011f\u0131 hat\u0131rlat\u0131lan G\u00fcl, &#8220;Tamamen i\u00e7e kapan\u0131rsak \u00e7ok b\u00fcy\u00fck f\u0131rsatlar\u0131 ka\u00e7\u0131r\u0131r\u0131z&#8221; cevab\u0131n\u0131 verdi.<\/p>\n<p style=\"text-align: justify;\">G\u00fcl, yak\u0131n siyasi tarihte bunun \u00f6rneklerinin bulundu\u011funu an\u0131msatarak, &#8220;\u0130nan\u0131lmaz bir yar\u0131\u015f var. Ger\u00e7ek g\u00fcndemimizin, bu yar\u0131\u015fta bizim en iyi \u015fekilde yer al\u0131p gelece\u011fin T\u00fcrkiye&#8217;sini haz\u0131rlamak olmas\u0131 gerekiyor&#8221; diye konu\u015ftu.<\/p>\n<p style=\"text-align: justify;\">T\u00fcrkiye&#8217;nin geli\u015fmesinden de \u00f6rnekler veren G\u00fcl, beraberindeki i\u015f adamlar\u0131n\u0131n art\u0131k &#8220;milyonlardan bahsetmedi\u011fini&#8221; vurgulayarak, &#8220;Daha \u00f6nce ad\u0131n\u0131 duymad\u0131\u011f\u0131m\u0131z bir i\u015f adam\u0131 &#8216;bizim i\u015fimiz yar\u0131m milyar dolar&#8217; diyor, T\u00fcrkiye ekonomide g\u00f6z kama\u015ft\u0131ran bir s\u0131nav veriyor&#8221; dedi.<\/p>\n<p style=\"text-align: justify;\">G\u00fcl, ekonomik hamlelerden s\u00f6z ederken, \u015fehirle\u015fmenin ve modernle\u015fmenin h\u0131zla geldi\u011fi noktadan dolay\u0131 &#8220;moderniteden do\u011fan \u015fa\u015fk\u0131nl\u0131\u011f\u0131n&#8221; yol a\u00e7t\u0131\u011f\u0131 sorunlar\u0131n i\u00e7inden ge\u00e7ildi\u011fini belirtti.<\/p>\n<p style=\"text-align: justify;\">TBMM&#8217;de ya\u015fanan kavga konusundaki bir soru \u00fczerine G\u00fcl, olaydan sonra b\u00fct\u00fcn partilerin milletvekillerinin \u00fczg\u00fcn oldu\u011funu d\u00fc\u015f\u00fcnd\u00fc\u011f\u00fcn\u00fc ifade etti. Cumhurba\u015fkan\u0131 G\u00fcl, &#8220;Sayg\u0131l\u0131 ve seviyeli siyasi m\u00fccadele T\u00fcrkiye&#8217;nin g\u00fcc\u00fcne g\u00fc\u00e7 katar&#8221; dedi.<\/p>\n<p style=\"text-align: justify;\"><strong>Milli G\u00fcvenlik Siyaset Belgesi <\/strong><\/p>\n<p style=\"text-align: justify;\">Cumhurba\u015fkan\u0131 G\u00fcl, Milli G\u00fcvenlik Siyaset Belgesi&#8217;ne ili\u015fkin tart\u0131\u015fmalarla ilgili soru \u00fczerine &#8220;T\u00fcrkiye&#8217;nin \u00e7evresi vard\u0131r, kom\u015fular\u0131, kom\u015fular\u0131nda soyda\u015flar\u0131 ve m\u00fcttefikleri vard\u0131r, NATO&#8217;daki gibi&#8230; Asl\u0131nda t\u00fcm bu konular a\u00e7\u0131k a\u00e7\u0131k konu\u015fuluyor. Her \u00fclkenin, b\u00fcy\u00fck \u00fclkenin milli g\u00fcvenlik belgesi vard\u0131r. ABD&#8217;nin, Rusya&#8217;n\u0131n oldu\u011fu gibi T\u00fcrkiye&#8217;nin de \u00f6nemli meselelerle u\u011fra\u015fan bir \u00fclke olarak, kom\u015fular\u0131ndan kaynaklanan ter\u00f6r olaylar\u0131 olan bir \u00fclke olarak, bir\u00e7ok \u00e7evre, geni\u015f bir hinterland\u0131 olan bir \u00fclkenin tabii ki Milli G\u00fcvenlik Siyaset Belgesi olacakt\u0131r&#8221; cevab\u0131n\u0131 verdi.<\/p>\n<p style=\"text-align: justify;\">\u00c7e\u015fitli kurulu\u015flar\u0131n g\u00f6r\u00fc\u015flerinin toplan\u0131p belge i\u00e7in kaleme al\u0131nd\u0131\u011f\u0131n\u0131 an\u0131msatan G\u00fcl, &#8220;\u00d6nemli olan, bunlar yaz\u0131l\u0131rken analizler ne kadar ger\u00e7ek\u00e7i, ne kadar do\u011fru tahmin ve politikalar \u00f6ng\u00f6r\u00fcl\u00fcyor&#8221; dedi.<\/p>\n<p style=\"text-align: justify;\">Cumhurba\u015fkan\u0131 G\u00fcl, belgenin d\u0131\u015fa d\u00f6n\u00fck aya\u011f\u0131 de\u011ferlendirilirken a\u00e7\u0131k\u00e7a tart\u0131\u015f\u0131lmas\u0131n\u0131n riskler ta\u015f\u0131yabilece\u011fine dikkati \u00e7ekti.<\/p>\n<p style=\"text-align: justify;\">Yeni bir siyaset belgesinin bug\u00fcnk\u00fc realiteleri g\u00f6z \u00f6n\u00fcne alarak haz\u0131rlanmas\u0131 gerekti\u011fini vurgulayan G\u00fcl, &#8220;(Belgenin) Anayasa&#8217;n\u0131n \u00fcst\u00fcnde g\u00f6r\u00fcld\u00fc\u011f\u00fc d\u00f6nemler olmu\u015ftur. Tamamen yanl\u0131\u015f. Kanun de\u011fildir&#8221; diye konu\u015ftu.<\/p>\n<p style=\"text-align: justify;\">Tehditlerin sa\u011fl\u0131kl\u0131 analizden ge\u00e7irilmesi gerekti\u011fini de hat\u0131rlatan G\u00fcl, &#8220;Bu belgeyi bir rehber olarak m\u0131 g\u00f6r\u00fcyorsunuz?&#8221; sorusuna, &#8220;\u00d6yledir. Her \u015fey kanunlara yaz\u0131lmaz&#8221; yan\u0131t\u0131n\u0131 verdi.<\/p>\n<p style=\"text-align: justify;\">Ge\u00e7mi\u015fte bu t\u00fcr belgeleri okudu\u011funu, bazen yazarak katk\u0131da bulundu\u011funu anlatan G\u00fcl, baz\u0131 \u015feylerin \u00e7ok a\u00e7\u0131k s\u00f6ylenip, tekrarlanamayaca\u011f\u0131n\u0131 kaydetti.<\/p>\n<p style=\"text-align: justify;\">&#8220;Mevcut belgenin daha \u00f6nceki metinlerden farkl\u0131 oldu\u011funu biliyorum&#8221; diyen G\u00fcl, \u00f6nceki \u00e7al\u0131\u015fmalardaki katk\u0131lar\u0131n\u0131, belgenin eskidi\u011fi inanc\u0131yla verdi\u011fini anlatt\u0131.<\/p>\n<p style=\"text-align: justify;\"><strong>Hindistan ve Banglade\u015f ziyaretleri <\/strong><\/p>\n<p style=\"text-align: justify;\">Cumhurba\u015fkan\u0131 G\u00fcl, ilk dura\u011f\u0131 olan Hindistan&#8217;\u0131n, d\u00fcnyada en \u00e7ok dolar milyarderi bar\u0131nd\u0131rmakla birlikte, D\u00fcnya Bankas\u0131 verilerine g\u00f6re, 400 milyon vatanda\u015f\u0131n\u0131n g\u00fcnde 1 dolar\u0131n alt\u0131nda gelirle ya\u015fam\u0131n\u0131 s\u00fcrd\u00fcren bir \u00fclke oldu\u011funu s\u00f6yledi.<\/p>\n<p style=\"text-align: justify;\">T\u00fcrkiye&#8217;nin, Hindistan ve sonraki dura\u011f\u0131 Banglade\u015f ile ili\u015fkilerinin, tarihine yak\u0131\u015f\u0131r bi\u00e7imde yeniden planlanmas\u0131ndan b\u00fcy\u00fck memnuniyet duydu\u011funu belirten G\u00fcl, \u00f6zellikle Hindistan ile ili\u015fkilerin son y\u0131llarda &#8220;donuk&#8221; bir nitelik kazand\u0131\u011f\u0131n\u0131 vurgulad\u0131.<\/p>\n<p style=\"text-align: justify;\">G\u00fcl, \u00f6zellikle Hindistan&#8217;\u0131n ekonomik a\u00e7\u0131dan b\u00fcy\u00fck f\u0131rsatlar sundu\u011funu, \u00fclkede 40 milyon bilgisayar m\u00fchendisi oldu\u011funu s\u00f6yledi.<\/p>\n<p style=\"text-align: justify;\">Hindistan makamlar\u0131yla siyasi, ekonomik, bilimsel ve k\u00fclt\u00fcrel alanlarda temaslar da ger\u00e7ekle\u015ftirilece\u011fini anlatan G\u00fcl, Anadolu Ajans\u0131&#8217;n\u0131n Hindistan&#8217;\u0131n ulusal ajans\u0131 PTI ile bir i\u015fbirli\u011fi anla\u015fmas\u0131 da imzalayaca\u011f\u0131n\u0131 kaydetti.<\/p>\n<p style=\"text-align: justify;\">Banglade\u015f&#8217;te T\u00fcrkiye&#8217;ye y\u00f6nelik b\u00fcy\u00fck bir sevginin var oldu\u011funu, ili\u015fkilerin T\u00fcrkiye&#8217;nin Kurtulu\u015f Sava\u015f\u0131 s\u0131ras\u0131nda ba\u015flad\u0131\u011f\u0131n\u0131 anlatan G\u00fcl, burada g\u00f6r\u00fc\u015fece\u011fi Cumhurba\u015fkan\u0131 Yard\u0131mc\u0131s\u0131&#8217;n\u0131n dedesinin sava\u015f s\u0131ras\u0131nda T\u00fcrkiye&#8217;yi ziyaret eden Hindistan heyetinde yer ald\u0131\u011f\u0131n\u0131 vurgulad\u0131.<\/p>\n<p style=\"text-align: justify;\">G\u00fcl, hem Hindistan hem de Banglade\u015f ile ortak tarihe ili\u015fkin belge ve foto\u011fraflar\u0131 da yan\u0131nda getirdi\u011fini s\u00f6yledi ve bunlar\u0131 gazetecilere g\u00f6sterdi. Bu belgeler aras\u0131nda Kurtulu\u015f Sava\u015f\u0131&#8217;n\u0131n Ba\u015fkomutan\u0131 Mustafa Kemal Pa\u015fa&#8217;n\u0131n Hint heyetinin a\u011f\u0131rlanmas\u0131na ili\u015fkin talimat\u0131n\u0131 g\u00f6steren belgesi de yer al\u0131yor.<\/p>\n<p style=\"text-align: justify;\"><strong>T\u00fcrk i\u015f adamlar\u0131yla bir arada <\/strong><\/p>\n<p style=\"text-align: justify;\">Cumhurba\u015fkan\u0131 Abdullah G\u00fcl, Hindistan&#8217;\u0131n ba\u015fkenti Yeni Delhi&#8217;de resmi ziyaretine e\u015flik eden i\u015f adamlar\u0131yla bir araya geldi.<\/p>\n<p style=\"text-align: justify;\">G\u00fcl&#8217;\u00fcn konaklad\u0131\u011f\u0131 Oberoi Otel&#8217;deki bas\u0131na kapal\u0131 toplant\u0131n\u0131n ba\u015flang\u0131c\u0131nda gazetecilerin g\u00f6r\u00fcnt\u00fc almas\u0131na izin verildi.<\/p>\n<p style=\"text-align: justify;\">Toplant\u0131ya Devlet Bakan\u0131 Mehmet Ayd\u0131n, Ula\u015ft\u0131rma Bakan\u0131 Binali Y\u0131ld\u0131r\u0131m ve Sa\u011fl\u0131k Bakan\u0131 Recep Akda\u011f ile T\u00fcrkiye&#8217;nin Yeni Delhi B\u00fcy\u00fckel\u00e7isi Levent Bilman da kat\u0131ld\u0131.<\/p>\n<p style=\"text-align: justify;\"><span style=\"color: #888888;\">CNN T\u00dcRK<\/span><\/p>\n","protected":false},"excerpt":{"rendered":"<p style=\"text-align: center;\">\n<p style=\"text-align: justify;\">Cumhurba\u015fkan\u0131 Abdullah G\u00fcl, T\u00fcrkiye&#8217;nin daha iyi bir anayasaya sahip olmas\u0131 y\u00f6n\u00fcnde b\u00fcy\u00fck bir mutabakat oldu\u011funu, ancak yeni bir anayasa i\u00e7in f\u0131rsat\u0131n ka\u00e7\u0131r\u0131ld\u0131\u011f\u0131n\u0131 s\u00f6yledi. G\u00fcl, &#8220;bir \u00fclkenin tabii ki Milli G\u00fcvenlik Siyaset Belgesi olacakt\u0131r&#8221; dedi.<\/p>\n<p style=\"text-align: justify;\">Cumhurba\u015fkan\u0131 Abdullah G\u00fcl, THY&#8217;ye ait \u00f6zel u\u00e7akla Hindistan&#8217;\u0131n ba\u015fkenti Yeni Delhi&#8217;ye geldi. <\/p>\n","protected":false},"author":1,"featured_media":0,"comment_status":"open","ping_status":"closed","sticky":false,"template":"","format":"standard","meta":{"footnotes":""},"categories":[3,105],"tags":[],"class_list":["post-20836","post","type-post","status-publish","format-standard","hentry","category-dunya","category-gundem","odd"],"_links":{"self":[{"href":"http:\/\/www.korhanyilmaz.com\/index.php?rest_route=\/wp\/v2\/posts\/20836","targetHints":{"allow":["GET"]}}],"collection":[{"href":"http:\/\/www.korhanyilmaz.com\/index.php?rest_route=\/wp\/v2\/posts"}],"about":[{"href":"http:\/\/www.korhanyilmaz.com\/index.php?rest_route=\/wp\/v2\/types\/post"}],"author":[{"embeddable":true,"href":"http:\/\/www.korhanyilmaz.com\/index.php?rest_route=\/wp\/v2\/users\/1"}],"replies":[{"embeddable":true,"href":"http:\/\/www.korhanyilmaz.com\/index.php?rest_route=%2Fwp%2Fv2%2Fcomments&post=20836"}],"version-history":[{"count":0,"href":"http:\/\/www.korhanyilmaz.com\/index.php?rest_route=\/wp\/v2\/posts\/20836\/revisions"}],"wp:attachment":[{"href":"http:\/\/www.korhanyilmaz.com\/index.php?rest_route=%2Fwp%2Fv2%2Fmedia&parent=20836"}],"wp:term":[{"taxonomy":"category","embeddable":true,"href":"http:\/\/www.korhanyilmaz.com\/index.php?rest_route=%2Fwp%2Fv2%2Fcategories&post=20836"},{"taxonomy":"post_tag","embeddable":true,"href":"http:\/\/www.korhanyilmaz.com\/index.php?rest_route=%2Fwp%2Fv2%2Ftags&post=20836"}],"curies":[{"name":"wp","href":"https:\/\/api.w.org\/{rel}","templated":true}]}}