{"id":2083,"date":"2008-10-25T09:57:19","date_gmt":"2008-10-25T06:57:19","guid":{"rendered":"http:\/\/www.korhanyilmaz.com\/?p=2083"},"modified":"2008-10-25T09:57:19","modified_gmt":"2008-10-25T06:57:19","slug":"once-ovduler-sonra-para-cezasi-verdiler","status":"publish","type":"post","link":"http:\/\/www.korhanyilmaz.com\/?p=2083","title":{"rendered":"\u00d6nce \u00f6vd\u00fcler sonra para cezas\u0131 verdiler"},"content":{"rendered":"<p style=\"text-align: center;\"><img loading=\"lazy\" decoding=\"async\" class=\"size-full wp-image-2084   aligncenter\" title=\"\u00d6nce \u00f6vd\u00fcler sonra para cezas\u0131 verdiler \" src=\"http:\/\/www.korhanyilmaz.com\/wp-content\/uploads\/2008\/10\/804ad914a6bb8b47a082a90dx.jpg\" alt=\"\" width=\"475\" height=\"250\" \/><\/p>\n<p style=\"text-align: justify;\">Mahkeme, AK Parti hakk\u0131ndaki karar\u0131n\u0131n gerek\u00e7esinde partiyi \u00f6nce AB&#8217;ye uyum yolunda att\u0131\u011f\u0131 ad\u0131mlar i\u00e7in \u00f6vd\u00fc, sonra da &#8220;Hazine yard\u0131m\u0131 kesilsin&#8221; cezas\u0131 verdi..<\/p>\n<p style=\"text-align: justify;\">AK Parti kapatma davas\u0131nda, &#8220;hazine yard\u0131m\u0131n\u0131n yar\u0131s\u0131n\u0131n kesilmesi&#8221;ne h\u00fckmeden Anayasa Mahkemesi, gerek\u00e7eli karar\u0131nda hem partiyi \u00f6vd\u00fc hem de ceza verdi. Kararla, siyasette uyulmas\u0131 gereken k\u0131rm\u0131z\u0131 \u00e7izgiler mahkemece belirlenmi\u015f oldu. Buna g\u00f6re partiler \u015fiddete ba\u015fvurmayacak, t\u00fcrban istemeyecek, imam hatiplere katsay\u0131 talep etmeyecek, toplumun ger\u00e7ekli\u011fi de olsa dini kurallar referans al\u0131narak yasa haz\u0131rlamayacak. <!--more-->Anayasa Mahkemesi&#8217;nin, AK Parti karar\u0131n\u0131n gerek\u00e7esi d\u00fcn Resmi Gazete&#8217;de yay\u0131mland\u0131. Mahkemenin genel gerek\u00e7esini olu\u015fturan, &#8220;hazine yard\u0131m\u0131n\u0131n yar\u0131s\u0131 kesilsin&#8221; diyen 4 \u00fcyenin h\u00fck\u00fcmete \u00f6vg\u00fc niteli\u011finde g\u00f6r\u00fc\u015fleri \u015f\u00f6yle:<br \/>\n* HALK ONAY VERD\u0130: 22 Temmuz 2007 se\u00e7imlerinde daval\u0131 parti se\u00e7menlerin yar\u0131ya yak\u0131n\u0131n\u0131n oyunu ald\u0131\u011f\u0131na g\u00f6re, halk\u0131n isnat edilen eylemler ile partinin b\u00fct\u00fcn icraatlar\u0131n\u0131 birlikte de\u011ferlendirerek daval\u0131 partiye onay verdi\u011fi g\u00f6r\u00fclmekte.<br \/>\n* AB \u00c7ABASI S\u00dcRD\u00dc: Daval\u0131 partinin iktidar\u0131 d\u00f6neminde, T\u00fcrkiye&#8217;nin temel d\u0131\u015f politikas\u0131 haline gelen AB&#8217;ye giri\u015f \u00e7abas\u0131 s\u00fcrd\u00fcr\u00fclm\u00fc\u015ft\u00fcr. AB ile m\u00fczakerelerin ba\u015flat\u0131lmas\u0131, uluslararas\u0131 sorunlar\u0131n bar\u0131\u015f\u00e7\u0131 yolla \u00e7\u00f6z\u00fcm\u00fcne aktif katk\u0131s\u0131 dikkate al\u0131nd\u0131\u011f\u0131nda, daval\u0131 partinin sahip oldu\u011fu iktidar g\u00fcc\u00fcn\u00fc \u00fclkenin \u00e7a\u011fda\u015f Bat\u0131 demokrasileri standard\u0131na kavu\u015fmas\u0131 y\u00f6n\u00fcnde kulland\u0131\u011f\u0131 a\u00e7\u0131k.<br \/>\n* \u015e\u0130DDETE Y\u00d6NELTMED\u0130: \u00dcniversitelerde ba\u015f\u00f6rt\u00fcs\u00fcn\u00fcn serbest b\u0131rak\u0131lmas\u0131 amac\u0131n\u0131 ta\u015f\u0131yan anayasa de\u011fi\u015fikli\u011finin iptal edilmesinin ard\u0131ndan daval\u0131 parti se\u00e7men kitlesini eyleme ve \u015fiddet hareketlerine te\u015fvik etmedi.<br \/>\n* \u015e\u0130DDET OLMADI\u011eI \u0130\u00c7\u0130N: Daval\u0131 partinin demokrasiyi ve laik devlet d\u00fczenini ortadan kald\u0131rma veya anayasal d\u00fczenin temel esaslar\u0131n\u0131 \u015fiddet kullanarak tahrip etme amac\u0131 i\u00e7in elindeki iktidar olanaklar\u0131n\u0131 \u015fiddet do\u011frultusunda kulland\u0131\u011f\u0131na ili\u015fkin veriler saptanmad\u0131.\n<\/p>\n<p style=\"text-align: justify;\"><span style=\"color: #888888;\">( Sabah )<\/span><\/p>\n","protected":false},"excerpt":{"rendered":"<p style=\"text-align: center;\">\n<p style=\"text-align: justify;\">Mahkeme, AK Parti hakk\u0131ndaki karar\u0131n\u0131n gerek\u00e7esinde partiyi \u00f6nce AB&#8217;ye uyum yolunda att\u0131\u011f\u0131 ad\u0131mlar i\u00e7in \u00f6vd\u00fc, sonra da &#8220;Hazine yard\u0131m\u0131 kesilsin&#8221; cezas\u0131 verdi..<\/p>\n<p style=\"text-align: justify;\">AK Parti kapatma davas\u0131nda, &#8220;hazine yard\u0131m\u0131n\u0131n yar\u0131s\u0131n\u0131n kesilmesi&#8221;ne h\u00fckmeden Anayasa Mahkemesi, gerek\u00e7eli karar\u0131nda hem partiyi \u00f6vd\u00fc hem de ceza verdi. Kararla, siyasette uyulmas\u0131 gereken k\u0131rm\u0131z\u0131 \u00e7izgiler <\/p>\n","protected":false},"author":1,"featured_media":0,"comment_status":"open","ping_status":"open","sticky":false,"template":"","format":"standard","meta":{"footnotes":""},"categories":[105],"tags":[],"class_list":["post-2083","post","type-post","status-publish","format-standard","hentry","category-gundem","odd"],"_links":{"self":[{"href":"http:\/\/www.korhanyilmaz.com\/index.php?rest_route=\/wp\/v2\/posts\/2083","targetHints":{"allow":["GET"]}}],"collection":[{"href":"http:\/\/www.korhanyilmaz.com\/index.php?rest_route=\/wp\/v2\/posts"}],"about":[{"href":"http:\/\/www.korhanyilmaz.com\/index.php?rest_route=\/wp\/v2\/types\/post"}],"author":[{"embeddable":true,"href":"http:\/\/www.korhanyilmaz.com\/index.php?rest_route=\/wp\/v2\/users\/1"}],"replies":[{"embeddable":true,"href":"http:\/\/www.korhanyilmaz.com\/index.php?rest_route=%2Fwp%2Fv2%2Fcomments&post=2083"}],"version-history":[{"count":0,"href":"http:\/\/www.korhanyilmaz.com\/index.php?rest_route=\/wp\/v2\/posts\/2083\/revisions"}],"wp:attachment":[{"href":"http:\/\/www.korhanyilmaz.com\/index.php?rest_route=%2Fwp%2Fv2%2Fmedia&parent=2083"}],"wp:term":[{"taxonomy":"category","embeddable":true,"href":"http:\/\/www.korhanyilmaz.com\/index.php?rest_route=%2Fwp%2Fv2%2Fcategories&post=2083"},{"taxonomy":"post_tag","embeddable":true,"href":"http:\/\/www.korhanyilmaz.com\/index.php?rest_route=%2Fwp%2Fv2%2Ftags&post=2083"}],"curies":[{"name":"wp","href":"https:\/\/api.w.org\/{rel}","templated":true}]}}