{"id":20826,"date":"2010-03-29T07:10:16","date_gmt":"2010-03-29T04:10:16","guid":{"rendered":"http:\/\/www.korhanyilmaz.com\/?p=20826"},"modified":"2010-03-29T07:10:16","modified_gmt":"2010-03-29T04:10:16","slug":"almanya-basbakani-turkiyeye-geliyor","status":"publish","type":"post","link":"http:\/\/www.korhanyilmaz.com\/?p=20826","title":{"rendered":"Almanya Ba\u015fbakan\u0131 T\u00fcrkiye&#039;ye geliyor"},"content":{"rendered":"<p><a href=\"http:\/\/www.korhanyilmaz.com\/wp-content\/uploads\/2010\/03\/MERKEL.jpg\"  class=\"lightview\"><img loading=\"lazy\" decoding=\"async\" class=\"aligncenter size-full wp-image-20827\" src=\"http:\/\/www.korhanyilmaz.com\/wp-content\/uploads\/2010\/03\/MERKEL.jpg\" alt=\"\" width=\"292\" height=\"194\" \/><\/a><\/p>\n<p style=\"text-align: justify;\">Almanya Ba\u015fbakan\u0131 Angela Merkel, iki g\u00fcnl\u00fck resmi ziyaret i\u00e7in bug\u00fcn T\u00fcrkiye&#8217;ye gelecek.<\/p>\n<p style=\"text-align: justify;\">Almanya Ba\u015fbakan\u0131 Angela Merkel, T\u00fcrkiye&#8217;de bug\u00fcn yapaca\u011f\u0131 resmi g\u00f6r\u00fc\u015fmelerinde Ortado\u011fu bar\u0131\u015f s\u00fcrecinin ve \u0130ran ile olan ili\u015fkilerin de a\u011f\u0131rl\u0131kl\u0131 olarak g\u00fcndeme gelece\u011fini s\u00f6yledi. <!--more--><\/p>\n<p style=\"text-align: justify;\">Merkel, Ba\u015fbakanl\u0131k&#8217;\u0131n resmi internet sayfas\u0131ndaki video mesaj\u0131nda, bug\u00fcn ba\u015flayaca\u011f\u0131 2 g\u00fcnl\u00fck T\u00fcrkiye ziyaretine yer vererek bu ziyarete \u00e7ok sevindi\u011fini, Ba\u015fbakan Recep Tayyip Erdo\u011fan&#8217;\u0131n yan\u0131s\u0131ra Cumhurba\u015fkan\u0131 Abdullah G\u00fcl ile de \u00e7ok s\u0131k\u0131 ortakl\u0131k ili\u015fkileri oldu\u011funu, iki \u00fclkeyi birbirine ba\u011flayan \u00e7ok \u015feyin bulundu\u011funu belirtti.<\/p>\n<p style=\"text-align: justify;\">Merkel, &#8220;T\u00fcrkiye&#8217;deki g\u00f6r\u00fc\u015fmelerimde Ortado\u011fu bar\u0131\u015f s\u00fcreci ve \u0130ran ile olan ili\u015fkiler de g\u00fcndeme gelecek. Almanya, \u0130ran&#8217;\u0131n, n\u00fckleer program\u0131yla ilgili olarak \u015feffafl\u0131k g\u00f6stermemesi durumunda yapt\u0131r\u0131mlar uygulanmas\u0131ndan yana. Bunu da Ankara&#8217;daki g\u00f6r\u00fc\u015fmelerde ele alaca\u011f\u0131z&#8221; \u015feklinde konu\u015ftu.<\/p>\n<p style=\"text-align: justify;\">Ziyaretinin 2. g\u00fcn\u00fcnde \u0130stanbul&#8217;da k\u00fclt\u00fcr ve ekonomi a\u011f\u0131rl\u0131kl\u0131 bir program\u0131n kendisini bekledi\u011fini ifade eden Merkel, \u0130stanbul&#8217;un her zaman ziyarete de\u011fecek bir \u015fehir oldu\u011funu, burada Ba\u015fbakan Erdo\u011fan ile birlikte bir k\u00fclt\u00fcr program\u0131na kat\u0131lacak olmaktan b\u00fcy\u00fck mutluluk duydu\u011funu belirtti.<\/p>\n<p style=\"text-align: justify;\">\u0130stanbul&#8217;da T\u00fcrk i\u015f adamlar\u0131yla da bir araya gelerek ikili ekonomik ili\u015fkilerin geli\u015ftirilmesi konusunda g\u00f6r\u00fc\u015feceklerini kaydeden Merkel ayr\u0131ca, Almanya&#8217;da ya\u015fayan T\u00fcrk k\u00f6kenli g\u00f6\u00e7menlerin Alman toplumuna uyum konusunda da Erdo\u011fan ile s\u0131k\u00e7a konu\u015ftu\u011funu s\u00f6yledi.<\/p>\n<p style=\"text-align: justify;\">Bu uyum s\u00fcrecinin ba\u015far\u0131l\u0131 olabilmesi i\u00e7in Almanca \u00f6\u011frenilmesinin ve Alman yasalar\u0131na uyulmas\u0131n\u0131n \u00f6nemine vurgu yapan Merkel, uyumun asimilasyon olarak g\u00f6r\u00fclmemesi gerekti\u011fini, \u00f6nemli olan\u0131n uzun y\u0131llardan bu yana Almanya&#8217;da ya\u015fayan g\u00f6\u00e7menlerin toplumda ba\u015far\u0131l\u0131 olmas\u0131n\u0131n, istihdam piyasas\u0131na ve aile ya\u015fam\u0131na kat\u0131lmas\u0131n\u0131n sa\u011flanmas\u0131 oldu\u011funu belirtti.<\/p>\n<p style=\"text-align: justify;\">Uyum s\u00fcrecinde ilerlemeler sa\u011fland\u0131\u011f\u0131n\u0131 ifade eden Merkel, Ba\u015fbakan Erdo\u011fan ile Berlin&#8217;de Ba\u015fbakanl\u0131k&#8217;ta \u00f6\u011frenciler ile sohbet ettiklerinde, T\u00fcrk k\u00f6kenli \u00f6\u011frencilerin Erdo\u011fan&#8217;a ve \u00fclkelerine ba\u011fl\u0131l\u0131k duydu\u011funu fark etti\u011fini, ancak kendisinin de Almanya&#8217;da ya\u015fayan herkesin ba\u015fbakan\u0131 oldu\u011funu kaydetti.<\/p>\n<p style=\"text-align: justify;\">Merkel s\u00f6zlerini, T\u00fcrkiye&#8217;de ilgin\u00e7 g\u00f6r\u00fc\u015fmeler yapaca\u011f\u0131na ve ikili ili\u015fkilerin b\u00f6ylece daha da derinle\u015ftirilece\u011fine inand\u0131\u011f\u0131n\u0131 s\u00f6yleyerek tamamlad\u0131.<\/p>\n<p style=\"text-align: justify;\"><strong>Merkel&#8217;in program\u0131 <\/strong><\/p>\n<p style=\"text-align: justify;\">Alman h\u00fck\u00fcmet yetkilileri, Merkel&#8217;in 2006 y\u0131l\u0131ndan sonra ikinci kez ba\u015fbakan olarak yapaca\u011f\u0131 T\u00fcrkiye ziyaretine Ankara&#8217;dan ba\u015flayaca\u011f\u0131n\u0131 ve \u00f6nce An\u0131tkabir&#8217;i ziyaret ederek, Atat\u00fcrk&#8217;\u00fcn kabrine \u00e7elenk koyaca\u011f\u0131n\u0131 belirtti.<\/p>\n<p style=\"text-align: justify;\">Merkel&#8217;in baz\u0131 muhalefet parti temsilcileriyle g\u00f6r\u00fc\u015fece\u011fini ifade eden yetkililer, daha sonra Merkel&#8217;in Ba\u015fbakanl\u0131k&#8217;ta Ba\u015fbakan Recep Tayyip Erdo\u011fan taraf\u0131ndan resmi t\u00f6renle kar\u015f\u0131lanaca\u011f\u0131n\u0131 ve Erdo\u011fan ile ikili bir g\u00f6r\u00fc\u015fme yapaca\u011f\u0131n\u0131, ard\u0131ndan \u00c7ankaya K\u00f6\u015fk\u00fc&#8217;ne \u00e7\u0131karak Cumhurba\u015fkan\u0131 Abdullah G\u00fcl taraf\u0131ndan kabul edilece\u011fini kaydetti.<\/p>\n<p style=\"text-align: justify;\">Ba\u015fbakanl\u0131k rezidans\u0131nda Erdo\u011fan&#8217;\u0131n onuruna verece\u011fi ak\u015fam yeme\u011fine kat\u0131lacak olan Merkel, pazartesi ak\u015fam\u0131 \u0130stanbul&#8217;a ge\u00e7ecek.<\/p>\n<p style=\"text-align: justify;\">\u0130stanbul&#8217;da sal\u0131 g\u00fcn\u00fc Ayasofya Camisini ve Mavi Camiyi gezecek olan Merkel&#8217;in, daha sonra Alman Lisesi&#8217;ni ziyaret ederek, burada \u00f6\u011frencilerle bir tart\u0131\u015fma paneline kat\u0131laca\u011f\u0131, ard\u0131ndan Alman cemaatinin dini temsilcileriyle g\u00f6r\u00fc\u015fece\u011fi belirtildi.<\/p>\n<p style=\"text-align: justify;\">\u0130stanbul&#8217;da ayn\u0131 g\u00fcn Almanya&#8217;n\u0131n Essen kentinin ve \u0130stanbul&#8217;un 2010 Avrupa K\u00fclt\u00fcr Ba\u015fkenti olmas\u0131 sebebiyle verilecek konsere kat\u0131lacak olan Merkel, sal\u0131 ak\u015fam\u0131 Almanya&#8217;ya d\u00f6necek.<\/p>\n<p style=\"text-align: justify;\">Merkel&#8217;e ziyareti s\u0131ras\u0131nda g\u00f6\u00e7 ve uyumdan sorumlu Devlet Bakan\u0131 Maria B\u00f6hmer ile \u00e7ok say\u0131da Alman ve T\u00fcrk i\u015fadam\u0131n\u0131n da e\u015flik edece\u011fi kaydedildi.<\/p>\n<p style=\"text-align: justify;\"><span style=\"color: #888888;\">CNN T\u00dcRK<\/span><\/p>\n","protected":false},"excerpt":{"rendered":"<\/p>\n<p style=\"text-align: justify;\">Almanya Ba\u015fbakan\u0131 Angela Merkel, iki g\u00fcnl\u00fck resmi ziyaret i\u00e7in bug\u00fcn T\u00fcrkiye&#8217;ye gelecek.<\/p>\n<p style=\"text-align: justify;\">Almanya Ba\u015fbakan\u0131 Angela Merkel, T\u00fcrkiye&#8217;de bug\u00fcn yapaca\u011f\u0131 resmi g\u00f6r\u00fc\u015fmelerinde Ortado\u011fu bar\u0131\u015f s\u00fcrecinin ve \u0130ran ile olan ili\u015fkilerin de a\u011f\u0131rl\u0131kl\u0131 olarak g\u00fcndeme gelece\u011fini s\u00f6yledi. <\/p>\n","protected":false},"author":1,"featured_media":0,"comment_status":"open","ping_status":"closed","sticky":false,"template":"","format":"standard","meta":{"footnotes":""},"categories":[105],"tags":[],"class_list":["post-20826","post","type-post","status-publish","format-standard","hentry","category-gundem","odd"],"_links":{"self":[{"href":"http:\/\/www.korhanyilmaz.com\/index.php?rest_route=\/wp\/v2\/posts\/20826","targetHints":{"allow":["GET"]}}],"collection":[{"href":"http:\/\/www.korhanyilmaz.com\/index.php?rest_route=\/wp\/v2\/posts"}],"about":[{"href":"http:\/\/www.korhanyilmaz.com\/index.php?rest_route=\/wp\/v2\/types\/post"}],"author":[{"embeddable":true,"href":"http:\/\/www.korhanyilmaz.com\/index.php?rest_route=\/wp\/v2\/users\/1"}],"replies":[{"embeddable":true,"href":"http:\/\/www.korhanyilmaz.com\/index.php?rest_route=%2Fwp%2Fv2%2Fcomments&post=20826"}],"version-history":[{"count":0,"href":"http:\/\/www.korhanyilmaz.com\/index.php?rest_route=\/wp\/v2\/posts\/20826\/revisions"}],"wp:attachment":[{"href":"http:\/\/www.korhanyilmaz.com\/index.php?rest_route=%2Fwp%2Fv2%2Fmedia&parent=20826"}],"wp:term":[{"taxonomy":"category","embeddable":true,"href":"http:\/\/www.korhanyilmaz.com\/index.php?rest_route=%2Fwp%2Fv2%2Fcategories&post=20826"},{"taxonomy":"post_tag","embeddable":true,"href":"http:\/\/www.korhanyilmaz.com\/index.php?rest_route=%2Fwp%2Fv2%2Ftags&post=20826"}],"curies":[{"name":"wp","href":"https:\/\/api.w.org\/{rel}","templated":true}]}}