{"id":20788,"date":"2010-03-20T01:19:42","date_gmt":"2010-03-19T23:19:42","guid":{"rendered":"http:\/\/www.korhanyilmaz.com\/?p=20788"},"modified":"2010-03-20T01:19:42","modified_gmt":"2010-03-19T23:19:42","slug":"20788","status":"publish","type":"post","link":"http:\/\/www.korhanyilmaz.com\/?p=20788","title":{"rendered":"Bakal\u0131m Bu Yarg\u0131c\u0131n Ba\u015f\u0131na Neler Gelecek?"},"content":{"rendered":"<p style=\"text-align: justify;\"><a href=\"http:\/\/www.korhanyilmaz.com\/wp-content\/uploads\/2010\/03\/hakim2.jpg\"  class=\"lightview\"><img loading=\"lazy\" decoding=\"async\" class=\"aligncenter size-full wp-image-20789\" src=\"http:\/\/www.korhanyilmaz.com\/wp-content\/uploads\/2010\/03\/hakim2.jpg\" alt=\"\" width=\"250\" height=\"175\" \/><\/a><\/p>\n<p style=\"text-align: justify;\"><strong>Baz\u0131 \u201cKafes\u201d delilleri daha dava ba\u015flamadan \u00e7\u00fcr\u00fc\u011fe \u00e7\u0131kt\u0131.<\/strong><\/p>\n<p style=\"text-align: justify;\">\u0130stanbul 12. A\u011f\u0131r Ceza Mahkemesi, medya taraf\u0131ndan \u201cKafes Eylem Plan\u0131\u201d ad\u0131 verilen davan\u0131n iddianamesini kabul etti. 3\u2019\u00fc tutuklu 33 san\u0131\u011f\u0131 olan davan\u0131n iddianamesinde bir numaral\u0131 san\u0131k Kuzey Deniz Saha Komutan\u0131 emekli Koramiral Feyyaz \u00d6\u011f\u00fct\u00e7\u00fc, iki numaral\u0131 san\u0131k Koramiral Kadir Sa\u011fd\u0131\u00e7, \u00fc\u00e7 numaral\u0131 san\u0131k ise Tu\u011famiral Mehmet Fatih Ilgar olarak g\u00f6steriliyor.<!--more--><\/p>\n<p style=\"text-align: justify;\">Mahkeme heyetinden \u00fcye Hakim Oktay Kuban, 65 sayfa ve 6 klas\u00f6rl\u00fck ekten olu\u015fan iddianamenin iadesi y\u00f6n\u00fcnde oy kulland\u0131 ve kabul karar\u0131na kar\u015f\u0131 muhalefet \u015ferhi yazd\u0131.<\/p>\n<p style=\"text-align: justify;\">CMK&#8217;n\u0131n 170. ve 174. maddelerine g\u00f6re &#8220;iddianamenin iadesine karar verilmesi&#8221; gerekti\u011fini dile getiren Yarg\u0131\u00e7 Kuban, gerek\u00e7elerini \u015f\u00f6yle s\u0131ralad\u0131:<\/p>\n<p style=\"text-align: justify;\"><strong>1-<\/strong> \u015e\u00fcpheliler hakk\u0131ndaki su\u00e7lamaya delil olarak g\u00f6sterilen ihbar mektubu ve elektronik posta ihbarlar\u0131n\u0131n nereden, kim taraf\u0131ndan g\u00f6nderildi\u011fi ve kimli\u011finin ne oldu\u011funun ara\u015ft\u0131r\u0131lmam\u0131\u015f olmas\u0131, ihbarda bulunan\u0131n kimli\u011finin a\u00e7\u0131klanmas\u0131n\u0131n sak\u0131ncas\u0131n\u0131n olup olmad\u0131\u011f\u0131n\u0131n yaz\u0131lmam\u0131\u015f olmas\u0131.<\/p>\n<p style=\"text-align: justify;\"><strong>2<\/strong>&#8211; \u015e\u00fcpheli Kadir Sa\u011fd\u0131\u00e7 hakk\u0131nda delil olarak g\u00f6sterilen ve internet haber, video payla\u015f\u0131m sitelerinden al\u0131nd\u0131\u011f\u0131 a\u00e7\u0131klanan ses kayd\u0131n\u0131n \u015f\u00fcpheliye ait olup olmad\u0131\u011f\u0131 konusunda kriminal inceleme yap\u0131lmadan delil olarak g\u00f6sterilmi\u015f olmas\u0131.<\/p>\n<p style=\"text-align: justify;\"><strong>3<\/strong>&#8211; Delil olarak g\u00f6sterilen ve savc\u0131l\u0131\u011fa Serdar Cem ismiyle g\u00f6nderilen 2 ihbar mektubu ekindeki CD&#8217;lerde bulunan adli emanetteki belgelerin ne oldu\u011fu ve \u015f\u00fcpheli Kadir Sa\u011fd\u0131\u00e7&#8217;\u0131n \u00f6rg\u00fctsel faaliyeti ile ili\u015fkilendirilmemi\u015f olmas\u0131.<\/p>\n<p style=\"text-align: justify;\"><strong>4-<\/strong> \u015e\u00fcpheli Kadir Sa\u011fd\u0131\u00e7 hakk\u0131nda di\u011fer san\u0131klarla ayn\u0131 mail grubu i\u00e7erisinde yer ald\u0131\u011f\u0131 delil olarak g\u00f6sterilmesine ra\u011fmen, bu irtibat\u0131n \u00f6rg\u00fctsel ili\u015fkiye ili\u015fkin oldu\u011funa dair bir ara\u015ft\u0131rman\u0131n ve ili\u015fkilendirmenin yap\u0131lmam\u0131\u015f olmas\u0131.<\/p>\n<p style=\"text-align: justify;\"><strong>5<\/strong>&#8211; \u015e\u00fcpheli Mehmet Fatih Ilgar hakk\u0131nda delil olarak g\u00f6sterilen &#8220;Dilek Bozkaya&#8221; ba\u015fl\u0131kl\u0131 bilgisayar \u00e7\u0131kt\u0131s\u0131n\u0131n ne anlama geldi\u011fi ve \u015f\u00fcphelinin iddia edilen \u00f6rg\u00fctsel faaliyeti ile ilgisinin ili\u015fkilendirilerek a\u00e7\u0131klanmam\u0131\u015f olmas\u0131.<\/p>\n<p style=\"text-align: justify;\"><strong>6<\/strong>&#8211; \u015e\u00fcpheli Levent G\u00fclmen hakk\u0131nda delil olarak g\u00f6sterilen isimsiz, imzas\u0131z ihbar mektubundaki &#8220;<strong>Levent G\u00fclmen&#8217;in delilleri ka\u00e7\u0131rarak gizledi\u011f<\/strong>i&#8221; hususunun delillerin ne oldu\u011fu ve b\u00f6yle bir olay\u0131n olup olmad\u0131\u011f\u0131 konusunun ara\u015ft\u0131r\u0131lmam\u0131\u015f olmas\u0131.<\/p>\n<p style=\"text-align: justify;\"><strong>7-<\/strong> \u015e\u00fcpheli \u00dcmit \u00d6zbek hakk\u0131nda delil olarak g\u00f6sterilen isimsiz, imzas\u0131z ihbar mektubundaki &#8220;Kay\u0131p el bombalar\u0131, tabanca, ger\u00e7e\u011fe ayk\u0131r\u0131 belge d\u00fczenleme&#8221; iddialar\u0131 hakk\u0131nda bir ara\u015ft\u0131rman\u0131n yap\u0131lmam\u0131\u015f olmas\u0131 ve bu ihbardaki iddialar\u0131n \u015f\u00fcphelinin \u00f6rg\u00fctsel faaliyeti ile ili\u015fkilendirilmemi\u015f olmas\u0131.<\/p>\n<p style=\"text-align: justify;\"><strong>8-<\/strong> 24 \u015f\u00fcpheli hakk\u0131nda &#8221;<strong>ter\u00f6r \u00f6rg\u00fct\u00fc \u00fcyesi olduklar\u0131&#8217;<\/strong>&#8216; iddias\u0131na tek delil olarak g\u00f6sterilen ve <strong>Levent Bekta\u015f<\/strong>&#8216;\u0131n i\u015f yerinde elde edilen DVD&#8217;deki bilgilerle \u00f6rg\u00fctsel ili\u015fkilerinin neden ve nas\u0131l oldu\u011fu ili\u015fkilendirilmemi\u015f olmas\u0131.<\/p>\n<p style=\"text-align: justify;\"><strong>9<\/strong>&#8211; Deniz ve yol kenarlar\u0131na b\u0131rak\u0131lan m\u00fchimmatlar\u0131n, \u015f\u00fcphelilerle ili\u015fkisini g\u00f6sterir delillerinin neler oldu\u011funun ara\u015ft\u0131r\u0131lmam\u0131\u015f ve delillerin \u015f\u00fcphelilerle ili\u015fkilendirilmemi\u015f olmas\u0131.<\/p>\n<p style=\"text-align: justify;\"><strong>Bu durumda iddianamede yer alan delillerden bir b\u00f6l\u00fcm\u00fc, daha duru\u015fmalar ba\u015flamadan heyetteki bir yarg\u0131c\u0131n nazar\u0131nda kan\u0131t olmaktan \u00e7\u0131km\u0131\u015f bulunuyor. <\/strong><\/p>\n<p style=\"text-align: justify;\"><strong>Oktay Kuban<\/strong> muhalefet \u015ferhinde ayr\u0131ca &#8220;askeri su\u00e7lar\u0131n \u00f6zel yetkili mahkemelerde yarg\u0131lanamayaca\u011f\u0131&#8221; yolunda g\u00f6r\u00fc\u015f belirtti.<\/p>\n<p style=\"text-align: justify;\">Bakal\u0131m bu yarg\u0131\u00e7 da s\u0131rf yasalara ve hukukun \u00fcst\u00fcnl\u00fc\u011f\u00fcne ba\u011fl\u0131 kalan di\u011fer meslekta\u015flar\u0131 gibi m\u00fcfetti\u015f bask\u0131lar\u0131na, telefon dinlemelerine ve yanda\u015f medya lin\u00e7ine maruz b\u0131rak\u0131lacak m\u0131?<\/p>\n<p style=\"text-align: justify;\"><span style=\"color: #888888;\">Haber Kayna\u011f\u0131 : <a href=\"http:\/\/www.odatv.com\/n.php?n=bakalim-bu-yargicin-basina-neler-gelecek-2003101200\" target=\"_blank\">Odatv.com<\/a><\/span><\/p>\n","protected":false},"excerpt":{"rendered":"<p style=\"text-align: justify;\">\n<p style=\"text-align: justify;\">Baz\u0131 \u201cKafes\u201d delilleri daha dava ba\u015flamadan \u00e7\u00fcr\u00fc\u011fe \u00e7\u0131kt\u0131.<\/p>\n<p style=\"text-align: justify;\">\u0130stanbul 12. A\u011f\u0131r Ceza Mahkemesi, medya taraf\u0131ndan \u201cKafes Eylem Plan\u0131\u201d ad\u0131 verilen davan\u0131n iddianamesini kabul etti. 3\u2019\u00fc tutuklu 33 san\u0131\u011f\u0131 olan davan\u0131n iddianamesinde bir numaral\u0131 san\u0131k Kuzey Deniz Saha Komutan\u0131 emekli Koramiral Feyyaz \u00d6\u011f\u00fct\u00e7\u00fc, iki numaral\u0131 san\u0131k Koramiral Kadir Sa\u011fd\u0131\u00e7, <\/p>\n","protected":false},"author":1,"featured_media":0,"comment_status":"open","ping_status":"closed","sticky":false,"template":"","format":"standard","meta":{"footnotes":""},"categories":[105],"tags":[],"class_list":["post-20788","post","type-post","status-publish","format-standard","hentry","category-gundem","odd"],"_links":{"self":[{"href":"http:\/\/www.korhanyilmaz.com\/index.php?rest_route=\/wp\/v2\/posts\/20788","targetHints":{"allow":["GET"]}}],"collection":[{"href":"http:\/\/www.korhanyilmaz.com\/index.php?rest_route=\/wp\/v2\/posts"}],"about":[{"href":"http:\/\/www.korhanyilmaz.com\/index.php?rest_route=\/wp\/v2\/types\/post"}],"author":[{"embeddable":true,"href":"http:\/\/www.korhanyilmaz.com\/index.php?rest_route=\/wp\/v2\/users\/1"}],"replies":[{"embeddable":true,"href":"http:\/\/www.korhanyilmaz.com\/index.php?rest_route=%2Fwp%2Fv2%2Fcomments&post=20788"}],"version-history":[{"count":0,"href":"http:\/\/www.korhanyilmaz.com\/index.php?rest_route=\/wp\/v2\/posts\/20788\/revisions"}],"wp:attachment":[{"href":"http:\/\/www.korhanyilmaz.com\/index.php?rest_route=%2Fwp%2Fv2%2Fmedia&parent=20788"}],"wp:term":[{"taxonomy":"category","embeddable":true,"href":"http:\/\/www.korhanyilmaz.com\/index.php?rest_route=%2Fwp%2Fv2%2Fcategories&post=20788"},{"taxonomy":"post_tag","embeddable":true,"href":"http:\/\/www.korhanyilmaz.com\/index.php?rest_route=%2Fwp%2Fv2%2Ftags&post=20788"}],"curies":[{"name":"wp","href":"https:\/\/api.w.org\/{rel}","templated":true}]}}