{"id":20785,"date":"2010-03-26T23:21:41","date_gmt":"2010-03-26T21:21:41","guid":{"rendered":"http:\/\/www.korhanyilmaz.com\/?p=20785"},"modified":"2010-03-26T23:21:41","modified_gmt":"2010-03-26T21:21:41","slug":"kimin-hakimi-kiminkini-dover","status":"publish","type":"post","link":"http:\/\/www.korhanyilmaz.com\/?p=20785","title":{"rendered":"Kimin Hakimi Kiminkini D\u00f6ver?"},"content":{"rendered":"<p><a href=\"http:\/\/www.korhanyilmaz.com\/wp-content\/uploads\/2010\/03\/hakim.jpg\"  class=\"lightview\"><img loading=\"lazy\" decoding=\"async\" class=\"aligncenter size-full wp-image-20786\" src=\"http:\/\/www.korhanyilmaz.com\/wp-content\/uploads\/2010\/03\/hakim.jpg\" alt=\"\" width=\"250\" height=\"175\" \/><\/a><\/p>\n<p style=\"text-align: justify;\">Medyada \u201cKafes eylem plan\u0131\u201d ad\u0131 verilen davan\u0131n iddianamesi ge\u00e7en hafta \u0130stanbul 12. A\u011f\u0131r Ceza Mahkemesi taraf\u0131ndan kabul edilmi\u015f, \u00fcye hakim Oktay Kuban bu karara muhalefet \u015ferhi koymu\u015ftu. Hakim Kuban 9 maddelik muhalefetinde, ihbar mektuplar\u0131n\u0131 ve gizli tan\u0131k beyanlar\u0131n\u0131 \u015f\u00fcphelilerle ili\u015fkilendirememi\u015f olan iddianamenin iadesini istemi\u015fti. Biz de Odatv olarak \u201cbakal\u0131m bu hakim de medya lin\u00e7ine maruz b\u0131rak\u0131lacak m\u0131?\u201d diye sormu\u015ftuk.\u00a0 <a href=\"http:\/\/www.korhanyilmaz.com\/?p=20788\" target=\"_self\">&gt;&gt; <\/a><!--more--><\/p>\n<p style=\"text-align: justify;\">\u00c7\u00fcnk\u00fc medya lin\u00e7lerinde art\u0131k Per\u015fembenin geli\u015fi \u00c7ar\u015fambadan bellidir. Her kim ki hukuk devletini, adaleti ve vicdani kanaati savunur, ertesi g\u00fcn en yak\u0131n a\u011fa\u00e7ta ipe \u00e7ekilmesi vaciptir.<\/p>\n<p style=\"text-align: justify;\">Nitekim aradan be\u015f g\u00fcn ge\u00e7ti ve\u2026 Yarg\u0131\u00e7 Oktay Kuban Taraf ve Yeni\u015eafak gazetelerinde man\u015fetten hedef al\u0131nd\u0131.<\/p>\n<p style=\"text-align: justify;\">\u201cSu\u00e7u\u201d \u015fuydu: Medyada \u201cBalyoz\u201d ad\u0131 verilen davadan tutuklanma talebiyle mahkemeye sevk edilen Korgeneral Yurdaer Olcan\u2019\u0131, delil durumunu ve ka\u00e7ma \u015f\u00fcphesini de\u011ferlendirerek serbest b\u0131rakm\u0131\u015ft\u0131.<\/p>\n<p style=\"text-align: justify;\">Sen misin bu karar\u0131 veren! Yeni\u015eafak \u201cTahliyeler hep ayn\u0131 hakimden\u201d man\u015fetini att\u0131. Taraf da man\u015fetinin alt\u0131nda \u201cHakim Oktay Kuban\u2019\u0131n n\u00f6bet\u00e7i oldu\u011fu g\u00fcn ifade vermeye gitti serbest kald\u0131\u201d spotunu verdi.<\/p>\n<p style=\"text-align: justify;\">Adamlar sanki gazeteci de\u011fil, cemaatin hakim ve savc\u0131lara sicil verme g\u00f6revlisi! \u0130stedikleri gibi karar vermeyen hakim veya savc\u0131n\u0131n derhal ge\u00e7mi\u015fini kar\u0131\u015ft\u0131r\u0131yorlar. Oktay Kuban\u2019a da ayn\u0131 \u015feyi yapt\u0131lar. Yeni\u015eafak o yarg\u0131s\u0131z infaz man\u015fetinin alt\u0131nda \u015f\u00f6yle diyordu: \u201cHakimler Savc\u0131lar Y\u00fcksek Kurulu&#8217;nun tart\u0131\u015fmal\u0131 yaz kararnamesiyle Diyarbak\u0131r&#8217;dan \u0130stanbul&#8217;a atanan\u2026\u201d Aynen HSYK \u00fcyelerinin arkada\u015flar\u0131yla yemek yerken \u00e7ektikleri foto\u011fraflar\u0131n\u0131 g\u00fcn\u00fc geldi\u011finde kullanmak \u00fczere zulada saklamalar\u0131 gibi.<\/p>\n<p style=\"text-align: justify;\">A\u00e7\u0131l\u0131m, milli birlik projesi ad\u0131 alt\u0131nda her \u015feyi, herkesi b\u00f6l\u00fcyorlar. K\u00fcrtleri, Ermenileri, Romanlar\u0131, \u015fark\u0131c\u0131lar\u0131, t\u00fcrk\u00fcc\u00fcleri, sinemac\u0131lar\u0131, tiyatrocular\u0131, dizi filmcileri \u201ch\u00fck\u00fcmet yanl\u0131s\u0131-h\u00fck\u00fcmet kar\u015f\u0131t\u0131\u201d diye b\u00f6ld\u00fcler.<\/p>\n<p style=\"text-align: justify;\">Mahkemeleri \u201c13. A\u011f\u0131r Ceza bizden, 12. A\u011f\u0131r Ceza onlardan\u201d diye ay\u0131rd\u0131lar. Hakimleri, savc\u0131lar\u0131 \u201cbizden, onlardan\u201d diye ay\u0131r\u0131yorlar.<\/p>\n<p style=\"text-align: justify;\">Sorun s\u00f6ylesinler:<\/p>\n<p style=\"text-align: justify;\">-Sincan A\u011f\u0131r Ceza Hakimi Osman Ka\u00e7maz?<\/p>\n<p style=\"text-align: justify;\">-Onlardan.<\/p>\n<p style=\"text-align: justify;\">-Neden?<\/p>\n<p style=\"text-align: justify;\">-Abdullah G\u00fcl\u2019e kay\u0131p trilyon davas\u0131ndan yarg\u0131lanabilir dedi.<\/p>\n<p style=\"text-align: justify;\">&#8211; Peki Erzurum A\u011f\u0131r Ceza Hakimi \u0130smail \u015eahin?<\/p>\n<p style=\"text-align: justify;\">-Bizden.<\/p>\n<p style=\"text-align: justify;\">-Neden?<\/p>\n<p style=\"text-align: justify;\">-\u00c7\u00fcnk\u00fc hamiline arama karar\u0131 veriyor. Ba\u015fsavc\u0131 \u0130lhan Cihaner\u2019i de tutuklad\u0131.<\/p>\n<p style=\"text-align: justify;\">&#8211; \u00d6yleyse Cihaner de onlardand\u0131 herhalde.<\/p>\n<p style=\"text-align: justify;\">-Evet.<\/p>\n<p style=\"text-align: justify;\">-Neden?<\/p>\n<p style=\"text-align: justify;\">-\u00c7\u00fcnk\u00fc Erzincan\u2019daki tarikat-cemaat yap\u0131lanmalar\u0131n\u0131n \u00fcst\u00fcne gitti\u2026<\/p>\n<p style=\"text-align: justify;\">Bu ayr\u0131m, yarg\u0131y\u0131 da \u201cb\u00f6l ve y\u00f6net\u201d amac\u0131na ula\u015fana kadar b\u00f6yle uzay\u0131p gidecektir.<\/p>\n<p style=\"text-align: justify;\">\u00d6zellikle yarg\u0131y\u0131 b\u00f6lerken yapt\u0131klar\u0131 \u201cbizden-onlardan\u201d ayr\u0131m\u0131n\u0131n \u00e7izgisine dikkatle bak\u0131n; hukukun \u00fcst\u00fcnl\u00fc\u011f\u00fcne ba\u011fl\u0131l\u0131k \u00e7izgisidir o \u00e7izgi. Hukukun \u00fcst\u00fcnl\u00fc\u011f\u00fcne ba\u011fl\u0131 olanlara \u201conlardan\u201d derler, \u201ch\u00fck\u00fcmetin \u00fcst\u00fcnl\u00fc\u011f\u00fcne\u201d ba\u011fl\u0131 olanlara \u201cbizden\u201d.<\/p>\n<p style=\"text-align: justify;\">Hi\u00e7bir zul\u00fcm unutulmaz, g\u00fcn gelir hepsinin hesab\u0131 bir \u015fekilde sorulur.<\/p>\n<p style=\"text-align: justify;\">Ama \u015fu andaki sorun o de\u011fildir. Sorun, hakimlerin ve savc\u0131lar\u0131n hukukla ve vicdanlar\u0131yla ba\u015f ba\u015fa kalmas\u0131n\u0131 engelleyen, yarg\u0131y\u0131 \u201cbizden-onlardan\u201d diye bask\u0131 alt\u0131na alan zalimlerin, kendilerini demokrasi ve reform \u015fampiyonu gibi g\u00f6sterebilmeleridir.<\/p>\n<p style=\"text-align: justify;\"><em>Do\u011fan Yurdakul<\/em><\/p>\n<p style=\"text-align: justify;\"><span style=\"color: #888888;\">Haber Kayna\u011f\u0131 : <a href=\"http:\/\/www.odatv.com\/n.php?n=kimin-hakimi-kiminkini-dover--2603101200\" target=\"_blank\">Odatv.com<\/a><\/span><\/p>\n","protected":false},"excerpt":{"rendered":"<\/p>\n<p style=\"text-align: justify;\">Medyada \u201cKafes eylem plan\u0131\u201d ad\u0131 verilen davan\u0131n iddianamesi ge\u00e7en hafta \u0130stanbul 12. A\u011f\u0131r Ceza Mahkemesi taraf\u0131ndan kabul edilmi\u015f, \u00fcye hakim Oktay Kuban bu karara muhalefet \u015ferhi koymu\u015ftu. Hakim Kuban 9 maddelik muhalefetinde, ihbar mektuplar\u0131n\u0131 ve gizli tan\u0131k beyanlar\u0131n\u0131 \u015f\u00fcphelilerle ili\u015fkilendirememi\u015f olan iddianamenin iadesini istemi\u015fti. Biz de Odatv olarak \u201cbakal\u0131m bu hakim de <\/p>\n","protected":false},"author":1,"featured_media":0,"comment_status":"open","ping_status":"closed","sticky":false,"template":"","format":"standard","meta":{"footnotes":""},"categories":[105],"tags":[],"class_list":["post-20785","post","type-post","status-publish","format-standard","hentry","category-gundem","odd"],"_links":{"self":[{"href":"http:\/\/www.korhanyilmaz.com\/index.php?rest_route=\/wp\/v2\/posts\/20785","targetHints":{"allow":["GET"]}}],"collection":[{"href":"http:\/\/www.korhanyilmaz.com\/index.php?rest_route=\/wp\/v2\/posts"}],"about":[{"href":"http:\/\/www.korhanyilmaz.com\/index.php?rest_route=\/wp\/v2\/types\/post"}],"author":[{"embeddable":true,"href":"http:\/\/www.korhanyilmaz.com\/index.php?rest_route=\/wp\/v2\/users\/1"}],"replies":[{"embeddable":true,"href":"http:\/\/www.korhanyilmaz.com\/index.php?rest_route=%2Fwp%2Fv2%2Fcomments&post=20785"}],"version-history":[{"count":0,"href":"http:\/\/www.korhanyilmaz.com\/index.php?rest_route=\/wp\/v2\/posts\/20785\/revisions"}],"wp:attachment":[{"href":"http:\/\/www.korhanyilmaz.com\/index.php?rest_route=%2Fwp%2Fv2%2Fmedia&parent=20785"}],"wp:term":[{"taxonomy":"category","embeddable":true,"href":"http:\/\/www.korhanyilmaz.com\/index.php?rest_route=%2Fwp%2Fv2%2Fcategories&post=20785"},{"taxonomy":"post_tag","embeddable":true,"href":"http:\/\/www.korhanyilmaz.com\/index.php?rest_route=%2Fwp%2Fv2%2Ftags&post=20785"}],"curies":[{"name":"wp","href":"https:\/\/api.w.org\/{rel}","templated":true}]}}