{"id":2077,"date":"2008-10-25T08:46:21","date_gmt":"2008-10-25T05:46:21","guid":{"rendered":"http:\/\/www.korhanyilmaz.com\/?p=2077"},"modified":"2008-10-25T08:46:21","modified_gmt":"2008-10-25T05:46:21","slug":"isadamlarina-gozdagi-icin-katledildiler","status":"publish","type":"post","link":"http:\/\/www.korhanyilmaz.com\/?p=2077","title":{"rendered":"\u0130\u015fadamlar\u0131na g\u00f6zda\u011f\u0131 i\u00e7in katledildiler"},"content":{"rendered":"<p style=\"text-align: center;\"><img loading=\"lazy\" decoding=\"async\" class=\"alignnone size-full wp-image-2079\" title=\"\u0130\u015fadamlar\u0131na g\u00f6zda\u011f\u0131 i\u00e7in katledildiler \" src=\"http:\/\/www.korhanyilmaz.com\/wp-content\/uploads\/2008\/10\/84aaa70cf5c49043802f3ae4x1.jpg\" alt=\"\" width=\"475\" height=\"250\" \/><\/p>\n<p style=\"text-align: justify;\">Ku\u015fadas\u0131&#8217;nda iki gen\u00e7, liderleri eski bir hava korsan\u0131 olan \u00e7ete taraf\u0131ndan i\u015fadamlar\u0131na g\u00f6zda\u011f\u0131 i\u00e7in bo\u011fazlar\u0131 kesilerek \u00f6ld\u00fcr\u00fcld\u00fc..<\/p>\n<p style=\"text-align: justify;\">Ayd\u0131n&#8217;\u0131n Ku\u015fadas\u0131 il\u00e7esinin Kirazl\u0131, Davutlar ve G\u00fczel\u00e7aml\u0131 mevkilerinde d\u00fcn sabah cesedi bulunan 3 erkekten 2&#8217;sinin, eski hava korsan\u0131 olan zanl\u0131n\u0131n liderli\u011findeki \u015febeke taraf\u0131ndan \u00f6ld\u00fcr\u00fcld\u00fc\u011f\u00fc iddia edildi. Polis taraf\u0131ndan yakalanan \u00e7etenin lideriyle 7 eleman\u0131n\u0131n, ka\u00e7\u0131rd\u0131klar\u0131 kimi i\u015fadamlar\u0131n\u0131n g\u00f6zleri \u00f6n\u00fcnde cinayetleri i\u015fledikleri ve kendilerini de bu bi\u00e7imde \u00f6ld\u00fcreceklerini s\u00f6yleyerek mallar\u0131na el koyduklar\u0131 ileri s\u00fcr\u00fcld\u00fc.<!--more--><\/p>\n<p style=\"text-align: justify;\">KURBANLAR KAYIPTI<br \/>\nKu\u015fadas\u0131&#8217;nda 1 ay \u00f6nce kaybolan H\u00fcsredin \u00d6z\u00e7elik (26) ile 5 g\u00fcn \u00f6nce kaybolan G\u00fcrkan Y\u0131lmaz&#8217;\u0131n (28) ailelerinin savc\u0131l\u0131\u011fa ba\u015fvurmas\u0131 \u00fczerine harekete ge\u00e7en polis ekipleri, \u00d6z\u00e7elik ve Y\u0131lmaz&#8217;\u0131 bulmak i\u00e7in \u00e7al\u0131\u015fmaya ba\u015flad\u0131. Ku\u015fadas\u0131 Emniyet M\u00fcd\u00fcrl\u00fc\u011f\u00fc ekiplerinin yapt\u0131klar\u0131 ara\u015ft\u0131rmada, matbaa i\u015f\u00e7isi \u00d6z\u00e7elik ile temizlik g\u00f6revlisi Y\u0131lmaz&#8217;\u0131n kaybolmadan \u00f6nce g\u00f6r\u00fc\u015ft\u00fc\u011f\u00fc ki\u015fileri belirledi. Polisin ara\u015ft\u0131rmas\u0131nda, kay\u0131p 2 ki\u015finin g\u00f6r\u00fc\u015ft\u00fc\u011f\u00fc 7 ki\u015finin ifadesine ba\u015fvuruldu. Baz\u0131 su\u00e7lardan emniyette kayd\u0131n\u0131n bulundu\u011fu ortaya \u00e7\u0131kan N.A., M.K.K., S.S., A.A., M.A., Y.B. ve G.O.&#8217;nun \u00e7eli\u015fkili ifadeler vermesi polisin dikkatini \u00e7ekti. Bunun \u00fczerine sorgulaya al\u0131nan \u015f\u00fcpheli 7 ki\u015fi, \u00d6z\u00e7elik ile Y\u0131lmaz&#8217;\u0131 \u00f6ld\u00fcrd\u00fcklerini itiraf etti. Olaya kar\u0131\u015ft\u0131\u011f\u0131 belirlenen ve \u00e7etenin eleman\u0131 oldu\u011fu ileri s\u00fcr\u00fclen \u015e.Y., polis taraf\u0131ndan \u0130stanbul&#8217;da yakalanarak Ku\u015fadas\u0131&#8217;na getirildi. Ku\u015fadas\u0131 Emniyet M\u00fcd\u00fcrl\u00fc\u011f\u00fc&#8217;nde g\u00f6zalt\u0131nda tutulan ve \u00e7etenin lideri oldu\u011fu ileri s\u00fcr\u00fclen N.A.&#8217;n\u0131n, 1997 y\u0131l\u0131nda Malta Havayollar\u0131&#8217;na ait bir yolcu u\u00e7a\u011f\u0131n\u0131, Malta-\u0130stanbul seferini yaparken 74 yolcu ve 6 m\u00fcrettebatla Almanya&#8217;ya ka\u00e7\u0131ran ve hem\u015ferisi olan Mehmet Ali A\u011fca&#8217;n\u0131n durumunun d\u00fczelmesi i\u00e7in d\u00fcnya kamuoyunun ilgisini \u00e7ekmek amac\u0131yla eylemi ger\u00e7ekle\u015ftirdi\u011fini s\u00f6yleyen ki\u015fi oldu\u011fu ortaya \u00e7\u0131kt\u0131. Sorgulanan zanl\u0131lar\u0131n N.A. liderli\u011finde hareket ettikleri, yakla\u015f\u0131k 1 ay \u00f6nce ka\u00e7\u0131rd\u0131klar\u0131 \u00d6z\u00e7elik&#8217;i Ku\u015fadas\u0131&#8217;nda bir otelin bodrumuna g\u00f6t\u00fcr\u00fcp kapatt\u0131klar\u0131, il\u00e7ede 2 ayr\u0131 deri ma\u011fazas\u0131 bulunan ki\u015fiyi de zorla otelin bodrumuna g\u00f6t\u00fcrd\u00fckleri belirlendi. Zanl\u0131lar\u0131n, deri ma\u011fazas\u0131 sahibinin g\u00f6z\u00fc \u00f6n\u00fcnde \u00d6z\u00e7elik&#8217;in bo\u011faz\u0131n\u0131 keserek \u00f6ld\u00fcrd\u00fckleri ve kendisini de b\u00f6yle \u00f6ld\u00fcreceklerini s\u00f6yleyerek, 160 bin YTL&#8217;sini ald\u0131klar\u0131, \u00d6z\u00e7elik&#8217;in cesedini Ku\u015fadas\u0131&#8217;n\u0131n Kirazl\u0131 k\u00f6y\u00fc yak\u0131n\u0131ndaki ormanl\u0131k alana g\u00f6md\u00fckleri ortaya \u00e7\u0131kt\u0131.<\/p>\n<p style=\"text-align: justify;\">CESED\u0130 TARLAYA G\u00d6MD\u00dcLER<br \/>\n\u015eebeke elemanlar\u0131n\u0131n 1 hafta \u00f6nce bir ma\u011fazada temizlik\u00e7ilik yapan G\u00fcrkan Y\u0131lmaz&#8217;\u0131 da ka\u00e7\u0131rd\u0131klar\u0131, \u015febekenin lideri N.A.&#8217;n\u0131n evine g\u00f6t\u00fcr\u00fcp banyoya kapatt\u0131klar\u0131, daha sonra zorla eve getirilen bir i\u015fadam\u0131n\u0131n g\u00f6zleri \u00f6n\u00fcnde Y\u0131lmaz&#8217;\u0131n da bo\u011faz\u0131n\u0131 keserek \u00f6ld\u00fcrd\u00fckleri \u00f6ne s\u00fcr\u00fcld\u00fc. Tehdit ettikleri i\u015fadam\u0131n\u0131n, il\u00e7ede bulunan bir i\u015fyerine ortak olduklar\u0131 belirlenen zanl\u0131lar\u0131n, \u00f6ld\u00fcrd\u00fckleri Y\u0131lmaz&#8217;\u0131n cesedini ise Davutlar mevkisinde bir tarlaya g\u00f6md\u00fckleri \u00f6\u011frenildi. Bunun \u00fczerine \u00e7ete lideri N.A.&#8217;n\u0131n evine giden polis ekipleri, temizlenmesine kar\u015f\u0131n banyoda kan izlerinin bulundu\u011funu g\u00f6rd\u00fc. Zanl\u0131lar\u0131n ev ve i\u015fyerlerinde yap\u0131lan aramalarda 18 mermi, 2 cep telefonu, 4 GSM kart\u0131, uyu\u015fturucu haplar ve 55 bin YTL ele ge\u00e7irildi.<\/p>\n<p style=\"text-align: justify;\">VAH\u015eET\u0130N TANIMINI BULAMADIK&#8217;<br \/>\nKu\u015fadas\u0131 Kaymakam\u0131 Mustafa Esen ve Ku\u015fadas\u0131 Emniyet M\u00fcd\u00fcr\u00fc \u015eenol Zeybek, operasyonla ilgili bas\u0131n mensuplar\u0131na yapt\u0131klar\u0131 a\u00e7\u0131klamada, b\u00f6yle bir vah\u015fetin tan\u0131m\u0131n\u0131 bulamad\u0131klar\u0131n\u0131 s\u00f6yledi. Zeybek, &#8220;Zanl\u0131lar, vah\u015fice \u00f6ld\u00fcrd\u00fckleri ki\u015filerin g\u00f6m\u00fclecekleri yerleri bile \u00f6nceden haz\u0131rlam\u0131\u015flar. Arkada\u015flar\u0131m\u0131z\u0131n titiz \u00e7al\u0131\u015fmas\u0131 olmasa bu vah\u015fetler devam edecekti&#8221; dedi. Bu arada cesedi bulunan 1 erke\u011fin kimli\u011finin tespitine \u00e7al\u0131\u015f\u0131ld\u0131\u011f\u0131, \u00e7ete taraf\u0131ndan \u00f6ld\u00fcr\u00fcl\u00fcp \u00f6ld\u00fcr\u00fclmedi\u011finin ara\u015ft\u0131r\u0131ld\u0131\u011f\u0131 bildirildi. Ku\u015fadas\u0131 Emniyet M\u00fcd\u00fcrl\u00fc\u011f\u00fc&#8217;nde i\u015flemleri tamamlanan 8 zanl\u0131, adliyeye sevkedildi.\n<\/p>\n<p style=\"text-align: justify;\">CETE L\u0130DER\u0130<\/p>\n<p style=\"text-align: justify;\">\u00c7ete lideri N.A. 1997&#8217;de La Valetta-\u0130stanbul seferini yapan Malta Havayollar\u0131&#8217;na u\u00e7a\u011f\u0131 bir ki\u015fiyle birlikte sahte bomba d\u00fczene\u011fiyle ka\u00e7\u0131r\u0131p Almanya&#8217;n\u0131n K\u00f6ln Havaalan\u0131&#8217;na indirerek, Abdi \u0130pek\u00e7i suikast\u0131n\u0131n kilit ismi ve Papa suikast\u0131 san\u0131\u011f\u0131 Mehmet Ali A\u011fca&#8217;n\u0131n serbest b\u0131rak\u0131lmas\u0131n\u0131 istemi\u015fti. Almanya&#8217;da 4 y\u0131l cezaevinde yatan, T\u00fcrkiye&#8217;de de 13 y\u0131l hapis cezas\u0131na \u00e7arpt\u0131r\u0131lan N.A.&#8217;n\u0131n bu cezas\u0131n\u0131n affa u\u011frad\u0131\u011f\u0131 belirtildi.<\/p>\n<p style=\"text-align: justify;\"><span style=\"color: #888888;\">( Sabah )<\/span><\/p>\n<p style=\"text-align: justify;\">\u00a0<\/p>\n","protected":false},"excerpt":{"rendered":"<p style=\"text-align: center;\">\n<p style=\"text-align: justify;\">Ku\u015fadas\u0131&#8217;nda iki gen\u00e7, liderleri eski bir hava korsan\u0131 olan \u00e7ete taraf\u0131ndan i\u015fadamlar\u0131na g\u00f6zda\u011f\u0131 i\u00e7in bo\u011fazlar\u0131 kesilerek \u00f6ld\u00fcr\u00fcld\u00fc..<\/p>\n<p style=\"text-align: justify;\">Ayd\u0131n&#8217;\u0131n Ku\u015fadas\u0131 il\u00e7esinin Kirazl\u0131, Davutlar ve G\u00fczel\u00e7aml\u0131 mevkilerinde d\u00fcn sabah cesedi bulunan 3 erkekten 2&#8217;sinin, eski hava korsan\u0131 olan zanl\u0131n\u0131n liderli\u011findeki \u015febeke taraf\u0131ndan \u00f6ld\u00fcr\u00fcld\u00fc\u011f\u00fc iddia edildi. Polis taraf\u0131ndan yakalanan \u00e7etenin lideriyle <\/p>\n","protected":false},"author":1,"featured_media":0,"comment_status":"open","ping_status":"open","sticky":false,"template":"","format":"standard","meta":{"footnotes":""},"categories":[105],"tags":[],"class_list":["post-2077","post","type-post","status-publish","format-standard","hentry","category-gundem","odd"],"_links":{"self":[{"href":"http:\/\/www.korhanyilmaz.com\/index.php?rest_route=\/wp\/v2\/posts\/2077","targetHints":{"allow":["GET"]}}],"collection":[{"href":"http:\/\/www.korhanyilmaz.com\/index.php?rest_route=\/wp\/v2\/posts"}],"about":[{"href":"http:\/\/www.korhanyilmaz.com\/index.php?rest_route=\/wp\/v2\/types\/post"}],"author":[{"embeddable":true,"href":"http:\/\/www.korhanyilmaz.com\/index.php?rest_route=\/wp\/v2\/users\/1"}],"replies":[{"embeddable":true,"href":"http:\/\/www.korhanyilmaz.com\/index.php?rest_route=%2Fwp%2Fv2%2Fcomments&post=2077"}],"version-history":[{"count":0,"href":"http:\/\/www.korhanyilmaz.com\/index.php?rest_route=\/wp\/v2\/posts\/2077\/revisions"}],"wp:attachment":[{"href":"http:\/\/www.korhanyilmaz.com\/index.php?rest_route=%2Fwp%2Fv2%2Fmedia&parent=2077"}],"wp:term":[{"taxonomy":"category","embeddable":true,"href":"http:\/\/www.korhanyilmaz.com\/index.php?rest_route=%2Fwp%2Fv2%2Fcategories&post=2077"},{"taxonomy":"post_tag","embeddable":true,"href":"http:\/\/www.korhanyilmaz.com\/index.php?rest_route=%2Fwp%2Fv2%2Ftags&post=2077"}],"curies":[{"name":"wp","href":"https:\/\/api.w.org\/{rel}","templated":true}]}}