{"id":20743,"date":"2010-03-26T22:11:16","date_gmt":"2010-03-26T20:11:16","guid":{"rendered":"http:\/\/www.korhanyilmaz.com\/?p=20743"},"modified":"2010-03-26T22:11:16","modified_gmt":"2010-03-26T20:11:16","slug":"hsyk-krizi-derinlesiyor","status":"publish","type":"post","link":"http:\/\/www.korhanyilmaz.com\/?p=20743","title":{"rendered":"HSYK krizi derinle\u015fiyor"},"content":{"rendered":"<p style=\"text-align: justify;\"><a href=\"http:\/\/www.korhanyilmaz.com\/wp-content\/uploads\/2010\/03\/hsyk3.jpg\"  class=\"lightview\"><img loading=\"lazy\" decoding=\"async\" class=\"aligncenter size-full wp-image-20744\" src=\"http:\/\/www.korhanyilmaz.com\/wp-content\/uploads\/2010\/03\/hsyk3.jpg\" alt=\"\" width=\"307\" height=\"236\" \/><\/a><\/p>\n<p style=\"text-align: justify;\">Hakimler ve Savc\u0131lar Y\u00fcksek Kurulu (HSYK) Ba\u015fkanvekili Kadir \u00d6zbek, Adalet Bakanl\u0131\u011f\u0131 M\u00fcste\u015far\u0131 Ahmet Kahraman hakk\u0131nda Yarg\u0131tay Birinci Ba\u015fkanlar Kurulu&#8217;na su\u00e7 duyurusunda bulunduklar\u0131n\u0131 a\u00e7\u0131klad\u0131. Adalet Bakanl\u0131\u011f\u0131&#8217;ndan ise yan\u0131t gecikmedi: &#8220;Kurul \u00fcyeleri bakanl\u0131k yetkisi kullanmak istiyor.&#8221;<!--more--><\/p>\n<p style=\"text-align: justify;\">HSYK&#8217;n\u0131n se\u00e7ilmi\u015f \u00fcyeleri, su\u00e7 duyurusu ekine, M\u00fcste\u015far Kahraman&#8217;\u0131n sal\u0131 g\u00fcn\u00fc yap\u0131lan toplant\u0131y\u0131 terk etti\u011fine ve d\u00fcnk\u00fc toplant\u0131ya kat\u0131lmad\u0131\u011f\u0131na ili\u015fkin tutana\u011f\u0131 da ekledi.<\/p>\n<p style=\"text-align: justify;\">Adalet Bakan\u0131 Sadullah Ergin, m\u00fcste\u015far\u0131n cenaze t\u00f6renine kat\u0131ld\u0131\u011f\u0131 i\u00e7in toplant\u0131ya kat\u0131lamad\u0131\u011f\u0131n\u0131 belirtmi\u015f ve \u00f6\u011fleden sonra yap\u0131lan a\u00e7\u0131klamada ise, &#8220;Mazeret HSYK&#8217;ya bildirildi&#8221; demi\u015fti.<\/p>\n<p style=\"text-align: justify;\"><strong>Bakanl\u0131ktan yeni a\u00e7\u0131klama <\/strong><\/p>\n<p style=\"text-align: justify;\">Adalet Bakanl\u0131\u011f\u0131 son olarak, HSYK&#8217;n\u0131n \u00e7al\u0131\u015fmalar\u0131n\u0131n Adalet Bakan\u0131 ve M\u00fcste\u015far\u0131 taraf\u0131ndan engellendi\u011fi y\u00f6n\u00fcndeki iddialar\u0131n ger\u00e7ek d\u0131\u015f\u0131 oldu\u011funu belirterek, &#8220;\u00dcyeler yasalar\u0131n Bakanl\u0131\u011fa verdi\u011fi bir yetkiyi hukuk d\u0131\u015f\u0131na \u00e7\u0131karak kullanmak istemi\u015fler ve Anayasa de\u011fi\u015fiklik teklifinin kamuoyuna a\u00e7\u0131klanmas\u0131 \u00fczerine bir \u00e7at\u0131\u015fma ortam\u0131 olu\u015fturma gayretine giri\u015fmi\u015flerdir&#8221; a\u00e7\u0131klamas\u0131nda bulundu.<\/p>\n<p style=\"text-align: justify;\">HSYK \u0130\u00e7 Y\u00f6netmeli\u011fi&#8217;ne g\u00f6re Kurul g\u00fcndeminin Ba\u015fkan veya vekili taraf\u0131ndan i\u015fin \u00f6nemine, ivedi veya s\u00fcreli olu\u015funa g\u00f6re d\u00fczenlendi\u011fi ifade edilen a\u00e7\u0131klamada, &#8220;23 Mart 2010 tarihli S\u00f6zc\u00fc gazetesinde bir k\u00f6\u015fe yazar\u0131n\u0131n Adalet Bakanl\u0131\u011f\u0131n\u0131n, Ankara Cumhuriyet Ba\u015fsavc\u0131l\u0131\u011f\u0131na bir m\u00fcste\u015far yard\u0131mc\u0131s\u0131n\u0131n atanmas\u0131n\u0131 \u00f6nerdi\u011fine ili\u015fkin ger\u00e7ek d\u0131\u015f\u0131 iddialara da yer veren yaz\u0131s\u0131ndaki bir k\u0131s\u0131m hususlar\u0131n HSYK&#8217;n\u0131n baz\u0131 \u00fcyelerince ayn\u0131 g\u00fcn i\u015fleme konulmas\u0131, \u00fczerinde d\u00fc\u015f\u00fcn\u00fclmesi gereken \u00f6nemli bir husustur&#8221; denildi.<\/p>\n<p style=\"text-align: justify;\">A\u00e7\u0131klamada ayr\u0131ca, &#8220;K\u00f6\u015fe yazar\u0131, &#8216;HSYK kararname istiyor&#8217; ba\u015fl\u0131kl\u0131 yaz\u0131s\u0131nda, &#8216;&#8230;E\u011fer bu atama kararnamesi yine gelmezse (ki gelmeyecek) o takdirde Kurulun se\u00e7ilmi\u015f \u00fcyeleri taraf\u0131ndan verilecek bir \u00f6nerge ile \u00e7ok \u00f6nemli bo\u015f yerler i\u00e7in en k\u0131sa zamanda oylama yap\u0131lacak&#8217;, &#8216;&#8230;Size dahas\u0131n\u0131 da s\u00f6yleyeyim bu atama kararnamesi Kurul g\u00fcndemine geldi\u011fi anda kamuoyunu \u00e7ok yak\u0131ndan ilgilendirecek baz\u0131 s\u00fcrpriz geli\u015fmelerin de olmas\u0131 bekleniyor&#8217;, &#8216;&#8230;Kuruldan \u00f6n\u00fcm\u00fczdeki g\u00fcnlerde se\u00e7ilmi\u015f 5 \u00fcyenin oylar\u0131yla \u00e7ok \u00f6nemli kararlar \u00e7\u0131kt\u0131\u011f\u0131n\u0131 duyarsan\u0131z sak\u0131n \u015fa\u015f\u0131rmay\u0131n&#8230;&#8217; \u015feklindeki ifadeler ile o g\u00fcn olacaklar\u0131 tek tek yazm\u0131\u015f ve Kurulun s\u00fcrpriz kararlar alaca\u011f\u0131n\u0131 \u00f6nceden a\u00e7\u0131klam\u0131\u015ft\u0131r&#8221; denildi.<\/p>\n<p style=\"text-align: justify;\">&#8220;Ba\u015fka yerlerde haz\u0131rlanan ve kamuoyuna a\u00e7\u0131klanan hukuk d\u0131\u015f\u0131 stratejinin HSYK&#8217;n\u0131n baz\u0131 \u00fcyelerince uygulanmaya konulmas\u0131 son derece vahim olup, kabul edilebilir bir durum de\u011fildir&#8221; denilen a\u00e7\u0131klamada, &#8220;S\u00f6z konusu \u00fcyeler yasalar\u0131n Bakanl\u0131\u011fa verdi\u011fi bir yetkiyi hukuk d\u0131\u015f\u0131na \u00e7\u0131karak kullanmak istemi\u015fler ve Anayasa de\u011fi\u015fiklik teklifinin kamuoyuna a\u00e7\u0131klanmas\u0131 \u00fczerine bir \u00e7at\u0131\u015fma ortam\u0131 olu\u015fturma gayretine giri\u015fmi\u015flerdir. Kurulun \u00e7al\u0131\u015fmalar\u0131n\u0131n Bakanl\u0131\u011f\u0131m\u0131z taraf\u0131ndan engellenmesi s\u00f6z konusu olmay\u0131p, Kurul \u00fcyelerinin kendilerince \u00f6nem atfettikleri baz\u0131 konular\u0131 bir an \u00f6nce \u00e7\u00f6zmek ve yukar\u0131da bahsedilen yazar\u0131n \u00f6ng\u00f6r\u00fclerini ger\u00e7ekle\u015ftirmek istemeleri y\u00fcz\u00fcnden Kurul \u00e7al\u0131\u015fmalar\u0131na ara verilmi\u015ftir. Bakanl\u0131\u011f\u0131m\u0131z bu g\u00fcne kadar oldu\u011fu gibi hukuka ba\u011fl\u0131 tutumunu bundan sonra da taviz vermeksizin s\u00fcrd\u00fcrmeye devam edecektir. Herkesi de bu hususta duyarl\u0131 davranmaya devam etmektedir&#8221; ifadesi kullan\u0131ld\u0131.<\/p>\n<p style=\"text-align: justify;\">Adalet Bakanl\u0131\u011f\u0131 Bas\u0131n ve Halkla \u0130li\u015fkiler M\u00fc\u015favirli\u011finden yap\u0131lan yaz\u0131l\u0131 a\u00e7\u0131klamada, 23 Mart Sal\u0131 g\u00fcn\u00fc yap\u0131lan toplant\u0131n\u0131n g\u00fcndeminin bir g\u00fcn \u00f6nce da\u011f\u0131t\u0131ld\u0131\u011f\u0131 ve belirlenen saatte toplant\u0131ya ba\u015fland\u0131\u011f\u0131 belirtildi.<\/p>\n<p style=\"text-align: justify;\">Kurul toplant\u0131s\u0131n\u0131n ba\u015flang\u0131c\u0131nda bir \u00fcyenin, &#8220;ilke karar\u0131 teklifleri ile daha \u00f6nce g\u00f6r\u00fc\u015f\u00fclmeyip geri b\u0131rak\u0131lan atama kararnamesinin ve bo\u015f olan yerlerle ilgili atamalar\u0131n&#8221; g\u00fcndeme al\u0131nmas\u0131 i\u00e7in \u00f6nerge verdi\u011fi ifade edilen a\u00e7\u0131klamada, HSYK \u0130\u00e7 Y\u00f6netmeli\u011fin 9. maddesinde g\u00fcndem d\u0131\u015f\u0131 g\u00f6r\u00fc\u015f\u00fclebilecek konular\u0131n g\u00fcndemin d\u00fczenlenmesinden sonra ortaya \u00e7\u0131kan ivedi ve s\u00fcreli i\u015flerle s\u0131n\u0131rland\u0131r\u0131ld\u0131\u011f\u0131 vurguland\u0131.<\/p>\n<p style=\"text-align: justify;\">Toplant\u0131da g\u00fcndemin haz\u0131rlanmas\u0131ndan sonra ortaya \u00e7\u0131kan ivedi ve s\u00fcreli bir i\u015f s\u00f6z konusu olmad\u0131\u011f\u0131 i\u00e7in \u00f6nergeye usulden kar\u015f\u0131 \u00e7\u0131k\u0131ld\u0131\u011f\u0131 belirtilen a\u00e7\u0131klamada \u015funlar kaydedildi: &#8220;\u00d6nergenin esas\u0131na ili\u015fkin olarak da atama kararnamesi tasla\u011f\u0131 haz\u0131rlamak Bakanl\u0131\u011f\u0131n g\u00f6revidir. Kurul, Bakanl\u0131k\u00e7a haz\u0131rlanan tasla\u011f\u0131 en ge\u00e7 bir ay i\u00e7erisinde inceleyerek, aynen veya gerekli de\u011fi\u015fiklikleri yap\u0131p karara ba\u011flamak ve Bakanl\u0131\u011fa tevdi etmek zorundad\u0131r (2461 S.Y. 19\/2. madde). Bu kapsamda, Bakanl\u0131k\u00e7a bir taslak verilmeden Kurulun bu konuyu g\u00fcndeme alarak g\u00f6r\u00fc\u015fmesi m\u00fcmk\u00fcn de\u011fildir.<\/p>\n<p style=\"text-align: justify;\">Burada bir hususun hat\u0131rlat\u0131l\u0131p a\u00e7\u0131klanmas\u0131nda da yarar g\u00f6r\u00fclmektedir, 2009 y\u0131l\u0131 sonbahar kararnamesi Ekim ay\u0131 i\u00e7erisinde haz\u0131rlanm\u0131\u015f ve Kurula bu durum bildirilmi\u015f, ancak kurul \u00fcyelerinin, atamalar\u0131n Yarg\u0131tay se\u00e7imlerinden sonra yap\u0131lmas\u0131n\u0131n uygun olaca\u011f\u0131n\u0131 ifade etmeleri \u00fczerine beklemeye al\u0131nm\u0131\u015ft\u0131r. Yarg\u0131tay se\u00e7imlerinin 18 Ocak 2010 tarihinde sonu\u00e7lanmas\u0131 \u00fczerine 22 Ocak 2010 tarihinde sonbahar kararnamesi tasla\u011f\u0131 HSYK \u00fcyelerine da\u011f\u0131t\u0131lm\u0131\u015ft\u0131r. Kararnamenin gecikmi\u015f olmas\u0131 ve k\u0131\u015f \u015fartlar\u0131 dikkate al\u0131narak kapsam daralt\u0131lm\u0131\u015f ve 287 ki\u015filik sonbahar kararnamesi 12 \u015eubat 2010 tarihinde karara ba\u011flanm\u0131\u015ft\u0131r.&#8221;<\/p>\n<p style=\"text-align: justify;\"><strong>&#8220;3 ba\u015fsavc\u0131l\u0131k, 4 a\u011f\u0131r ceza mahkemesi ba\u015fkanl\u0131\u011f\u0131 bo\u015f&#8221; <\/strong><\/p>\n<p style=\"text-align: justify;\">A\u00e7\u0131klamada, 12 \u015eubat 2010 tarihinde karara ba\u011flanan kararnamenin g\u00f6r\u00fc\u015f\u00fcld\u00fc\u011f\u00fc tarihte bo\u015f olan ve halen atama yap\u0131lmayan yerlerle ilgili Kurul \u00fcyelerinin daha sonra \u00e7al\u0131\u015fma yapmas\u0131n\u0131n istendi\u011fi belirtilerek, bug\u00fcn itibar\u0131yla \u00fc\u00e7\u00fc Cumhuriyet ba\u015fsavc\u0131l\u0131\u011f\u0131, d\u00f6rd\u00fc a\u011f\u0131r ceza mahkemesi ba\u015fkanl\u0131\u011f\u0131 olmak \u00fczere yedi yerde bo\u015fluk bulundu\u011fu ve bu g\u00f6revlerin \u00fc\u00e7 ile dokuz ay gibi s\u00fcrelerle vekillerince veya komisyon ba\u015fkanlar\u0131nca g\u00f6revlendirilen hakimlerce zaten y\u00fcr\u00fct\u00fcld\u00fc\u011f\u00fc bildirildi.<\/p>\n<p style=\"text-align: justify;\">Kar\u015f\u0131yaka Cumhuriyet Ba\u015fsavc\u0131l\u0131\u011f\u0131n\u0131n, 2009 yaz kararnamesi g\u00f6r\u00fc\u015fmeleri s\u0131ras\u0131nda bo\u015fald\u0131\u011f\u0131, konunun Bakanl\u0131k taraf\u0131ndan Kurul g\u00fcndemine getirildi\u011fi ancak HSYK&#8217;n\u0131n Kar\u015f\u0131yaka Cumhuriyet Ba\u015fsavc\u0131l\u0131\u011f\u0131na dokuz ayd\u0131r atama yapmad\u0131\u011f\u0131 an\u0131msat\u0131lan a\u00e7\u0131klamada, HSYK&#8217;n\u0131n yaz ve g\u00fcz kararnamesi olmak \u00fczere y\u0131lda iki kararname \u00e7\u0131kard\u0131\u011f\u0131, 2010 y\u0131l\u0131 yaz kararnamesinde uygulanacak prensiplerin HSYK taraf\u0131ndan belirlenerek yaz kararnamesi haz\u0131rl\u0131klar\u0131na ba\u015fland\u0131\u011f\u0131 belirtildi.<\/p>\n<p style=\"text-align: justify;\">S\u00f6z konusu kararnameler haricinde ara d\u00f6nemde kararname \u00e7\u0131kart\u0131lmad\u0131\u011f\u0131na i\u015faret edilen a\u00e7\u0131klamada, &#8220;Bu sebeplerle bo\u015f yerlerin yaz kararnamesinde de\u011ferlendirilmesi hizmetin gereklerine daha uygun olacakt\u0131r. Ayr\u0131ca kararname \u00e7al\u0131\u015fmalar\u0131 mahiyeti itibariyle sadece bo\u015f bulunan yerlere yap\u0131lacak atamalarla s\u0131n\u0131rl\u0131 olmay\u0131p bo\u015f yerlere yap\u0131lacak atamalar\u0131n yerlerine de atama yapmak suretiyle zincirleme olarak bir \u00e7ok hakim ve Cumhuriyet savc\u0131s\u0131n\u0131 etkileyecek \u00e7al\u0131\u015fmalard\u0131r&#8221; denildi.<\/p>\n<p style=\"text-align: justify;\"><strong>&#8220;G\u00fcndem da\u011f\u0131t\u0131lmad\u0131&#8221; <\/strong><\/p>\n<p style=\"text-align: justify;\">A\u00e7\u0131klamada, d\u00f6nem itibar\u0131yla kapsaml\u0131 bir \u00e7al\u0131\u015fma yap\u0131lmas\u0131n\u0131n yaz kararnamesinin dengelerini bozabilece\u011fi, yaz kararnamesinde atama bekleyen hakim ve Cumhuriyet savc\u0131lar\u0131n\u0131n talep ve tercihlerinde s\u0131n\u0131rlamaya neden olabilece\u011fi ifade edildi.<\/p>\n<p style=\"text-align: justify;\">HSYK \u0130\u00e7 Y\u00f6netmeli\u011finin 11. maddesine g\u00f6re, ilke kararlar\u0131n\u0131n her y\u0131l\u0131n Ocak ay\u0131n\u0131n \u00fc\u00e7\u00fcnc\u00fc haftas\u0131 g\u00f6r\u00fc\u015f\u00fclmek zorunda olundu\u011funa, ilke karar\u0131 tekliflerinin bu tarihten \u00f6nce verilmesi gerekti\u011fine dikkat \u00e7ekilen a\u00e7\u0131klamada, bir HSYK \u00fcyesinin 29 Ocak 2010 tarihli dilek\u00e7esini 1 \u015eubat 2010 tarihinde g\u00fcndeme al\u0131nmak \u00fczere Bakanl\u0131\u011f\u0131 verdi\u011fi ve bu nedenle de konunun \u00f6nerge ile g\u00fcndeme al\u0131nmas\u0131 talebine kar\u015f\u0131 \u00e7\u0131k\u0131ld\u0131\u011f\u0131 belirtildi.<\/p>\n<p style=\"text-align: justify;\">Adalet Bakanl\u0131\u011f\u0131n\u0131n a\u00e7\u0131klamas\u0131nda \u015funlar kaydedildi: &#8220;HSYK&#8217;da g\u00f6rev alan t\u00fcm yetkililerin hukuk s\u0131n\u0131rlar\u0131 i\u00e7erisinde kalmalar\u0131, kendi g\u00f6rev ve yetki alanlar\u0131na giren konularla ilgili karar almalar\u0131 vurgulanm\u0131\u015f, a\u00e7\u0131k\u00e7a yasalar\u0131n ve hukukun \u00e7i\u011fnenmesi ve yok farz edilmesi yakla\u015f\u0131mlar\u0131nda Bakanl\u0131\u011f\u0131m\u0131z\u0131n yer almayaca\u011f\u0131 belirtilerek, kurul \u00fcyeleri hukuka davet edilmi\u015f ve \u00f6nceden belirlenip da\u011f\u0131t\u0131lan g\u00fcndemin g\u00f6r\u00fc\u015f\u00fclmesine ge\u00e7ildi\u011fi takdirde \u00e7al\u0131\u015fmalara devam olunaca\u011f\u0131 ifade edilmi\u015ftir. Belirlenen g\u00fcndeme ge\u00e7ilmemesi ve hukuk d\u0131\u015f\u0131 \u00f6nergenin g\u00f6r\u00fc\u015f\u00fclmesindeki \u0131srar nedeniyle Bakanl\u0131\u011f\u0131m\u0131z M\u00fcste\u015far\u0131 toplant\u0131dan ayr\u0131lmak zorunda b\u0131rak\u0131lm\u0131\u015ft\u0131r.&#8221;<\/p>\n<p style=\"text-align: justify;\">Kurul toplant\u0131s\u0131n\u0131n yap\u0131labilmesi i\u00e7in g\u00fcndemin da\u011f\u0131t\u0131lmas\u0131 gerekti\u011fi ve 23 Mart Sal\u0131 g\u00fcn\u00fc toplant\u0131 g\u00fcndeminin da\u011f\u0131t\u0131lmad\u0131\u011f\u0131 vurgulanan a\u00e7\u0131klamada, ge\u00e7mi\u015fte sal\u0131 ve per\u015fembe g\u00fcnleri olmas\u0131na ra\u011fmen g\u00fcndem da\u011f\u0131t\u0131lmad\u0131\u011f\u0131 i\u00e7in toplant\u0131n\u0131n yap\u0131lmad\u0131\u011f\u0131na dair say\u0131s\u0131z \u00f6rnek bulundu\u011fu ifade edildi.<\/p>\n<p style=\"text-align: justify;\">A\u00e7\u0131klamada, sadece 2009 y\u0131l\u0131nda toplant\u0131 g\u00fcn\u00fc olarak belirlenen 78 g\u00fcn\u00fcn 26&#8217;s\u0131nda toplant\u0131 yap\u0131lamad\u0131\u011f\u0131 belirtilerek, &#8220;G\u00fcndem da\u011f\u0131t\u0131lmad\u0131\u011f\u0131 ve g\u00fcndem olmad\u0131\u011f\u0131 halde M\u00fcste\u015far\u0131 toplant\u0131ya bekleyip kat\u0131lmad\u0131\u011f\u0131ndan bahisle tutanak tutulmas\u0131 ve su\u00e7 duyurusunda bulunulmas\u0131n\u0131 kamuoyunun takdirine b\u0131rak\u0131yoruz. Kald\u0131 ki 25 Mart 2010 g\u00fcn\u00fc M\u00fcste\u015far ve Bakanl\u0131k \u00fcst d\u00fczey yetkilileri 14 y\u0131l Adalet Bakanl\u0131\u011f\u0131nda hizmet etmi\u015f bir m\u00fcste\u015far yard\u0131mc\u0131s\u0131n\u0131n babas\u0131n\u0131n cenaze t\u00f6renine kat\u0131lmak \u00fczere il d\u0131\u015f\u0131na \u00e7\u0131km\u0131\u015flard\u0131r. Bu husus kurul \u00fcyelerince de bilinmektedir&#8221; de\u011ferlendirmesinde bulunuldu.<\/p>\n<p style=\"text-align: justify;\"><strong>&#8220;Kurul \u00e7al\u0131\u015fmas\u0131n\u0131 engellemek s\u00f6z konusu de\u011fil&#8221; <\/strong><\/p>\n<p style=\"text-align: justify;\">&#8220;Kurulun \u00e7al\u0131\u015fmalar\u0131n\u0131n Bakanl\u0131\u011f\u0131m\u0131z taraf\u0131ndan engellenmesi s\u00f6z konusu de\u011fildir. Kurul \u00fcyeleri, kendilerince \u00f6nem verdikleri baz\u0131 konular\u0131 \u00f6ncelikle g\u00f6r\u00fc\u015fmeye \u00e7al\u0131\u015fmakta, baz\u0131 konularda ise i\u015fleri aylarca bazen bir y\u0131la yak\u0131n s\u00fcrelerle geciktirmektedirler&#8221; denilen a\u00e7\u0131klamada \u015funlar kaydedildi: &#8220;<\/p>\n<p style=\"text-align: justify;\">&#8211; Yarg\u0131tay \u00fcyeliklerine se\u00e7im hususu sekiz ay s\u00fcreyle incelemede tutularak 27 Aral\u0131k 2009 g\u00fcn\u00fc haz\u0131r olduklar\u0131n\u0131 bildirmi\u015flerdir.<\/p>\n<p style=\"text-align: justify;\">&#8211; Yarg\u0131tay \u00fcyeli\u011fi se\u00e7imi gerek\u00e7e g\u00f6sterilerek sonbahar kararnamesi Ekim ay\u0131nda haz\u0131rlanmas\u0131na ra\u011fmen Ocak ay\u0131na kadar bekletilmi\u015ftir.<\/p>\n<p style=\"text-align: justify;\">&#8211; A\u011fustos 2009 terfi defteri Eyl\u00fcl ay\u0131 itibar\u0131yla haz\u0131r olmas\u0131na kar\u015f\u0131n Ocak ay\u0131nda g\u00f6r\u00fc\u015f\u00fclerek karara ba\u011flanabilmi\u015ftir.<\/p>\n<p style=\"text-align: justify;\">&#8211; 282 hakim ve savc\u0131n\u0131n soru\u015fturma ge\u00e7irdi\u011fi 191 disiplin dosyas\u0131 HSYK&#8217;ya sevk edilmi\u015f olup, g\u00f6r\u00fc\u015f\u00fclmeyi beklemektedir.<\/p>\n<p style=\"text-align: justify;\">&#8211; G\u00f6r\u00fc\u015f\u00fclmesi tamamlanarak imzaya sunulan kararlardan bir y\u0131la yak\u0131n s\u00fcrelerle imzalanmay\u0131 bekleyenler bulunmaktad\u0131r. Bu da, ilgili hakim ve savc\u0131lar\u0131n yeniden inceleme ve itiraz taleplerinin gecikmesine ve ma\u011fduriyetlerine neden olmaktad\u0131r.<\/p>\n<p style=\"text-align: justify;\">&#8211; Haklar\u0131nda soru\u015fturma bulunmad\u0131\u011f\u0131 halde kamuoyunca bilinen baz\u0131 davalar\u0131 y\u00fcr\u00fcten hakim ve savc\u0131lar\u0131n terfileri gerek\u00e7e g\u00f6sterilmeksizin bekletilmekte veya terfileri yapt\u0131r\u0131lmamaktad\u0131r. G\u00f6r\u00fcld\u00fc\u011f\u00fc gibi, HSYK \u00fcyelerinin bekleyen sorunlar\u0131 bir an \u00f6nce \u00e7\u00f6zmek gibi bir ama\u00e7 ve gayretleri bulunmamaktad\u0131r. Bu konuda Bakanl\u0131\u011fa y\u00f6nelik ele\u015ftirileri de ger\u00e7ek\u00e7i ve tutarl\u0131 de\u011fildir. HSYK \u00fcyelerinin Kurul d\u0131\u015f\u0131nda belirlenen baz\u0131 stratejileri uygulamak, &#8216;s\u00fcrpriz kararlar&#8217; almak suretiyle Anayasa de\u011fi\u015fikli\u011fi \u00f6ncesi gerginlik ortam\u0131 olu\u015fturmak istemeleri y\u00fcz\u00fcnden Kurul \u00e7al\u0131\u015fmalar\u0131na ara verilmi\u015ftir.&#8221;<\/p>\n<p style=\"text-align: justify;\"><strong>\u00d6zbek&#8217;ten Bakanl\u0131k a\u00e7\u0131klamas\u0131na yan\u0131t <\/strong><\/p>\n<p style=\"text-align: justify;\">Hakimler ve Savc\u0131lar Y\u00fcksek Kurulu (HSYK) Ba\u015fkanvekili Kadir \u00d6zbek, Adalet Bakanl\u0131\u011f\u0131n\u0131n, &#8220;Kurulun \u00e7at\u0131\u015fma ortam\u0131 yaratmak istedi\u011fine&#8221; ili\u015fkin a\u00e7\u0131klamas\u0131n\u0131n haks\u0131z ve yanl\u0131\u015f oldu\u011funu belirterek, &#8220;Kurul g\u00f6revini yapmaya \u00e7al\u0131\u015f\u0131yor. Kurul ve Kurul \u00fcyeleri yasal zeminde ne yapmas\u0131 gerekiyorsa onu yapmaya \u00e7al\u0131\u015f\u0131yor&#8221; dedi.<\/p>\n<p style=\"text-align: justify;\"><strong>\u00d6zbek, HSYK&#8217;dan ayr\u0131l\u0131rken gazetecilerin sorular\u0131n\u0131 yan\u0131tlad\u0131. <\/strong><\/p>\n<p style=\"text-align: justify;\">Bir gazetecinin, Adalet Bakanl\u0131\u011f\u0131n\u0131n, &#8220;Kurulun, Anayasa de\u011fi\u015fikli\u011fi paketi \u00e7al\u0131\u015fmas\u0131n\u0131n ard\u0131ndan bir \u00e7at\u0131\u015fma ortam\u0131 yaratmak istedi\u011fi ve HSYK&#8217;n\u0131n yakla\u015f\u0131m\u0131n\u0131n atmosferin gerilmesine neden oldu\u011fu&#8221; y\u00f6n\u00fcnde a\u00e7\u0131klamalar\u0131 bulundu\u011funu an\u0131msatmas\u0131 \u00fczerine \u00d6zbek, &#8220;Bir \u00e7at\u0131\u015fma ortam\u0131 de\u011fil, Kurul g\u00f6revini yapmaya \u00e7al\u0131\u015f\u0131yor. B\u00f6yle bir de\u011ferlendirmede bulunmas\u0131 son derece haks\u0131z ve yanl\u0131\u015f. Kurul ve Kurul \u00fcyeleri yasal zeminde ne yapmas\u0131 gerekiyorsa onu yapmaya \u00e7al\u0131\u015f\u0131yor&#8221; dedi.<\/p>\n<p style=\"text-align: justify;\">Adalet Bakan\u0131 Sadullah Ergin&#8217;in, Kurulun g\u00fcndeminde daha \u00f6ncelikli konular bulundu\u011funu ve bunlar\u0131n g\u00f6r\u00fc\u015f\u00fclmesi gerekti\u011fini s\u00f6yledi\u011fi hat\u0131rlat\u0131lan \u00d6zbek, &#8220;Bo\u015f olan yerlere atama yap\u0131lmas\u0131 son derece \u00f6nemli ve \u00f6ncelikli konudur. O bo\u015f olan yerlerin doldurulmas\u0131 i\u00e7in bize intikal eden, iletilen birtak\u0131m i\u015f y\u00fck\u00fcn\u00fcn artt\u0131\u011f\u0131na y\u00f6nelik sorunlar\u0131n \u00e7\u00f6z\u00fclmesi i\u00e7in tasla\u011f\u0131n haz\u0131rlan\u0131p getirilmesini istedik. Bunun yan\u0131nda birtak\u0131m arkada\u015flar\u0131m\u0131z\u0131n terfi i\u015fleri, bir \u00fcst s\u0131n\u0131fa ayr\u0131lma i\u015fleri vard\u0131, bunlar\u0131n sonu\u00e7land\u0131r\u0131lmas\u0131 gerekiyordu, bunlar\u0131 istedik. Kurul g\u00fcndeminde de vard\u0131. Ancak bunlar\u0131n g\u00f6r\u00fc\u015f\u00fclmesi ve getirilmesi dahi bir tarafa b\u0131rak\u0131ld\u0131ktan sonra Kurula vermek ve g\u00f6revi yapt\u0131rmamak gibi bir isnatta bulunmak bir haks\u0131zl\u0131kt\u0131r&#8221; diye konu\u015ftu.<\/p>\n<p style=\"text-align: justify;\">\u00d6zbek, &#8220;Sal\u0131 g\u00fcn\u00fc yap\u0131lacak toplant\u0131ndan ne bekliyorsunuz?&#8221; sorusu \u00fczerine de &#8220;Bizim de \u00e7ok sevdi\u011fimiz, takdir etti\u011fimiz bir arkada\u015f\u0131m\u0131z\u0131n babas\u0131n\u0131n vefat\u0131 sebebiyle Say\u0131n M\u00fcste\u015far&#8217;\u0131n toplant\u0131ya kat\u0131lamad\u0131\u011f\u0131n\u0131, bunu dahi toleransla kar\u015f\u0131lamad\u0131\u011f\u0131m\u0131z\u0131 ifade ettiler. Yanl\u0131\u015f olur. Hem o cenazeyi g\u00fcndeme getirmek sayg\u0131s\u0131zl\u0131k olur hem de o arkada\u015f\u0131m\u0131z\u0131 ve ailesini \u00fczebilir. Ben de bug\u00fcn \u00f6\u011flen bir cenaze t\u00f6renine kat\u0131ld\u0131m. Cenazeler \u00fczerinden siyaset yapmamak gerekir. Say\u0131n M\u00fcste\u015far gelemediyse m\u00fcste\u015far vekilleri vard\u0131r. Onlar\u0131n gelmesi gerekirdi. Yasaya g\u00f6re de yap\u0131lmas\u0131 gereken i\u015f oydu. Kald\u0131 ki o g\u00fcn sizlere ifade ettim, bize g\u00fcndem dahi g\u00f6nderilmedi&#8221; cevab\u0131n\u0131 verdi.<\/p>\n<p style=\"text-align: justify;\">Bir gazetecinin, &#8220;Sal\u0131 g\u00fcn\u00fc de m\u00fcste\u015far gelmezse ne yapacaks\u0131n\u0131z?&#8221; sorusuna kar\u015f\u0131l\u0131k \u00d6zbek, &#8220;De\u011ferlendiririz, bakar\u0131z&#8221; yan\u0131t\u0131n\u0131 verdi.<\/p>\n<p style=\"text-align: justify;\">\u00d6zbek, &#8220;Sizin kurul olarak Ergenekon savc\u0131lar\u0131n\u0131, Osman \u015eanal&#8217;\u0131 g\u00f6revden almak istedi\u011finize ili\u015fkin baz\u0131 iddialar var. Bu konuda ne diyorsunuz?&#8221; sorusu \u00fczerine de &#8220;Kesinlikle bizim istedi\u011fimiz &#8216;tasla\u011f\u0131 haz\u0131rlay\u0131n, getirin&#8217; dedik. Yani b\u00f6yle bir \u015fey, ki\u015filer baz\u0131nda bir \u015fey konu\u015fulmad\u0131. Hem konu\u015fulmad\u0131 hem g\u00f6r\u00fc\u015fmeye dahi ge\u00e7emedik. Elimize gelmi\u015f bir taslak veya metin yoktu, bir liste s\u00f6z konusu de\u011fildi&#8221; dedi.<\/p>\n<p style=\"text-align: justify;\"><strong>\u00c7elik&#8217;ten \u00d6zbek&#8217;e: &#8221;T\u00fcrkiye \u00e7ad\u0131r devleti de\u011fil&#8221; <\/strong><\/p>\n<p style=\"text-align: justify;\">Isparta&#8217;da konu\u015fan Devlet Bakan\u0131 Faruk \u00c7elik de, HSYK Ba\u015fkan Vekili Kadir \u00d6zbek&#8217;in &#8220;Tasla\u011f\u0131n bu \u015fekilde ge\u00e7mesi devletin temeli ve \u00e7at\u0131s\u0131n\u0131n \u00e7\u00f6kmesi demektir&#8221; a\u00e7\u0131klamas\u0131na tepki g\u00f6sterdi.<\/p>\n<p style=\"text-align: justify;\">&#8220;T\u00fcrkiye Cumhuriyeti Devleti \u00e7ad\u0131r devleti de\u011fildir ki \u00e7\u00f6ks\u00fcn&#8221; diyen \u00c7elik, &#8220;Abart\u0131 bile demiyorum. Gereksiz, l\u00fczumsuz, \u00e7at\u0131\u015fmaya d\u00f6n\u00fck de\u011ferlendirmelerdir, bunlar ho\u015f \u015feyler de\u011fil. Devletin kademelerinde olan sorumluluk sahibi insanlar\u0131n \u00e7ok daha dikkatli dil kullanmalar\u0131 gerekiyor&#8221; dedi.<\/p>\n<p style=\"text-align: justify;\">\u00c7elik, &#8220;Anayasa de\u011fi\u015fikli\u011fi 16 kez olmu\u015f T\u00fcrkiye&#8217;de. 1980 Anayasas\u0131 y\u00fcr\u00fcrl\u00fc\u011fe girdi\u011finden bug\u00fcne 16 kez de\u011fi\u015fiklik olmu\u015f. Devletin \u00e7at\u0131s\u0131 m\u0131 \u00e7\u00f6km\u00fc\u015f?&#8221; diye konu\u015ftu.<\/p>\n<p style=\"text-align: justify;\"><span style=\"color: #888888;\">CNN T\u00dcRK<\/span><\/p>\n","protected":false},"excerpt":{"rendered":"<p style=\"text-align: justify;\">\n<p style=\"text-align: justify;\">Hakimler ve Savc\u0131lar Y\u00fcksek Kurulu (HSYK) Ba\u015fkanvekili Kadir \u00d6zbek, Adalet Bakanl\u0131\u011f\u0131 M\u00fcste\u015far\u0131 Ahmet Kahraman hakk\u0131nda Yarg\u0131tay Birinci Ba\u015fkanlar Kurulu&#8217;na su\u00e7 duyurusunda bulunduklar\u0131n\u0131 a\u00e7\u0131klad\u0131. Adalet Bakanl\u0131\u011f\u0131&#8217;ndan ise yan\u0131t gecikmedi: &#8220;Kurul \u00fcyeleri bakanl\u0131k yetkisi kullanmak istiyor.&#8221;<\/p>\n","protected":false},"author":1,"featured_media":0,"comment_status":"open","ping_status":"closed","sticky":false,"template":"","format":"standard","meta":{"footnotes":""},"categories":[105],"tags":[],"class_list":["post-20743","post","type-post","status-publish","format-standard","hentry","category-gundem","odd"],"_links":{"self":[{"href":"http:\/\/www.korhanyilmaz.com\/index.php?rest_route=\/wp\/v2\/posts\/20743","targetHints":{"allow":["GET"]}}],"collection":[{"href":"http:\/\/www.korhanyilmaz.com\/index.php?rest_route=\/wp\/v2\/posts"}],"about":[{"href":"http:\/\/www.korhanyilmaz.com\/index.php?rest_route=\/wp\/v2\/types\/post"}],"author":[{"embeddable":true,"href":"http:\/\/www.korhanyilmaz.com\/index.php?rest_route=\/wp\/v2\/users\/1"}],"replies":[{"embeddable":true,"href":"http:\/\/www.korhanyilmaz.com\/index.php?rest_route=%2Fwp%2Fv2%2Fcomments&post=20743"}],"version-history":[{"count":0,"href":"http:\/\/www.korhanyilmaz.com\/index.php?rest_route=\/wp\/v2\/posts\/20743\/revisions"}],"wp:attachment":[{"href":"http:\/\/www.korhanyilmaz.com\/index.php?rest_route=%2Fwp%2Fv2%2Fmedia&parent=20743"}],"wp:term":[{"taxonomy":"category","embeddable":true,"href":"http:\/\/www.korhanyilmaz.com\/index.php?rest_route=%2Fwp%2Fv2%2Fcategories&post=20743"},{"taxonomy":"post_tag","embeddable":true,"href":"http:\/\/www.korhanyilmaz.com\/index.php?rest_route=%2Fwp%2Fv2%2Ftags&post=20743"}],"curies":[{"name":"wp","href":"https:\/\/api.w.org\/{rel}","templated":true}]}}