{"id":20738,"date":"2010-03-26T15:35:28","date_gmt":"2010-03-26T13:35:28","guid":{"rendered":"http:\/\/www.korhanyilmaz.com\/?p=20738"},"modified":"2010-03-26T15:35:28","modified_gmt":"2010-03-26T13:35:28","slug":"chpli-vekilden-sok-iddia","status":"publish","type":"post","link":"http:\/\/www.korhanyilmaz.com\/?p=20738","title":{"rendered":"CHP&#039;li vekilden \u015fok iddia"},"content":{"rendered":"<p style=\"text-align: justify;\"><a href=\"http:\/\/www.korhanyilmaz.com\/wp-content\/uploads\/2010\/03\/kiyak.jpg\"  class=\"lightview\"><img loading=\"lazy\" decoding=\"async\" class=\"aligncenter size-full wp-image-20739\" src=\"http:\/\/www.korhanyilmaz.com\/wp-content\/uploads\/2010\/03\/kiyak.jpg\" alt=\"\" width=\"329\" height=\"210\" \/><\/a><\/p>\n<p style=\"text-align: justify;\">CHP&#8217;li \u00c7etin Soysal Ba\u015fbakan&#8217;\u0131n yak\u0131n arkada\u015f\u0131 Aziz Torun\u2019un \u015firketi i\u00e7in k\u0131yak ge\u00e7ildi\u011fni iddia etti.<\/p>\n<p style=\"text-align: justify;\">CHP \u0130stanbul Milletvekili \u00c7etin Soysal, Ba\u015fbakan Recep Tayyip Erdo\u011fan\u2019\u0131n yak\u0131n arkada\u015f\u0131 olan Aziz Torun\u2019un sahibi oldu\u011fu Torunlar G\u0131da taraf\u0131ndan sat\u0131n al\u0131nan \u0130stanbul \u015ei\u015fli\u2019deki bir arazi \u00fczerine Planlama M\u00fcd\u00fcrl\u00fc\u011f\u00fc\u2019n\u00fcn kar\u015f\u0131 \u00e7\u0131kmas\u0131na ra\u011fmen 37 katl\u0131 bir g\u00f6kdelen yap\u0131lmas\u0131na izin verildi\u011fini ifade ederek, \u201c\u0130stanbul\u2019da ye\u015fil alanlar\u0131 azaltan, Bo\u011faz\u2019\u0131n e\u015fsiz siluetini yok eden bu yap\u0131la\u015fman\u0131n yanda\u015fa \u00e7\u0131kar sa\u011flamak ad\u0131na yap\u0131lmas\u0131n\u0131 kabul etmek m\u00fcmk\u00fcn de\u011fildir\u201d dedi. <!--more--><\/p>\n<p style=\"text-align: justify;\">Soysal, \u0130\u00e7i\u015fleri Bakan\u0131 Be\u015fir Atalay\u2019\u0131n yaz\u0131l\u0131 olarak yan\u0131tlamas\u0131 istemiyle TBMM Ba\u015fkanl\u0131\u011f\u0131\u2019na verdi\u011fi soru \u00f6nergesinde \u0130stanbul \u015ei\u015fli B\u00fcy\u00fckdere Caddesi \u00fczerinde bulunan 15 bin metrekarelik arsan\u0131n Tasarruf Mevduat\u0131 Sigorta Fonu taraf\u0131ndan Torunlar G\u0131da\u2019ya sat\u0131ld\u0131\u011f\u0131n\u0131 ve arazinin \u00fczerine devasa bir g\u00f6kdelen yap\u0131laca\u011f\u0131n\u0131 belirtti. Torunlar G\u0131da\u2019n\u0131n arsa \u00fczerinde yapt\u0131\u011f\u0131 plan de\u011fi\u015fikli\u011fi ile arsan\u0131n sat\u0131\u015f\u0131 s\u0131ras\u0131ndaki in\u015faat izninin 5 kat \u00fczerinde in\u015faat alan\u0131 sa\u011fland\u0131\u011f\u0131n\u0131 ve Planlama M\u00fcd\u00fcrl\u00fc\u011f\u00fc\u2019n\u00fcn olumsuz g\u00f6r\u00fc\u015f\u00fcne kar\u015f\u0131n plan de\u011fi\u015fikli\u011finin \u0130stanbul B\u00fcy\u00fck\u015fehir Belediyesi\u2019nce onayland\u0131\u011f\u0131n\u0131 kaydeden Soysal, \u201c\u0130mar Komisyonu\u2019na gelen plan de\u011fi\u015fikli\u011fine g\u00f6re \u015firket, arsa \u00fczerine 37 katl\u0131 otel, sa\u011fl\u0131k merkezi, rezidans ve restoran yap\u0131laca\u011f\u0131 belirtilmi\u015ftir. Planlama m\u00fcd\u00fcrl\u00fc\u011f\u00fc ise s\u00f6zkonusu de\u011fi\u015fikli\u011fe, ba\u015flang\u0131\u00e7taki in\u015faat alan\u0131n\u0131n 19 bin 780 metrekare iken de\u011fi\u015fiklikte 89 bin 950 metrekare olaca\u011f\u0131, yap\u0131 ve n\u00fcfus yo\u011funlu\u011funu art\u0131raca\u011f\u0131, plan b\u00fct\u00fcnl\u00fc\u011f\u00fcn\u00fc bozucu emsal te\u015fkil edece\u011fi, ye\u015fil alan dokusunu azalt\u0131c\u0131 nitelikte oldu\u011fu gerek\u00e7eleri ile kar\u015f\u0131 \u00e7\u0131km\u0131\u015ft\u0131r. Bunun d\u0131\u015f\u0131nda Planlama M\u00fcd\u00fcrl\u00fc\u011f\u00fc binan\u0131n Bo\u011faz sil\u00fcetini olumsuz etkileyece\u011fini belirtmi\u015ftir\u201d dedi.<\/p>\n<p style=\"text-align: justify;\">Planlama m\u00fcd\u00fcrl\u00fc\u011f\u00fcn\u00fcn a\u00e7\u0131k itirazlar\u0131na ra\u011fmen plan de\u011fi\u015fikli\u011finin \u0130stanbul B\u00fcy\u00fck\u015fehir Belediye Meclisi\u2019nden oy \u00e7oklu\u011fuyla ge\u00e7ti\u011fini bildiren Soysal, arsay\u0131 alan \u015firkete \u00e7ok a\u00e7\u0131k bir rant sa\u011fland\u0131\u011f\u0131n\u0131 ifade ederek \u015f\u00f6yle dedi:<\/p>\n<p style=\"text-align: justify;\">\u201c\u0130stanbul\u2019da her ge\u00e7en g\u00fcn artan yap\u0131la\u015fma nedeniyle trafi\u011fin bir ke\u015fmeke\u015fe d\u00f6nd\u00fc\u011f\u00fc ortadad\u0131r. Ancak \u0130stanbul B\u00fcy\u00fck\u015fehir Belediyesi taraf\u0131ndan, Ba\u015fbakan\u2019a yak\u0131nl\u0131\u011f\u0131 bilinen bir \u015firkete bu arsan\u0131n pe\u015fke\u015f \u00e7ekilmesi kente yap\u0131lan bir ihanet niteli\u011findedir. Planlama M\u00fcd\u00fcrl\u00fc\u011f\u00fc\u2019nce a\u00e7\u0131k\u00e7a ifade edilen sak\u0131ncalar, Ula\u015f\u0131m Planlama M\u00fcd\u00fcrl\u00fc\u011f\u00fc\u2019n\u00fcn ve Park ve Bah\u00e7eler M\u00fcd\u00fcrl\u00fc\u011f\u00fc\u2019n\u00fcn olumsuz g\u00f6r\u00fc\u015fleri ile \u0130mar Kanunu\u2019na ayk\u0131r\u0131l\u0131klar de\u011ferlendirilmemi\u015ftir. Ki\u015fi ba\u015f\u0131na d\u00fc\u015fen ye\u015fil alan\u0131n zaten \u00e7ok d\u00fc\u015f\u00fck oldu\u011fu \u0130stanbul\u2019da ye\u015fil alanlar\u0131 azaltan, Bo\u011faz\u2019\u0131n e\u015fsiz siluetini yok eden bu yap\u0131la\u015fman\u0131n yanda\u015fa \u00e7\u0131kar sa\u011flamak ad\u0131na yap\u0131lmas\u0131n\u0131 kabul etmek m\u00fcmk\u00fcn de\u011fildir.\u201d<\/p>\n<p style=\"text-align: justify;\">Soysal, \u0130\u00e7i\u015fleri Bakan\u0131 Atalay\u2019a ilgili kurumlar\u0131n t\u00fcm olumsuz g\u00f6r\u00fc\u015flerine ra\u011fmen bu plan de\u011fi\u015fikli\u011finin onaylanmas\u0131n\u0131n nedenini sorarken \u201cPlan de\u011fi\u015fikli\u011finin kabul edilmesinin nedeni Torunlar G\u0131da\u2019n\u0131n sahibi olan Aziz Torun\u2019un Ba\u015fbakan\u2019\u0131n yak\u0131n arkada\u015f\u0131 olmas\u0131 ile AKP\u2019nin yard\u0131m olarak da\u011f\u0131tt\u0131\u011f\u0131 g\u0131dalar\u0131n al\u0131nd\u0131\u011f\u0131 \u015firket olmas\u0131 m\u0131d\u0131r\u201d sorusunu da yan\u0131tlamas\u0131n\u0131 istedi.<\/p>\n<p style=\"text-align: justify;\"><span style=\"color: #888888;\">Vatan<\/span><\/p>\n","protected":false},"excerpt":{"rendered":"<p style=\"text-align: justify;\">\n<p style=\"text-align: justify;\">CHP&#8217;li \u00c7etin Soysal Ba\u015fbakan&#8217;\u0131n yak\u0131n arkada\u015f\u0131 Aziz Torun\u2019un \u015firketi i\u00e7in k\u0131yak ge\u00e7ildi\u011fni iddia etti.<\/p>\n<p style=\"text-align: justify;\">CHP \u0130stanbul Milletvekili \u00c7etin Soysal, Ba\u015fbakan Recep Tayyip Erdo\u011fan\u2019\u0131n yak\u0131n arkada\u015f\u0131 olan Aziz Torun\u2019un sahibi oldu\u011fu Torunlar G\u0131da taraf\u0131ndan sat\u0131n al\u0131nan \u0130stanbul \u015ei\u015fli\u2019deki bir arazi \u00fczerine Planlama M\u00fcd\u00fcrl\u00fc\u011f\u00fc\u2019n\u00fcn kar\u015f\u0131 \u00e7\u0131kmas\u0131na ra\u011fmen 37 katl\u0131 bir <\/p>\n","protected":false},"author":1,"featured_media":0,"comment_status":"open","ping_status":"closed","sticky":false,"template":"","format":"standard","meta":{"footnotes":""},"categories":[105],"tags":[],"class_list":["post-20738","post","type-post","status-publish","format-standard","hentry","category-gundem","odd"],"_links":{"self":[{"href":"http:\/\/www.korhanyilmaz.com\/index.php?rest_route=\/wp\/v2\/posts\/20738","targetHints":{"allow":["GET"]}}],"collection":[{"href":"http:\/\/www.korhanyilmaz.com\/index.php?rest_route=\/wp\/v2\/posts"}],"about":[{"href":"http:\/\/www.korhanyilmaz.com\/index.php?rest_route=\/wp\/v2\/types\/post"}],"author":[{"embeddable":true,"href":"http:\/\/www.korhanyilmaz.com\/index.php?rest_route=\/wp\/v2\/users\/1"}],"replies":[{"embeddable":true,"href":"http:\/\/www.korhanyilmaz.com\/index.php?rest_route=%2Fwp%2Fv2%2Fcomments&post=20738"}],"version-history":[{"count":0,"href":"http:\/\/www.korhanyilmaz.com\/index.php?rest_route=\/wp\/v2\/posts\/20738\/revisions"}],"wp:attachment":[{"href":"http:\/\/www.korhanyilmaz.com\/index.php?rest_route=%2Fwp%2Fv2%2Fmedia&parent=20738"}],"wp:term":[{"taxonomy":"category","embeddable":true,"href":"http:\/\/www.korhanyilmaz.com\/index.php?rest_route=%2Fwp%2Fv2%2Fcategories&post=20738"},{"taxonomy":"post_tag","embeddable":true,"href":"http:\/\/www.korhanyilmaz.com\/index.php?rest_route=%2Fwp%2Fv2%2Ftags&post=20738"}],"curies":[{"name":"wp","href":"https:\/\/api.w.org\/{rel}","templated":true}]}}