{"id":20733,"date":"2010-03-25T23:54:08","date_gmt":"2010-03-25T21:54:08","guid":{"rendered":"http:\/\/www.korhanyilmaz.com\/?p=20733"},"modified":"2010-03-25T23:54:08","modified_gmt":"2010-03-25T21:54:08","slug":"kilicdaroglu-yine-belgelerle-vuracak","status":"publish","type":"post","link":"http:\/\/www.korhanyilmaz.com\/?p=20733","title":{"rendered":"K\u0131l\u0131\u00e7daro\u011flu yine belgelerle vuracak"},"content":{"rendered":"<p><a href=\"http:\/\/www.korhanyilmaz.com\/wp-content\/uploads\/2010\/03\/K\u0130L\u0130CDAROGLU2.jpg\"  class=\"lightview\"><img loading=\"lazy\" decoding=\"async\" class=\"aligncenter size-full wp-image-20734\" src=\"http:\/\/www.korhanyilmaz.com\/wp-content\/uploads\/2010\/03\/K\u0130L\u0130CDAROGLU2.jpg\" alt=\"\" width=\"292\" height=\"207\" \/><\/a><\/p>\n<p style=\"text-align: justify;\">CHP Grup Ba\u015fkanvekili Kemal K\u0131l\u0131\u00e7daro\u011flu, Deniz Feneri e.V davas\u0131n\u0131 Almanya&#8217;da ve T\u00fcrkiye&#8217;de yak\u0131ndan takip ettiklerini belirterek, &#8220;\u00d6n\u00fcm\u00fczdeki hafta ilgin\u00e7 baz\u0131 belgeleri a\u00e7\u0131klayaca\u011f\u0131m. Islak imzal\u0131 belgeler, \u00f6yle diyelim&#8221; diye konu\u015ftu.<\/p>\n<p style=\"text-align: justify;\">Sakarya \u00dcniversitesi (SA\u00dc) Gazetecilik Toplulu\u011fu&#8217;nun davetlisi olarak K\u00fclt\u00fcr ve Kongre Merkezi&#8217;nde d\u00fczenlenen konferansta konu\u015fan K\u0131l\u0131\u00e7daro\u011flu, g\u00fcndemdeki geli\u015fmeleri de\u011ferlendirdi. <!--more--><\/p>\n<p style=\"text-align: justify;\">\u00d6\u011frencilerin sorular\u0131n\u0131 da yan\u0131tlayan K\u0131l\u0131\u00e7daro\u011flu, bir \u00f6\u011frencinin CHP Genel Ba\u015fkan\u0131 Deniz Baykal&#8217;\u0131n halk\u0131n isteklerini yerine getirip getiremedi\u011fini sormas\u0131 \u00fczerine  &#8220;Bunu bilemem, buna karar verecek olan halk. Her siyasal parti lideri iktidar olmak i\u00e7in halk\u0131n beklentilerine uygun politikalar olu\u015fturmak zorundad\u0131r. 600 y\u0131ll\u0131k Osmanl\u0131 gelene\u011fini y\u0131kmak zorunday\u0131z. &#8216;Padi\u015fah\u0131m gel bizi kurtar&#8217; gelene\u011finden kurtulmak ve kurumlara \u00f6nem vermek zorunday\u0131z. Siyasal partiler de kurumdur. Siyasal partiler kurum olarak ortaya \u00e7\u0131kar ve kurum k\u00fclt\u00fcr\u00fcn\u00fc yerle\u015ftirebilirlerse &#8216;padi\u015fah\u0131m gel bizi kurtar&#8217; s\u00f6yleminin d\u0131\u015f\u0131na \u00e7\u0131km\u0131\u015f olurlar&#8221; cevab\u0131n\u0131 verdi.<\/p>\n<p style=\"text-align: justify;\">K\u0131l\u0131\u00e7daro\u011flu, &#8220;\u00d6rne\u011fin \u00d6zal vard\u0131, Anavatan vard\u0131. Demirel, Tansu \u00c7iller vard\u0131, gitti. Neden? Siyasal partiler kurum k\u00fclt\u00fcr\u00fc i\u00e7inde olu\u015fmad\u0131\u011f\u0131 ve bir ki\u015fiye endekslendi\u011fi i\u00e7in. O ki\u015fi gidiyor ve parti bitiyor. Her alanda kurum k\u00fclt\u00fcr\u00fc olu\u015fturmam\u0131z laz\u0131m&#8221; dedi.<\/p>\n<p style=\"text-align: justify;\">Deniz Feneri e.V davas\u0131 ile Ergenekon davas\u0131ndaki geli\u015fmelerin sorulmas\u0131 \u00fczerine K\u0131l\u0131\u00e7dardo\u011flu, Deniz Feneri e.V. davas\u0131n\u0131n mahkemenin ald\u0131\u011f\u0131 gizlilik karar\u0131 gere\u011fince hukuka uygun olarak y\u00fcr\u00fct\u00fcld\u00fc\u011f\u00fcn\u00fc belirterek, Ergenekon davas\u0131nda ayn\u0131 \u015feyin s\u00f6z konusu olmad\u0131\u011f\u0131n\u0131 s\u00f6yledi.<\/p>\n<p style=\"text-align: justify;\">Parti olarak Deniz Feneri e.V davas\u0131n\u0131 Almanya&#8217;da ve T\u00fcrkiye&#8217;de yak\u0131ndan takip ettiklerini kaydeden K\u0131l\u0131\u00e7daro\u011flu, &#8220;\u00d6n\u00fcm\u00fczdeki hafta ilgin\u00e7 baz\u0131 belgeleri ben a\u00e7\u0131klayaca\u011f\u0131m. Islak imzal\u0131 belgeler, \u00f6yle diyelim. Ergenekon davas\u0131 siyasalla\u015ft\u0131r\u0131lm\u0131\u015ft\u0131r. Hukuka ayk\u0131r\u0131l\u0131klar \u00e7ok var. Pek \u00e7ok insan hapiste, fakat neden hapse at\u0131ld\u0131klar\u0131n\u0131 onlar da bilmiyor. Yarg\u0131 \u00fczerinde m\u00fcthi\u015f bask\u0131 var&#8221; diye konu\u015ftu.<\/p>\n<p style=\"text-align: justify;\">Genel ba\u015fkan olmak isteyip istemedi\u011finin sorulmas\u0131 \u00fczerine K\u0131l\u0131\u00e7daro\u011flu, &#8220;Benim genel ba\u015fkanl\u0131k gibi bir niyetim yok. Bunu \u00e7ok samimi olarak s\u00f6yl\u00fcyorum. Bir ki\u015fi &#8216;ben genel ba\u015fkan olaca\u011f\u0131m&#8217; demekle genel ba\u015fkan olamaz. Bu, farkl\u0131 bir \u015fey. Halk\u0131n beklentisi, partilerin ve kitlelerin deste\u011fi olmal\u0131. Lider olmak farkl\u0131 bir olay&#8221; dedi.<\/p>\n<p style=\"text-align: justify;\">CHP&#8217;nin uzla\u015fmaya kar\u015f\u0131 bir parti olarak g\u00f6sterilmesinin ve AK Parti ile aras\u0131ndaki kutupla\u015fman\u0131n, her iki partinin de i\u015fine yaray\u0131p yaramad\u0131\u011f\u0131n\u0131n sorulmas\u0131 \u00fczerine K\u0131l\u0131\u00e7daro\u011flu, \u015fu cevab\u0131 verdi: &#8220;\u0130ktidar her yerde s\u00f6yl\u00fcyor. &#8216;Biz ne yap\u0131yorsak CHP hep itiraz ediyor&#8217; diye. Yanda\u015f medya da bunu b\u00f6yle s\u00f6yl\u00fcyor. Halk\u0131n belle\u011finde s\u00fcrekli kar\u015f\u0131 \u00e7\u0131kan bir parti konumunda g\u00f6sterilmek isteniyoruz, oysa b\u00f6yle de\u011filiz. Do\u011fru varsa do\u011fruyu destekliyoruz. Yanl\u0131\u015fsa yanl\u0131\u015fa da kar\u015f\u0131 \u00e7\u0131kaca\u011f\u0131z. Bizim d\u00fcnya g\u00f6r\u00fc\u015f\u00fcm\u00fcz ve felsefemiz var. Devlet ayakkab\u0131 \u00fcretmesin ama Telekom&#8217;u da satmas\u0131n. Telekom stratejik bir alan. Bunun \u00fczerine s\u00f6ylemlerimizi geli\u015ftiriyoruz. Kutupla\u015fman\u0131n, \u00f6zellikle Adalet ve Kalk\u0131nma Partisinin i\u015fine \u00e7ok geldi\u011fini biliyoruz. O tuza\u011fa zaman zaman d\u00fc\u015f\u00fcyoruz. Bu tuza\u011fa d\u00fc\u015fmememiz gerekir diye d\u00fc\u015f\u00fcn\u00fcyorum.&#8221;<\/p>\n<p style=\"text-align: justify;\"><span style=\"color: #888888;\">CNN T\u00dcRK<\/span><\/p>\n","protected":false},"excerpt":{"rendered":"<\/p>\n<p style=\"text-align: justify;\">CHP Grup Ba\u015fkanvekili Kemal K\u0131l\u0131\u00e7daro\u011flu, Deniz Feneri e.V davas\u0131n\u0131 Almanya&#8217;da ve T\u00fcrkiye&#8217;de yak\u0131ndan takip ettiklerini belirterek, &#8220;\u00d6n\u00fcm\u00fczdeki hafta ilgin\u00e7 baz\u0131 belgeleri a\u00e7\u0131klayaca\u011f\u0131m. Islak imzal\u0131 belgeler, \u00f6yle diyelim&#8221; diye konu\u015ftu.<\/p>\n<p style=\"text-align: justify;\">Sakarya \u00dcniversitesi (SA\u00dc) Gazetecilik Toplulu\u011fu&#8217;nun davetlisi olarak K\u00fclt\u00fcr ve Kongre Merkezi&#8217;nde d\u00fczenlenen konferansta konu\u015fan K\u0131l\u0131\u00e7daro\u011flu, g\u00fcndemdeki geli\u015fmeleri de\u011ferlendirdi. <\/p>\n","protected":false},"author":1,"featured_media":0,"comment_status":"open","ping_status":"closed","sticky":false,"template":"","format":"standard","meta":{"footnotes":""},"categories":[105],"tags":[],"class_list":["post-20733","post","type-post","status-publish","format-standard","hentry","category-gundem","odd"],"_links":{"self":[{"href":"http:\/\/www.korhanyilmaz.com\/index.php?rest_route=\/wp\/v2\/posts\/20733","targetHints":{"allow":["GET"]}}],"collection":[{"href":"http:\/\/www.korhanyilmaz.com\/index.php?rest_route=\/wp\/v2\/posts"}],"about":[{"href":"http:\/\/www.korhanyilmaz.com\/index.php?rest_route=\/wp\/v2\/types\/post"}],"author":[{"embeddable":true,"href":"http:\/\/www.korhanyilmaz.com\/index.php?rest_route=\/wp\/v2\/users\/1"}],"replies":[{"embeddable":true,"href":"http:\/\/www.korhanyilmaz.com\/index.php?rest_route=%2Fwp%2Fv2%2Fcomments&post=20733"}],"version-history":[{"count":0,"href":"http:\/\/www.korhanyilmaz.com\/index.php?rest_route=\/wp\/v2\/posts\/20733\/revisions"}],"wp:attachment":[{"href":"http:\/\/www.korhanyilmaz.com\/index.php?rest_route=%2Fwp%2Fv2%2Fmedia&parent=20733"}],"wp:term":[{"taxonomy":"category","embeddable":true,"href":"http:\/\/www.korhanyilmaz.com\/index.php?rest_route=%2Fwp%2Fv2%2Fcategories&post=20733"},{"taxonomy":"post_tag","embeddable":true,"href":"http:\/\/www.korhanyilmaz.com\/index.php?rest_route=%2Fwp%2Fv2%2Ftags&post=20733"}],"curies":[{"name":"wp","href":"https:\/\/api.w.org\/{rel}","templated":true}]}}