{"id":20729,"date":"2010-03-26T09:39:27","date_gmt":"2010-03-26T07:39:27","guid":{"rendered":"http:\/\/www.korhanyilmaz.com\/?p=20729"},"modified":"2010-03-26T09:39:27","modified_gmt":"2010-03-26T07:39:27","slug":"the-economist-reform-ya-da-olum","status":"publish","type":"post","link":"http:\/\/www.korhanyilmaz.com\/?p=20729","title":{"rendered":"The Economist: &quot;Reform ya da \u00f6l\u00fcm&quot;"},"content":{"rendered":"<p style=\"text-align: center;\"><a href=\"http:\/\/www.korhanyilmaz.com\/wp-content\/uploads\/2010\/03\/erdogan4.jpg\"  class=\"lightview\"><img loading=\"lazy\" decoding=\"async\" class=\"aligncenter size-full wp-image-20730\" src=\"http:\/\/www.korhanyilmaz.com\/wp-content\/uploads\/2010\/03\/erdogan4.jpg\" alt=\"\" width=\"307\" height=\"236\" \/><\/a><\/p>\n<p style=\"text-align: justify;\">\u0130ngiliz The Economist dergisi, AK Parti h\u00fck\u00fcmetinin Anayasa de\u011fi\u015fikli\u011fi paketini yazd\u0131. H\u00fck\u00fcmetin anayasa reformlar\u0131 i\u00e7in kendisini bir m\u00fccadeleye haz\u0131rlad\u0131\u011f\u0131n\u0131 ileri s\u00fcren dergi, &#8220;Reform hevesinde yeni bir patlama m\u0131, yoksa laik d\u00fczene son bir sald\u0131r\u0131 m\u0131?&#8221; diye sorduktan sonra, \u201cBu sorunun yan\u0131t\u0131 ne olursa olsun, AKP h\u00fck\u00fcmeti laik elitler aras\u0131ndaki kar\u015f\u0131tlar\u0131yla gerilimi art\u0131rd\u0131&#8221; diye yazd\u0131. <!--more--><\/p>\n<p style=\"text-align: justify;\">Dergi, AK Parti h\u00fck\u00fcmetinin Anayasa de\u011fi\u015fikli\u011fi paketini  &#8220;Reform ya da \u00f6l\u00fcm&#8221; ba\u015fl\u0131\u011f\u0131yla duyurdu.<\/p>\n<p style=\"text-align: justify;\">The Economist, Anayasa paketinin, &#8220;bir d\u00f6nem her \u015feye g\u00fcc\u00fc yeten generallerin ve yarg\u0131daki m\u00fcttefiklerinin g\u00fcc\u00fcn\u00fc daha da azaltaca\u011f\u0131n\u0131&#8221; savundu.<\/p>\n<p style=\"text-align: justify;\">De\u011fi\u015fiklikler aras\u0131nda ileride darbe d\u00fczenlemeye \u00e7al\u0131\u015fabilecek ki\u015filerin sivil mahkemelerde yarg\u0131lanabilmesinin de bulundu\u011funu kaydeden dergi, benzer bir de\u011fi\u015fikli\u011fin Cumhuriyet Halk Partisi&#8217;nin giri\u015fimi \u00fczerine Anayasa Mahkemesi taraf\u0131ndan iptal edildi\u011fini hat\u0131rlatarak \u015fu ifadelere yer verdi:<\/p>\n<p style=\"text-align: justify;\">&#8220;CHP gibi laik d\u00fczenin bir kalesi olan yarg\u0131n\u0131n, se\u00e7ilmi\u015flerin generaller \u00fczerindeki otoritesini beyan eden her hamleye kar\u015f\u0131 \u00e7\u0131kmak gibi i\u00e7g\u00fcd\u00fcsel bir refleksi var. Bu, AKP&#8217;nin \u00f6nerdi\u011fi de\u011fi\u015fikliklerin neden yarg\u0131\u00e7lar\u0131n se\u00e7ilme y\u00f6ntemini tamamen de\u011fi\u015ftirmeyi \u00f6ng\u00f6rd\u00fc\u011f\u00fcn\u00fc a\u00e7\u0131klayabilir. Paket onaylan\u0131rsa, Anayasa Mahkemesi \u00fcyelerinin \u00e7o\u011funu Cumhurba\u015fkan\u0131 se\u00e7ecek. H\u00fck\u00fcmet, \u00e7o\u011fu mahkeme yetkilisini atayan Hakimler ve Savc\u0131lar Y\u00fcksek Kurulu (HSYK)\u00fczerinde de n\u00fcfuz kazanacak&#8221;<\/p>\n<p style=\"text-align: justify;\"><strong>&#8220;\u0130slamc\u0131lar hukuk sistemine s\u0131zar&#8221; endi\u015fesi <\/strong><\/p>\n<p style=\"text-align: justify;\">Pakete kar\u015f\u0131 \u00e7\u0131kanlar\u0131n, bunun \u0130slamc\u0131lar\u0131n T\u00fcrkiye&#8217;nin hukuk sistemine s\u0131zmas\u0131na izin verece\u011fini savundu\u011funu belirten dergi, &#8220;AKP, taraftarlar\u0131n\u0131n en b\u00fcy\u00fck s\u0131k\u0131nt\u0131s\u0131 olan t\u00fcrban yasa\u011f\u0131n\u0131 ele alsayd\u0131 bu t\u00fcr iddialar daha b\u00fcy\u00fck bir ge\u00e7erlilik ta\u015f\u0131rd\u0131&#8221; diye yazd\u0131.<\/p>\n<p style=\"text-align: justify;\">The Economist, Ba\u015fbakan Tayyip Erdo\u011fan&#8217;\u0131n, de\u011fi\u015fikliklerin Avrupa Birli\u011fi (AB) \u00fcyeli\u011fi i\u00e7in yap\u0131laca\u011f\u0131 konusunda \u0131srar etti\u011fini kaydetti.<\/p>\n<p style=\"text-align: justify;\">De\u011fi\u015fiklikler i\u00e7in parlamentoda 3&#8217;te 2 oran\u0131nda \u00e7o\u011funlu\u011fun gerekti\u011fini ifade eden dergi, bu \u00e7o\u011funlu\u011fa sahip olmayan Erdo\u011fan&#8217;\u0131n muhalefet partileri nezdinde lobi yapt\u0131\u011f\u0131n\u0131, ancak t\u00fcm muhalefet liderlerinin \u00f6nerilerini reddetti\u011fini belirtti.<\/p>\n<p style=\"text-align: justify;\">Dergi, bu durumun Erdo\u011fan&#8217;\u0131 de\u011fi\u015fiklikleri referanduma g\u00f6t\u00fcrmek zorunda b\u0131rakabilece\u011fini savunarak \u015f\u00f6yle devam etti:<\/p>\n<p style=\"text-align: justify;\">&#8220;Referandum da riskli. Se\u00e7men &#8216;hay\u0131r&#8217; derse, bu AKP h\u00fck\u00fcmetinin kendisine kar\u015f\u0131 verilmi\u015f bir oy olur. Ancak parti yetkilileri &#8216;fark etmez&#8217; diyor. Kamuoyu yoklamalar\u0131 Erdo\u011fan&#8217;\u0131 y\u00fczde 40 destekle rakiplerinin \u00e7ok \u00f6n\u00fcnde g\u00f6steriyor. Muhalefet, anayasal ya da di\u011fer reformlara k\u00f6r\u00fc k\u00f6r\u00fcne direnmeyi s\u00fcrd\u00fcrd\u00fck\u00e7e muhalefette kalacakt\u0131r.&#8221;<\/p>\n<p style=\"text-align: justify;\"><span style=\"color: #888888;\">CNN T\u00dcRK<\/span><\/p>\n","protected":false},"excerpt":{"rendered":"<p style=\"text-align: center;\">\n<p style=\"text-align: justify;\">\u0130ngiliz The Economist dergisi, AK Parti h\u00fck\u00fcmetinin Anayasa de\u011fi\u015fikli\u011fi paketini yazd\u0131. H\u00fck\u00fcmetin anayasa reformlar\u0131 i\u00e7in kendisini bir m\u00fccadeleye haz\u0131rlad\u0131\u011f\u0131n\u0131 ileri s\u00fcren dergi, &#8220;Reform hevesinde yeni bir patlama m\u0131, yoksa laik d\u00fczene son bir sald\u0131r\u0131 m\u0131?&#8221; diye sorduktan sonra, \u201cBu sorunun yan\u0131t\u0131 ne olursa olsun, AKP h\u00fck\u00fcmeti laik elitler aras\u0131ndaki kar\u015f\u0131tlar\u0131yla <\/p>\n","protected":false},"author":1,"featured_media":0,"comment_status":"open","ping_status":"closed","sticky":false,"template":"","format":"standard","meta":{"footnotes":""},"categories":[105],"tags":[],"class_list":["post-20729","post","type-post","status-publish","format-standard","hentry","category-gundem","odd"],"_links":{"self":[{"href":"http:\/\/www.korhanyilmaz.com\/index.php?rest_route=\/wp\/v2\/posts\/20729","targetHints":{"allow":["GET"]}}],"collection":[{"href":"http:\/\/www.korhanyilmaz.com\/index.php?rest_route=\/wp\/v2\/posts"}],"about":[{"href":"http:\/\/www.korhanyilmaz.com\/index.php?rest_route=\/wp\/v2\/types\/post"}],"author":[{"embeddable":true,"href":"http:\/\/www.korhanyilmaz.com\/index.php?rest_route=\/wp\/v2\/users\/1"}],"replies":[{"embeddable":true,"href":"http:\/\/www.korhanyilmaz.com\/index.php?rest_route=%2Fwp%2Fv2%2Fcomments&post=20729"}],"version-history":[{"count":0,"href":"http:\/\/www.korhanyilmaz.com\/index.php?rest_route=\/wp\/v2\/posts\/20729\/revisions"}],"wp:attachment":[{"href":"http:\/\/www.korhanyilmaz.com\/index.php?rest_route=%2Fwp%2Fv2%2Fmedia&parent=20729"}],"wp:term":[{"taxonomy":"category","embeddable":true,"href":"http:\/\/www.korhanyilmaz.com\/index.php?rest_route=%2Fwp%2Fv2%2Fcategories&post=20729"},{"taxonomy":"post_tag","embeddable":true,"href":"http:\/\/www.korhanyilmaz.com\/index.php?rest_route=%2Fwp%2Fv2%2Ftags&post=20729"}],"curies":[{"name":"wp","href":"https:\/\/api.w.org\/{rel}","templated":true}]}}