{"id":20701,"date":"2010-03-25T16:02:29","date_gmt":"2010-03-25T14:02:29","guid":{"rendered":"http:\/\/www.korhanyilmaz.com\/?p=20701"},"modified":"2010-03-25T16:02:29","modified_gmt":"2010-03-25T14:02:29","slug":"tusiad-da-anayasa-paketine-karsi","status":"publish","type":"post","link":"http:\/\/www.korhanyilmaz.com\/?p=20701","title":{"rendered":"T\u00dcS\u0130AD da Anayasa paketine kar\u015f\u0131"},"content":{"rendered":"<p style=\"text-align: center;\"><a href=\"http:\/\/www.korhanyilmaz.com\/wp-content\/uploads\/2010\/03\/T\u00dcS\u0130AD.jpg\"  class=\"lightview\"><img loading=\"lazy\" decoding=\"async\" class=\"aligncenter size-full wp-image-20702\" src=\"http:\/\/www.korhanyilmaz.com\/wp-content\/uploads\/2010\/03\/T\u00dcS\u0130AD.jpg\" alt=\"\" width=\"307\" height=\"236\" \/><\/a><\/p>\n<p style=\"text-align: justify;\">T\u00fcrk Sanayicileri ve \u0130\u015fadamlar\u0131 Derne\u011fi (T\u00dcS\u0130AD), Anayasa&#8217;n\u0131n t\u00fcm\u00fcyle yenilenmesi gerekti\u011fini, g\u00fcndemdeki Anayasa paketinin i\u00e7eri\u011finde temel sorunlar bulundu\u011funu ve demokrasi a\u00e7\u0131\u011f\u0131n\u0131 kapatmaktan uzak oldu\u011funu a\u00e7\u0131klad\u0131. <!--more--><\/p>\n<p style=\"text-align: justify;\">T\u00dcS\u0130AD, Cumhurba\u015fkan\u0131n\u0131n halk taraf\u0131ndan se\u00e7ilmesiyle artacak olan siyasi kimli\u011fi de eklendi\u011finde, pakette \u00f6ng\u00f6r\u00fclen se\u00e7me-atama mekanizmas\u0131n\u0131n Cumhurba\u015fkan\u0131, h\u00fck\u00fcmet ve parlamento \u00e7o\u011funlu\u011fu ayn\u0131 siyasi partiden oldu\u011funda Anayasa Mahkemesi&#8217;nin denge ve kontrol yetene\u011fini yok edece\u011fini savundu.<\/p>\n<p style=\"text-align: justify;\">T\u00dcS\u0130AD ayr\u0131ca, referandumun anayasal bir yol olmakla birlikte en do\u011fru tercih olmad\u0131\u011f\u0131 g\u00f6r\u00fc\u015f\u00fcn\u00fc bildirdi.<\/p>\n<p style=\"text-align: justify;\">Dernek, \u00e7ok \u00e7e\u015fitli alanlarda, \u00e7ok say\u0131da maddeden olu\u015fan paketin toplu olarak halk\u0131n tercihine sunulmas\u0131n\u0131n vatanda\u015f\u0131n se\u00e7me hakk\u0131n\u0131 da k\u0131s\u0131tlayaca\u011f\u0131n\u0131 belirtti.<\/p>\n<p style=\"text-align: justify;\"><strong>Olumlu bulunanlar<\/strong><\/p>\n<p style=\"text-align: justify;\">Temel hak ve \u00f6zg\u00fcrl\u00fckler, askeri yarg\u0131, YA\u015e ve HSYK kararlar\u0131na ve baz\u0131 disiplin cezalar\u0131na kar\u015f\u0131 yarg\u0131 yolunun a\u00e7\u0131lmas\u0131, pozitif ayr\u0131mc\u0131l\u0131k ve ge\u00e7ici 15. maddenin kald\u0131r\u0131lmas\u0131.<\/p>\n<p style=\"text-align: justify;\"><strong>Olumsuz bulunanlar <\/strong><\/p>\n<p style=\"text-align: justify;\"><strong>Anayasa Mahkemesi:<\/strong><\/p>\n<p style=\"text-align: justify;\">* Anayasa Mahkemesi&#8217;nde 19 \u00fcyenin 16&#8217;s\u0131n\u0131n Cumhurba\u015fkan\u0131 taraf\u0131ndan se\u00e7ilmesi, bunun 7&#8217;sinin Cumhurba\u015fkan\u0131 taraf\u0131ndan re&#8217;sen atanmas\u0131, y\u00fcr\u00fctmenin yarg\u0131 \u00fczerindeki etkisini art\u0131racakt\u0131r. Parlamento taraf\u0131ndan se\u00e7ilecek 3 \u00fcyeyle birlikte yasama ve y\u00fcr\u00fctme, y\u00fcksek mahkemenin tamam\u0131n\u0131 atam\u0131\u015f olacakt\u0131r. Yasaman\u0131n y\u00fcr\u00fctmenin a\u011f\u0131r etkisi alt\u0131nda oldu\u011fu varsay\u0131m\u0131, s\u00f6z konusu 3 \u00fcyenin se\u00e7iminin de y\u00fcr\u00fctme etkisine a\u00e7\u0131k olaca\u011f\u0131n\u0131 d\u00fc\u015f\u00fcnd\u00fcrmektedir.<\/p>\n<p style=\"text-align: justify;\">Anayasa Mahkemesi \u00fcyelerinin belirlenmesi yetkisi Cumhurba\u015fkan\u0131, y\u00fcksek yarg\u0131, parlamento ve \u00fcniversiteler aras\u0131nda payla\u015ft\u0131r\u0131lmal\u0131, \u00e7o\u011funluk \u00fcye y\u00fcksek yarg\u0131 taraf\u0131ndan se\u00e7ilmelidir. Parlamento taraf\u0131ndan \u00fcye se\u00e7ilirken nitelikli \u00e7o\u011funluk aranmas\u0131 \u015fart olmal\u0131d\u0131r.<\/p>\n<p style=\"text-align: justify;\"><strong>Y\u00fcce Divan:<\/strong><\/p>\n<p style=\"text-align: justify;\">* Anayasa Mahkemesi&#8217;nin Anayasa yarg\u0131s\u0131 a\u00e7\u0131s\u0131ndan bir k\u0131s\u0131m \u00fcyesinin hukuk alan\u0131 d\u0131\u015f\u0131ndan gelmesi ola\u011fan. Ancak Y\u00fcce Divan s\u0131fat\u0131yla g\u00f6r\u00fclecek davalarda \u00fcyelerin b\u00fcy\u00fck \u00e7o\u011funlu\u011funun hukuk\u00e7u olmas\u0131 gerekir.<\/p>\n<p style=\"text-align: justify;\"><strong>HSYK:<\/strong><\/p>\n<p style=\"text-align: justify;\">* HSYK ile ilgili d\u00fczenlemelerle Adalet Bakanl\u0131\u011f\u0131&#8217;n\u0131n Kurul \u00fczerindeki etkisi g\u00fc\u00e7lendiriliyor. Kurulun soru\u015fturma yetkisi Adalet Bakan\u0131n\u0131n onay\u0131na ba\u011flan\u0131yor. Adalet Bakanl\u0131\u011f\u0131&#8217;na tan\u0131nan &#8216;adalet hizmetlerinin Bakanl\u0131k m\u00fcfetti\u015fleri eliyle denetleme&#8217; yetkisinin hakimler hakk\u0131ndaki idari soru\u015fturmalar\u0131 kapsamad\u0131\u011f\u0131na ili\u015fkin a\u00e7\u0131kl\u0131k getirilmeli. Bu yetkinin HSYK&#8217;da olmas\u0131 ve Bakanl\u0131\u011f\u0131n onay\u0131na tabi olmadan kullan\u0131lmas\u0131 gerekir. Paketteki HSYK d\u00fczenlemeleriyle Adalet Bakan\u0131 ve M\u00fcste\u015far\u0131n\u0131n Kurul \u00fcyeli\u011fi daha da tart\u0131\u015fmal\u0131 hale gelmektedir.<\/p>\n<p style=\"text-align: justify;\"><strong>Parti kapatma:<\/strong><\/p>\n<p style=\"text-align: justify;\">* Siyasi partilerin kapat\u0131lmas\u0131n\u0131 zorla\u015ft\u0131rman\u0131n en uygun y\u00f6ntemi Anayasal bir d\u00fczenlemeyle siyasi parti yasaklar\u0131n\u0131 daraltmak olmal\u0131. Oysa Anayasa paketi, kapatma davas\u0131n\u0131n a\u00e7\u0131lmas\u0131n\u0131 Parlamentoda kurulacak \u00f6zel komisyonunun iznine ba\u011flamakla, konuyu hukuk alan\u0131ndan \u00e7\u0131karmakta ve bir siyasi pazarl\u0131k konusu haline getirmektedir.<\/p>\n<p style=\"text-align: justify;\">Parti yasaklar\u0131n\u0131n Avrupa \u0130nsan Haklar\u0131 S\u00f6zle\u015fmesine uygun bir \u015fekilde yeniden d\u00fczenlenmesi ve yapt\u0131r\u0131mlar\u0131n, \u00f6ncelikle partilere de\u011fil eylemleri yasalara ayk\u0131r\u0131 olan ki\u015filere y\u00f6nelmesi gereklidir.<\/p>\n<p style=\"text-align: justify;\"><strong>T\u00dcS\u0130AD&#8217;\u0131n \u00f6nerileri \u015f\u00f6yle: <\/strong><\/p>\n<p style=\"text-align: justify;\">&#8211; Yeni Anayasa birey odakl\u0131 olmal\u0131<\/p>\n<p style=\"text-align: justify;\">&#8211; Hi\u00e7bir ayr\u0131cal\u0131\u011fa yer vermemeli<\/p>\n<p style=\"text-align: justify;\">&#8211; Kuvvetler ayr\u0131l\u0131\u011f\u0131 ilkesinin ge\u00e7erli oldu\u011fu \u00e7o\u011fulcu parlamenter demokrasiyi esas almal\u0131<\/p>\n<p style=\"text-align: justify;\">&#8211; Olmazsa olmaz \u00f6n \u015fart se\u00e7im sistemi ve siyasi partiler mevzuat\u0131nda yap\u0131lacak de\u011fi\u015fiklikler<\/p>\n<p style=\"text-align: justify;\">&#8211; \u0130vedilikle \u00fclke baraj\u0131 d\u00fc\u015f\u00fcr\u00fclmeli ve \u00f6n se\u00e7imin zorunlu olmas\u0131 y\u00f6n\u00fcnde de\u011fi\u015fiklik yap\u0131lmal\u0131<\/p>\n<p style=\"text-align: justify;\">&#8211; 2011 se\u00e7imlerine anti-demokratik siyasi partiler yasas\u0131 ve \u00e7a\u011fda\u015f demokrasilerde \u00f6rne\u011fi bulunmayan y\u00fcksek baraj ile gidilmemeli<\/p>\n<p style=\"text-align: justify;\">&#8211; T\u00fcm partiler bug\u00fcnden itibaren yeni Anayasa yap\u0131m\u0131 ve i\u00e7eri\u011fi ile ilgili \u00f6nerileriyle reform s\u00fcrecine katk\u0131 sa\u011flamal\u0131<\/p>\n<p style=\"text-align: justify;\">&#8211; \u00d6neriler kat\u0131l\u0131mc\u0131 bir s\u00fcre\u00e7le toplumun geni\u015f kesimlerince tart\u0131\u015f\u0131lmal\u0131.<\/p>\n<p style=\"text-align: justify;\">**<\/p>\n<p style=\"text-align: justify;\">Devlet Bakan\u0131 ve Ba\u015fbakan Yard\u0131mc\u0131s\u0131 Cemil \u00c7i\u00e7ek, Adalet Bakan\u0131 Sadullah Ergin ve AK Parti Grup Ba\u015fkanvekili Bekir Bozda\u011f, T\u00fcrk Sanayicileri ve \u0130\u015fadamlar\u0131 Derne\u011fi&#8217;ni (T\u00dcS\u0130AD) ziyaret etti. G\u00f6r\u00fc\u015fme yakla\u015f\u0131k 1.5 saat s\u00fcrd\u00fc.<\/p>\n<p style=\"text-align: justify;\">G\u00f6r\u00fc\u015fme sonunda konu\u015fan T\u00dcS\u0130AD Ba\u015fkan\u0131 \u00dcmit Boyner, 1992&#8217;den beri demokratikle\u015fme ve yeni anayasa \u00fczerinde \u00e7al\u0131\u015ft\u0131klar\u0131n\u0131 belirterek, &#8220;Temel hak ve \u00f6zg\u00fcrl\u00fckler konusunda \u00e7ok noktada ayn\u0131 yerde olmam\u0131za ra\u011fmen, paketin bizim i\u00e7in \u00e7ok \u00f6nemli noktalar\u0131nda, \u00f6zellikle kuvvetler ayr\u0131l\u0131\u011f\u0131 konusunda g\u00f6r\u00fc\u015f ayr\u0131l\u0131klar\u0131m\u0131z var&#8221; dedi.<\/p>\n<p style=\"text-align: justify;\">&#8220;T\u00fcm\u00fcyle yeniden yap\u0131lanm\u0131\u015f, birey \u00f6zg\u00fcrl\u00fcklerine odakl\u0131, \u00e7o\u011fulcu demokrasiye \u00f6nem veren bir anayasa T\u00dcS\u0130AD i\u00e7in vazge\u00e7ilmezdir&#8221; diyen Boyner, &#8220;Paketi say\u0131n bakanlarla isti\u015fare ettik. Fikirlerimizi ilettik. Zannediyorum sa\u011fl\u0131kl\u0131 bir al\u0131\u015fveri\u015f oldu&#8221; diye konu\u015ftu.<\/p>\n<p style=\"text-align: justify;\">Bakan \u00c7i\u00e7ek ise, \u0130stanbul&#8217;daki son ziyareti ger\u00e7ekle\u015ftirdiklerini belirterek, &#8220;\u00c7ok faydal\u0131 bir geli\u015fme oldu. T\u00dcS\u0130AD&#8217;\u0131n y\u00fcksek standartta bir demokrasinin \u00fclkemize kazand\u0131r\u0131lmas\u0131 ve bunun kurumsalla\u015ft\u0131r\u0131lmas\u0131 noktas\u0131ndan ge\u00e7mi\u015ften beri \u00e7ok \u00f6nemli haz\u0131rl\u0131klar\u0131 oldu. Siyaset adamlar\u0131 olarak biz bunlar\u0131 hep takip ettik. Bunlar\u0131n bir b\u00f6l\u00fcm\u00fc Anayasa ile alakal\u0131d\u0131r. Bir b\u00f6l\u00fcm\u00fc de siyaset hukukun di\u011fer sorunlar\u0131yla alakal\u0131d\u0131r. T\u00dcS\u0130AD bu konulara haz\u0131rl\u0131kl\u0131 bir sivil toplum \u00f6rg\u00fct\u00fc&#8221; dedi.<\/p>\n<p style=\"text-align: justify;\">\u00c7i\u00e7ek, &#8220;G\u00f6r\u00fc\u015fmeleri tamamlad\u0131ktan sonra tart\u0131\u015fmalar\u0131 da dikkate almak suretiyle kendi tasla\u011f\u0131m\u0131za son \u015feklini verece\u011fiz ve TBMM&#8217;ye sunaca\u011f\u0131z. Bu s\u00fcre zarf\u0131nda daha somut katk\u0131lar olabilecekse onlar\u0131 da o s\u00fcre\u00e7 i\u00e7inde de\u011ferlendirmek suretiyle bu konunun TBMM&#8217;de \u00e7\u00f6z\u00fcme kavu\u015fmas\u0131 noktas\u0131nda gayret i\u00e7inde olaca\u011f\u0131z&#8221; dedi.<\/p>\n<p style=\"text-align: justify;\"><span style=\"color: #888888;\">CNN T\u00dcRK<\/span><\/p>\n","protected":false},"excerpt":{"rendered":"<p style=\"text-align: center;\">\n<p style=\"text-align: justify;\">T\u00fcrk Sanayicileri ve \u0130\u015fadamlar\u0131 Derne\u011fi (T\u00dcS\u0130AD), Anayasa&#8217;n\u0131n t\u00fcm\u00fcyle yenilenmesi gerekti\u011fini, g\u00fcndemdeki Anayasa paketinin i\u00e7eri\u011finde temel sorunlar bulundu\u011funu ve demokrasi a\u00e7\u0131\u011f\u0131n\u0131 kapatmaktan uzak oldu\u011funu a\u00e7\u0131klad\u0131. <\/p>\n","protected":false},"author":1,"featured_media":0,"comment_status":"open","ping_status":"closed","sticky":false,"template":"","format":"standard","meta":{"footnotes":""},"categories":[105],"tags":[],"class_list":["post-20701","post","type-post","status-publish","format-standard","hentry","category-gundem","odd"],"_links":{"self":[{"href":"http:\/\/www.korhanyilmaz.com\/index.php?rest_route=\/wp\/v2\/posts\/20701","targetHints":{"allow":["GET"]}}],"collection":[{"href":"http:\/\/www.korhanyilmaz.com\/index.php?rest_route=\/wp\/v2\/posts"}],"about":[{"href":"http:\/\/www.korhanyilmaz.com\/index.php?rest_route=\/wp\/v2\/types\/post"}],"author":[{"embeddable":true,"href":"http:\/\/www.korhanyilmaz.com\/index.php?rest_route=\/wp\/v2\/users\/1"}],"replies":[{"embeddable":true,"href":"http:\/\/www.korhanyilmaz.com\/index.php?rest_route=%2Fwp%2Fv2%2Fcomments&post=20701"}],"version-history":[{"count":0,"href":"http:\/\/www.korhanyilmaz.com\/index.php?rest_route=\/wp\/v2\/posts\/20701\/revisions"}],"wp:attachment":[{"href":"http:\/\/www.korhanyilmaz.com\/index.php?rest_route=%2Fwp%2Fv2%2Fmedia&parent=20701"}],"wp:term":[{"taxonomy":"category","embeddable":true,"href":"http:\/\/www.korhanyilmaz.com\/index.php?rest_route=%2Fwp%2Fv2%2Fcategories&post=20701"},{"taxonomy":"post_tag","embeddable":true,"href":"http:\/\/www.korhanyilmaz.com\/index.php?rest_route=%2Fwp%2Fv2%2Ftags&post=20701"}],"curies":[{"name":"wp","href":"https:\/\/api.w.org\/{rel}","templated":true}]}}