{"id":20698,"date":"2010-03-25T17:25:46","date_gmt":"2010-03-25T15:25:46","guid":{"rendered":"http:\/\/www.korhanyilmaz.com\/?p=20698"},"modified":"2010-03-25T17:25:46","modified_gmt":"2010-03-25T15:25:46","slug":"korgeneral-olcan-adliyede","status":"publish","type":"post","link":"http:\/\/www.korhanyilmaz.com\/?p=20698","title":{"rendered":"Ses kayd\u0131 al\u0131nan Korgeneral serbest"},"content":{"rendered":"<p style=\"text-align: justify;\"><a href=\"http:\/\/www.korhanyilmaz.com\/wp-content\/uploads\/2010\/03\/OLCAN.jpg\"  class=\"lightview\"><img loading=\"lazy\" decoding=\"async\" class=\"aligncenter size-full wp-image-20699\" src=\"http:\/\/www.korhanyilmaz.com\/wp-content\/uploads\/2010\/03\/OLCAN.jpg\" alt=\"\" width=\"307\" height=\"236\" \/><\/a><\/p>\n<p style=\"text-align: justify;\">&#8220;Balyoz Plan\u0131&#8221; iddialar\u0131 soru\u015fturmas\u0131 kapsam\u0131nda adliyeye gelen ve tutuklama istemiyle mahkemeye sevk edilen Harp Akademileri Komutan Yard\u0131mc\u0131s\u0131 Korgeneral Yurdaer Olcan ses kayd\u0131 al\u0131nd\u0131ktan sonra serbest b\u0131rak\u0131ld\u0131. <!--more--><\/p>\n<p style=\"text-align: justify;\">2003&#8217;te 1. Ordu Komutanl\u0131\u011f\u0131&#8217;nda d\u00fczenlenen &#8216;Ordu Plan Semineri&#8217;ne kat\u0131lan 24 generalden biri oldu\u011fu iddia edilen Yurdaer Olcan avukatlar\u0131 ile ifade vermek \u00fczere sabah erken saatlerde soru\u015fturman\u0131n y\u00fcr\u00fct\u00fcld\u00fc\u011f\u00fc \u0130stanbul Cumhuriyet Ba\u015fsavc\u0131l\u0131\u011f\u0131&#8217;n\u0131n Be\u015fikta\u015f&#8217;taki adliye binas\u0131na geldi.<\/p>\n<p style=\"text-align: justify;\">Soru\u015fturmay\u0131 y\u00fcr\u00fcten Cumhuriyet savc\u0131lar\u0131 Ali Haydar ile S\u00fcleyman Pehlivan taraf\u0131ndan sorgulanan Korgeneral Yurdaer Olcan&#8217;\u0131n ses kayd\u0131 al\u0131nd\u0131.<\/p>\n<p style=\"text-align: justify;\">Savc\u0131l\u0131k sorgusunun ard\u0131ndan tutuklanma talebi ile N\u00f6bet\u00e7i 12&#8217;inci A\u011f\u0131r Ceza Mahkemesi&#8217;ne sevk edilen Korgeneral Yurdaer Olcan, \u00fcye hakim Oktay Kuban taraf\u0131ndan sorguland\u0131.<\/p>\n<p style=\"text-align: justify;\">Korgeneral Yurdaer Olcan mahkemedeki sorgusunun ard\u0131ndan delil durumu ve ka\u00e7ma \u015f\u00fcphesi bulunmad\u0131\u011f\u0131 gerek\u00e7esi ile tutuksuz yarg\u0131lanmak \u00fczere serbest b\u0131rak\u0131ld\u0131.<\/p>\n<p style=\"text-align: justify;\">Korgeneral Yurdaer Olcan, sorgusunun ard\u0131ndan kendi makam arac\u0131 yerine Merkez Komutanl\u0131\u011f\u0131&#8217;ndan gelen bir minib\u00fcs ile adliyeden ayr\u0131ld\u0131.<\/p>\n<p style=\"text-align: justify;\">Korgeneral  Olcan&#8217;\u0131n avukat\u0131 Arma\u011fan G\u00fcner, kendi ba\u015fvurular\u0131 \u00fczerine ifade vermeye geldiklerini belirterek, &#8220;Sa\u011fl\u0131k sorunlar\u0131 var. Boyun f\u0131t\u0131\u011f\u0131 ameliyat\u0131 olacak. Ameliyat olmadan \u00f6nce herhangi bir tart\u0131\u015fmaya mahal vermemek i\u00e7in gelip ifade verdik&#8221; dedi.<\/p>\n<p style=\"text-align: justify;\">Korgeneral Yurdaer Olcan&#8217;\u0131n di\u011fer avukat\u0131 \u015eener At\u0131lgan da Olcan&#8217;a g\u00f6zalt\u0131 i\u015flemi yap\u0131lmad\u0131\u011f\u0131n\u0131 s\u00f6yledi.<\/p>\n<p style=\"text-align: justify;\">Korgeneral Olcan, yemekhane kap\u0131s\u0131ndan \u00e7\u0131karak adliyeden sivil plakal\u0131 askeri bir ara\u00e7la ayr\u0131ld\u0131.<\/p>\n<p style=\"text-align: justify;\">Bu s\u0131rada, \u00e7ok say\u0131da sivil k\u0131yafetli askeri koruma, Olcan&#8217;\u0131n g\u00f6r\u00fcnt\u00fcs\u00fcn\u00fcn al\u0131nmas\u0131n\u0131 engelledi.<\/p>\n<p style=\"text-align: justify;\"><strong> &#8220;Balyoz Eylem Plan\u0131&#8221; <\/strong><\/p>\n<p style=\"text-align: justify;\">Taraf gazetesinin Ocak 2010 tarihli haberinde, AK Parti&#8217;yi iktidardan d\u00fc\u015f\u00fcrmek amac\u0131yla bir eylem plan\u0131n\u0131n haz\u0131rland\u0131\u011f\u0131 iddia edilmi\u015fti. Habere g\u00f6re, Kas\u0131m 2000&#8217;de AK Parti&#8217;nin iktidara gelmesinden hemen sonra baz\u0131 generaller &#8220;Balyoz&#8221; ad\u0131 verilen bir dizi eylem plan\u0131 haz\u0131rlam\u0131\u015ft\u0131.<\/p>\n<p style=\"text-align: justify;\">Buna g\u00f6re, AK Parti iktidara geldikten bir ay sonra 1. Ordu&#8217;nun \u0130stanbul Selimiye&#8217;deki karargah\u0131n\u0131n raflar\u0131ndan 12 Eyl\u00fcl darbesinin bayrak harekat plan\u0131 \u00f6rnek almak i\u00e7in indirildi. Hedef \u00f6nce s\u0131k\u0131y\u00f6netim, sonra da h\u00fck\u00fcmeti devirmekti.<\/p>\n<p style=\"text-align: justify;\">Habere g\u00f6re, 12 Eyl\u00fcl&#8217;\u00fcn harekat plan\u0131 \u00fczerinde \u00e7al\u0131\u015fan generaller AK Parti&#8217;yi iktidardan d\u00fc\u015f\u00fcrmek i\u00e7in haz\u0131rlad\u0131klar\u0131 plana, 1971 darbesinin \u00fcnl\u00fc operasyonunun ad\u0131n\u0131 verdiler: Balyoz. Plan\u0131 hayata ge\u00e7irirken T\u00fcrk u\u00e7aklar\u0131 d\u00fc\u015f\u00fcr\u00fclecek, camiler bombalanacakt\u0131.<\/p>\n<p style=\"text-align: justify;\">T\u00fcrkiye ile Yunanistan&#8217;\u0131n bir T\u00fcrk jetinin T\u00fcrkiye taraf\u0131ndan d\u00fc\u015f\u00fcr\u00fclmesiyle sava\u015f\u0131n e\u015fi\u011fine getirilmesi de &#8220;Balyoz&#8221; plan\u0131n\u0131n par\u00e7alar\u0131ndan biriydi.<\/p>\n<p style=\"text-align: justify;\"><span style=\"color: #888888;\">CNN T\u00dcRK<\/span><\/p>\n","protected":false},"excerpt":{"rendered":"<p style=\"text-align: justify;\">\n<p style=\"text-align: justify;\">&#8220;Balyoz Plan\u0131&#8221; iddialar\u0131 soru\u015fturmas\u0131 kapsam\u0131nda adliyeye gelen ve tutuklama istemiyle mahkemeye sevk edilen Harp Akademileri Komutan Yard\u0131mc\u0131s\u0131 Korgeneral Yurdaer Olcan ses kayd\u0131 al\u0131nd\u0131ktan sonra serbest b\u0131rak\u0131ld\u0131. <\/p>\n","protected":false},"author":1,"featured_media":0,"comment_status":"open","ping_status":"closed","sticky":false,"template":"","format":"standard","meta":{"footnotes":""},"categories":[105],"tags":[],"class_list":["post-20698","post","type-post","status-publish","format-standard","hentry","category-gundem","odd"],"_links":{"self":[{"href":"http:\/\/www.korhanyilmaz.com\/index.php?rest_route=\/wp\/v2\/posts\/20698","targetHints":{"allow":["GET"]}}],"collection":[{"href":"http:\/\/www.korhanyilmaz.com\/index.php?rest_route=\/wp\/v2\/posts"}],"about":[{"href":"http:\/\/www.korhanyilmaz.com\/index.php?rest_route=\/wp\/v2\/types\/post"}],"author":[{"embeddable":true,"href":"http:\/\/www.korhanyilmaz.com\/index.php?rest_route=\/wp\/v2\/users\/1"}],"replies":[{"embeddable":true,"href":"http:\/\/www.korhanyilmaz.com\/index.php?rest_route=%2Fwp%2Fv2%2Fcomments&post=20698"}],"version-history":[{"count":0,"href":"http:\/\/www.korhanyilmaz.com\/index.php?rest_route=\/wp\/v2\/posts\/20698\/revisions"}],"wp:attachment":[{"href":"http:\/\/www.korhanyilmaz.com\/index.php?rest_route=%2Fwp%2Fv2%2Fmedia&parent=20698"}],"wp:term":[{"taxonomy":"category","embeddable":true,"href":"http:\/\/www.korhanyilmaz.com\/index.php?rest_route=%2Fwp%2Fv2%2Fcategories&post=20698"},{"taxonomy":"post_tag","embeddable":true,"href":"http:\/\/www.korhanyilmaz.com\/index.php?rest_route=%2Fwp%2Fv2%2Ftags&post=20698"}],"curies":[{"name":"wp","href":"https:\/\/api.w.org\/{rel}","templated":true}]}}