{"id":20686,"date":"2010-03-25T17:43:36","date_gmt":"2010-03-25T15:43:36","guid":{"rendered":"http:\/\/www.korhanyilmaz.com\/?p=20686"},"modified":"2010-03-25T17:43:36","modified_gmt":"2010-03-25T15:43:36","slug":"hsyk-yine-toplanamadi","status":"publish","type":"post","link":"http:\/\/www.korhanyilmaz.com\/?p=20686","title":{"rendered":"HSYK yine toplanamad\u0131"},"content":{"rendered":"<p style=\"text-align: center;\"><a href=\"http:\/\/www.korhanyilmaz.com\/wp-content\/uploads\/2010\/03\/HSYK2.jpg\"  class=\"lightview\"><img loading=\"lazy\" decoding=\"async\" class=\"aligncenter size-full wp-image-20687\" src=\"http:\/\/www.korhanyilmaz.com\/wp-content\/uploads\/2010\/03\/HSYK2.jpg\" alt=\"\" width=\"298\" height=\"229\" \/><\/a><\/p>\n<p style=\"text-align: justify;\">Adalet Bakanl\u0131\u011f\u0131 M\u00fcste\u015far\u0131 ve Kurul \u00dcyesi gelmedi\u011fi i\u00e7in Hakimler ve Savc\u0131lar Y\u00fcksek Kurulu (HSYK) toplanamad\u0131; \u00fcyeler tutanak tuttu. Adalet Bakan\u0131 Sadullah Ergin, m\u00fcste\u015far\u0131n cenaze t\u00f6renine kat\u0131ld\u0131\u011f\u0131 i\u00e7in toplant\u0131ya kat\u0131lamad\u0131\u011f\u0131n\u0131 s\u00f6yledi. \u00d6\u011fleden sonra yap\u0131lan a\u00e7\u0131klamada ise, &#8220;Mazeret HSYK&#8217;ya bildirildi&#8221; denildi.<!--more--><\/p>\n<p style=\"text-align: justify;\">HSYK&#8217;n\u0131n ola\u011fan toplant\u0131lar\u0131 sal\u0131 ve per\u015fembe g\u00fcnleri yap\u0131l\u0131yor.<\/p>\n<p style=\"text-align: justify;\">HSYK&#8217;n\u0131n se\u00e7ilmi\u015f \u00fcyeleri yaz\u0131l\u0131 bas\u0131n a\u00e7\u0131klamas\u0131 yaparak, toplant\u0131 g\u00fcndeminin d\u00fcn Adalet Bakanl\u0131\u011f\u0131&#8217;ndan istendi\u011fini, ancak g\u00fcndemin verilmedi\u011fini ifade etti.<\/p>\n<p style=\"text-align: justify;\">A\u00e7\u0131klamada, &#8220;Kurulun sekreteryas\u0131n\u0131 yapan Personel Genel M\u00fcd\u00fcrl\u00fc\u011f\u00fc aranm\u0131\u015f, &#8216;neden gelmedikleri&#8217; soruldu\u011funda, &#8216;M\u00fcste\u015far Ahmet Kahraman ve t\u00fcm m\u00fcste\u015far yard\u0131mc\u0131lar\u0131n\u0131n cenazeye gittikleri, Bakanl\u0131kta olmad\u0131klar\u0131, m\u00fcste\u015farl\u0131\u011fa vekalet edenin bulunmad\u0131\u011f\u0131, bug\u00fcn toplant\u0131 yap\u0131lamayaca\u011f\u0131 yolunda kendilerine talimat verildi\u011fi&#8217; ifade edilmi\u015ftir. M\u00fcste\u015far Ahmet Kahraman ve m\u00fcste\u015far yard\u0131mc\u0131lar\u0131n\u0131n hi\u00e7birinin olmamas\u0131 ve m\u00fcste\u015farl\u0131\u011fa vekalet edenin de bulunmamas\u0131 nedeniyle toplant\u0131 yap\u0131lamad\u0131\u011f\u0131na ili\u015fkin olarak Kurulun se\u00e7ilmi\u015f \u00fcyeleri taraf\u0131ndan tutanak tutulmu\u015ftur&#8221; denildi.<\/p>\n<p style=\"text-align: justify;\"><strong>\u00d6zbek&#8217;ten a\u00e7\u0131klama <\/strong><\/p>\n<p style=\"text-align: justify;\">HSYK Ba\u015fkanvekili Kadir \u00d6zbek, &#8220;Adalet Bakanl\u0131\u011f\u0131 M\u00fcste\u015far\u0131 Ahmet Kahraman hakk\u0131nda su\u00e7 duyurusunu yapmak durumunday\u0131z. Bu durumun sonu ona gidiyor&#8221; dedi.<\/p>\n<p style=\"text-align: justify;\"><strong>Adalet Bakanl\u0131\u011f\u0131&#8217;ndan a\u00e7\u0131klama <\/strong><\/p>\n<p style=\"text-align: justify;\">Adalet Bakanl\u0131\u011f\u0131, Yarg\u0131tay 17. Hukuk Dairesi \u00dcyesi H\u00fcseyin Y\u0131ld\u0131r\u0131m&#8217;\u0131n babas\u0131n\u0131n vefat etti\u011fini belirterek, &#8220;H\u00fcseyin Y\u0131ld\u0131r\u0131m ile uzun s\u00fcre mesai arkada\u015f\u0131 olarak birlikte \u00e7al\u0131\u015fan Adalet Bakanl\u0131\u011f\u0131 M\u00fcste\u015far\u0131 ve M\u00fcste\u015far yard\u0131mc\u0131lar\u0131, bug\u00fcn cenaze merasimine kat\u0131lmak \u00fczere Konya&#8217;n\u0131n Yunak il\u00e7esine gittikleri i\u00e7in HSYK&#8217;n\u0131n bug\u00fcn yap\u0131lan ola\u011fan toplant\u0131s\u0131na kat\u0131lamam\u0131\u015flard\u0131r. Tamamen insani m\u00fclahazalara dayal\u0131 bu mazeret nedeniyle toplant\u0131ya kat\u0131l\u0131namayaca\u011f\u0131 HSYK Ba\u015fkanvekilli\u011fine bildirilmi\u015ftir&#8221; denildi.<\/p>\n<p style=\"text-align: justify;\"><strong>KR\u0130ZE NEDEN OLAN M\u00dcSTE\u015eAR KONU\u015eTU <\/strong><\/p>\n<p style=\"text-align: justify;\">Adalet Bakan\u0131 M\u00fcste\u015far\u0131 Ahmet Kahraman ise, &#8220;Biz, bug\u00fcne kadar b\u00fct\u00fcn g\u00fcc\u00fcm\u00fczle g\u00f6revimizi yerine getirdik. Yapmam\u0131z gereken ne ise yapt\u0131k. Ama bu sizin de g\u00f6rd\u00fc\u011f\u00fcn\u00fcz gibi, beraber \u00e7al\u0131\u015ft\u0131\u011f\u0131m\u0131z arkada\u015f\u0131m\u0131n\u0131z\u0131n babas\u0131 vefat etti. Bu cenaze de bulunmak da, bizim insanl\u0131k g\u00f6revimizdir. Cenazeye geldik&#8221; dedi.<\/p>\n<p style=\"text-align: justify;\"><strong>HSYK hangi durumlarda toplanam\u0131yor? <\/strong><\/p>\n<p style=\"text-align: justify;\">3&#8217;\u00fc Yarg\u0131tay 2&#8217;si Dan\u0131\u015ftay&#8217;dan gelen \u00fcyelere Adalet Bakan\u0131 ve M\u00fcste\u015far\u0131&#8217;n\u0131n da kat\u0131l\u0131m\u0131yla 7 ki\u015filik HSYK olu\u015fuyor. \u00dcyeler aras\u0131nda ise Adalet Bakan\u0131 M\u00fcste\u015far\u0131 kritik bir konumda. HSYK, m\u00fcste\u015far olmadan toplanamad\u0131\u011f\u0131 gibi m\u00fcste\u015far\u0131n imzas\u0131 olmadan da karar alam\u0131yor.<\/p>\n<p style=\"text-align: justify;\"><strong>\u00d6nceki toplant\u0131 da yap\u0131lamad\u0131 <\/strong><\/p>\n<p style=\"text-align: justify;\">23 Mart&#8217;ta da M\u00fcste\u015far Ahmet Kahraman&#8217;\u0131n toplant\u0131y\u0131 terk etmesi \u00fczerine Hakimler ve Savc\u0131lar Y\u00fcksek Kurulu toplant\u0131s\u0131 yap\u0131lamam\u0131\u015ft\u0131.<\/p>\n<p style=\"text-align: justify;\">HSYK Ba\u015fkanvekili Kadir \u00d6zbek &#8220;San\u0131yorum bizi g\u00f6zden \u00e7\u0131kard\u0131lar, bize kararname \u00e7\u0131kartmak istemiyorlar anlad\u0131\u011f\u0131m kadar\u0131yla&#8221; demi\u015fti.<\/p>\n<p style=\"text-align: justify;\"><span style=\"color: #888888;\">CNN T\u00dcRK<\/span><\/p>\n","protected":false},"excerpt":{"rendered":"<p style=\"text-align: center;\">\n<p style=\"text-align: justify;\">Adalet Bakanl\u0131\u011f\u0131 M\u00fcste\u015far\u0131 ve Kurul \u00dcyesi gelmedi\u011fi i\u00e7in Hakimler ve Savc\u0131lar Y\u00fcksek Kurulu (HSYK) toplanamad\u0131; \u00fcyeler tutanak tuttu. Adalet Bakan\u0131 Sadullah Ergin, m\u00fcste\u015far\u0131n cenaze t\u00f6renine kat\u0131ld\u0131\u011f\u0131 i\u00e7in toplant\u0131ya kat\u0131lamad\u0131\u011f\u0131n\u0131 s\u00f6yledi. \u00d6\u011fleden sonra yap\u0131lan a\u00e7\u0131klamada ise, &#8220;Mazeret HSYK&#8217;ya bildirildi&#8221; denildi.<\/p>\n","protected":false},"author":1,"featured_media":0,"comment_status":"open","ping_status":"closed","sticky":false,"template":"","format":"standard","meta":{"footnotes":""},"categories":[105],"tags":[],"class_list":["post-20686","post","type-post","status-publish","format-standard","hentry","category-gundem","odd"],"_links":{"self":[{"href":"http:\/\/www.korhanyilmaz.com\/index.php?rest_route=\/wp\/v2\/posts\/20686","targetHints":{"allow":["GET"]}}],"collection":[{"href":"http:\/\/www.korhanyilmaz.com\/index.php?rest_route=\/wp\/v2\/posts"}],"about":[{"href":"http:\/\/www.korhanyilmaz.com\/index.php?rest_route=\/wp\/v2\/types\/post"}],"author":[{"embeddable":true,"href":"http:\/\/www.korhanyilmaz.com\/index.php?rest_route=\/wp\/v2\/users\/1"}],"replies":[{"embeddable":true,"href":"http:\/\/www.korhanyilmaz.com\/index.php?rest_route=%2Fwp%2Fv2%2Fcomments&post=20686"}],"version-history":[{"count":0,"href":"http:\/\/www.korhanyilmaz.com\/index.php?rest_route=\/wp\/v2\/posts\/20686\/revisions"}],"wp:attachment":[{"href":"http:\/\/www.korhanyilmaz.com\/index.php?rest_route=%2Fwp%2Fv2%2Fmedia&parent=20686"}],"wp:term":[{"taxonomy":"category","embeddable":true,"href":"http:\/\/www.korhanyilmaz.com\/index.php?rest_route=%2Fwp%2Fv2%2Fcategories&post=20686"},{"taxonomy":"post_tag","embeddable":true,"href":"http:\/\/www.korhanyilmaz.com\/index.php?rest_route=%2Fwp%2Fv2%2Ftags&post=20686"}],"curies":[{"name":"wp","href":"https:\/\/api.w.org\/{rel}","templated":true}]}}