{"id":2066,"date":"2008-10-22T16:11:12","date_gmt":"2008-10-22T13:11:12","guid":{"rendered":"http:\/\/www.korhanyilmaz.com\/?p=2066"},"modified":"2008-10-22T16:11:12","modified_gmt":"2008-10-22T13:11:12","slug":"uc-maymunun-galasi-yapildi","status":"publish","type":"post","link":"http:\/\/www.korhanyilmaz.com\/?p=2066","title":{"rendered":"\u00dc\u00e7 Maymun&#8217;un galas\u0131 yap\u0131ld\u0131"},"content":{"rendered":"<p style=\"text-align: center;\"><img loading=\"lazy\" decoding=\"async\" class=\"size-medium wp-image-2067 aligncenter\" title=\"'\u00dc\u00e7 Maymun'un galas\u0131 yap\u0131ld\u0131 \" src=\"http:\/\/www.korhanyilmaz.com\/wp-content\/uploads\/2008\/10\/fft5_mf61625-450x311.jpg\" alt=\"'\u00dc\u00e7 Maymun'un galas\u0131 yap\u0131ld\u0131 \" width=\"315\" height=\"218\" \/><\/p>\n<p style=\"text-align: justify;\">Y\u00f6netmenli\u011fini Nuri Bilge Ceylan&#8217;\u0131n yapt\u0131\u011f\u0131, Cannes Film Festivali&#8217;nde &#8216;En \u0130yi Y\u00f6netmen&#8217; \u00f6d\u00fcl\u00fc alan &#8216;\u00dc\u00e7 Maymun&#8217; filminin galas\u0131 yap\u0131ld\u0131.<\/p>\n<p style=\"text-align: justify;\">Y\u00f6netmenli\u011fini Nuri Bilge Ceylan&#8217;\u0131n yapt\u0131\u011f\u0131, 61. Uluslararas\u0131 Cannes Film Festivalinde &#8220;En \u0130yi Y\u00f6netmen&#8221; \u00f6d\u00fcl\u00fc alan &#8220;\u00dc\u00e7 Maymun&#8221; filminin galas\u0131 yap\u0131ld\u0131.<\/p>\n<p style=\"text-align: justify;\">Kanyon Al\u0131\u015fveri\u015f Merkezi Cinebonus Sinemalar\u0131ndaki galada gazetecilerin sorular\u0131n\u0131 yan\u0131tlayan Ceylan, &#8220;Cannes&#8217;da \u00f6d\u00fcle de\u011fer g\u00f6r\u00fclen film sizce neden Antalya Film Festivali&#8217;nde \u00f6d\u00fcl alamad\u0131?&#8221; \u015feklindeki soru \u00fczerine, &#8220;Bu, j\u00fcrinin takdiridir. Hepimiz buna sayg\u0131 duymal\u0131y\u0131z&#8221; dedi. Film hakk\u0131ndaki teknik bir ayr\u0131nt\u0131ya dikkati \u00e7ekmek istedi\u011fini vurgulayan Ceylan, &#8220;Film, T\u00fcrkiye&#8217;de ilk kez dijital olarak g\u00f6sterilecek. <!--more--><\/p>\n<p style=\"text-align: justify;\">15 salonda dijital, 42 salonda da normal g\u00f6sterimi yap\u0131lacak. Bu film ilk defa daha net,daha keskin, daha parlak, ses konusunda da daha iyi \u015fekilde izlenebilecek&#8221; diye konu\u015ftu. Ceylan, &#8220;Filmi ne kadar seyircinin izlemesini bekliyorsunuz?&#8221; \u015feklindeki soruya, negatif d\u00fc\u015f\u00fcnen bir insan oldu\u011fu i\u00e7in cevap vermek istemedi\u011fini s\u00f6yledi. &#8220;Filmi \u00f6d\u00fcl almak i\u00e7in mi \u00e7ektiniz?&#8221; sorusunu Ceylan, &#8220;Ben \u00f6d\u00fcl alaca\u011f\u0131m diye yola \u00e7\u0131kmad\u0131m. Onu d\u00fc\u015f\u00fcnerek yola \u00e7\u0131kmak anlams\u0131z. Zaten film \u00f6yle bir \u015fey ki meselenizle aran\u0131zda bir ili\u015fki kurars\u0131n\u0131z. Zaten onu ger\u00e7ek\u00e7i bir \u015fekilde ortaya koymak i\u00e7in \u00f6yle u\u011fra\u015f\u0131rs\u0131n\u0131z ki ba\u015fka bir \u015feye vakit kalmaz&#8221; \u015feklinde yan\u0131tlad\u0131. Ceylan, &#8220;Gelecekte ba\u015fka projeleriniz var m\u0131?&#8221; sorusuna da &#8220;Her y\u00f6netmen gibi benim de yeni film projelerim var&#8221; yan\u0131t\u0131n\u0131 verdi.<\/p>\n<p style=\"text-align: justify;\">OYUNCULARIN G\u00d6R\u00dc\u015eLER\u0130<\/p>\n<p style=\"text-align: justify;\">Filmin oyuncular\u0131ndan Yavuz Bing\u00f6l de filmin, orta halli bir ailenin ba\u015f\u0131ndan ge\u00e7en olaylar\u0131 anlatt\u0131\u011f\u0131n\u0131 kaydetti. Bing\u00f6l, bir gazetecinin, &#8220;Cannes&#8217;da \u00f6d\u00fcl alan filme Antalya&#8217;da neden<br \/>\n\u00f6d\u00fcl verilmedi sizce?&#8221; \u015feklindeki sorusu \u00fczerine, \u015f\u00f6yle konu\u015ftu: &#8220;Polemi\u011fi \u00e7ok seven bir insan de\u011filim. Hayat\u0131mda da hi\u00e7 b\u00f6yle \u015feylere girmedim. Zaten d\u00fc\u015f\u00fcncelerini de \u00e7ok a\u00e7\u0131k ifade eden biriyim. En iyi g\u00f6r\u00fcnt\u00fc y\u00f6netmeni, en iyi kurgu ve en iyi y\u00f6netmen \u00f6d\u00fclleri, bizim filmin hakk\u0131 olmal\u0131yd\u0131. Sinema oyuncusu olarak benim d\u00fc\u015f\u00fcncem bu. Ama her j\u00fcrinin kendi yorumu, de\u011ferlendirmesi var. J\u00fcrinin takdiridir. Diyecek fazla bir \u015fey yok.&#8221; Filmin oyuncular\u0131ndan Hatice Aslan ise rol\u00fc ald\u0131\u011f\u0131nda \u00e7ok<br \/>\nheyecanland\u0131\u011f\u0131n\u0131 ifade ederek, &#8220;\u0130lk sinema filmimdi ve bunu Nuri Bilge Ceylan ile yapmak bir onurdu&#8221; dedi. Role haz\u0131rlan\u0131rken 2,5 ay boyunca \u00e7ok da\u011f\u0131lmamaya \u00e7al\u0131\u015ft\u0131\u011f\u0131n\u0131 belirten Aslan, evden sete gidip geldi\u011fini, \u00e7\u00fcnk\u00fc ne olursa olsun bu tarz hallerde insan\u0131n<br \/>\nifadesinde de\u011fi\u015fiklikler olabildi\u011fini s\u00f6yledi. Canland\u0131rd\u0131\u011f\u0131 karakterin kendisine biraz ayk\u0131r\u0131 geldi\u011fini kaydeden Aslan,<br \/>\n&#8220;Hacer&#8217;in farkl\u0131 bir derinli\u011fi var. Benim kadar ne\u015feli biri de\u011fildi. O y\u00fczden onu ya\u015fatmak gerekiyordu. Kapanmak daha kolay geldi, role ge\u00e7i\u015f i\u00e7in onu yapmaya \u00e7al\u0131\u015ft\u0131m. Yani bir anlamda o d\u00f6nem olduk\u00e7a asosyaldim&#8221; \u015feklinde konu\u015ftu. Senaryosu Ebru Ceylan, Ercan Kesal ve Nuri Bilge Ceylan taraf\u0131ndan<br \/>\nyaz\u0131lan filmin galas\u0131na, G\u00fcneri Civao\u011flu, Erkan Can, y\u00f6netmenler Sinan \u00c7etin ve Dervi\u015f Zaim&#8217;in de aralar\u0131nda bulundu\u011fu \u00e7ok say\u0131da davetli kat\u0131ld\u0131.<\/p>\n<p style=\"text-align: justify;\">81. AKADEM\u0130 \u00d6D\u00dcLLER\u0130&#8217;NDE T\u00dcRK\u0130YE&#8217;Y\u0130 TEMS\u0130L EDECEK<br \/>\n81. Akademi \u00d6d\u00fcllerinde T\u00fcrkiye&#8217;yi temsil edecek film, Los Angeles&#8217;daki \u00f6d\u00fcllerde T\u00fcrkiye&#8217;ye &#8220;Yabanc\u0131 Film Oscar&#8221;\u0131n\u0131 getirmek i\u00e7in yar\u0131\u015facak. T\u00fcrkiye-Fransa-\u0130talya ortak yap\u0131m\u0131 film, 24 Ekim&#8217;de vizyona girecek. (aa)<\/p>\n","protected":false},"excerpt":{"rendered":"<p style=\"text-align: center;\">\n<p style=\"text-align: justify;\">Y\u00f6netmenli\u011fini Nuri Bilge Ceylan&#8217;\u0131n yapt\u0131\u011f\u0131, Cannes Film Festivali&#8217;nde &#8216;En \u0130yi Y\u00f6netmen&#8217; \u00f6d\u00fcl\u00fc alan &#8216;\u00dc\u00e7 Maymun&#8217; filminin galas\u0131 yap\u0131ld\u0131.<\/p>\n<p style=\"text-align: justify;\">Y\u00f6netmenli\u011fini Nuri Bilge Ceylan&#8217;\u0131n yapt\u0131\u011f\u0131, 61. Uluslararas\u0131 Cannes Film Festivalinde &#8220;En \u0130yi Y\u00f6netmen&#8221; \u00f6d\u00fcl\u00fc alan &#8220;\u00dc\u00e7 Maymun&#8221; filminin galas\u0131 yap\u0131ld\u0131.<\/p>\n<p style=\"text-align: justify;\">Kanyon Al\u0131\u015fveri\u015f Merkezi Cinebonus Sinemalar\u0131ndaki galada gazetecilerin sorular\u0131n\u0131 <\/p>\n","protected":false},"author":1,"featured_media":0,"comment_status":"open","ping_status":"open","sticky":false,"template":"","format":"standard","meta":{"footnotes":""},"categories":[8],"tags":[],"class_list":["post-2066","post","type-post","status-publish","format-standard","hentry","category-kultur-sanat","odd"],"_links":{"self":[{"href":"http:\/\/www.korhanyilmaz.com\/index.php?rest_route=\/wp\/v2\/posts\/2066","targetHints":{"allow":["GET"]}}],"collection":[{"href":"http:\/\/www.korhanyilmaz.com\/index.php?rest_route=\/wp\/v2\/posts"}],"about":[{"href":"http:\/\/www.korhanyilmaz.com\/index.php?rest_route=\/wp\/v2\/types\/post"}],"author":[{"embeddable":true,"href":"http:\/\/www.korhanyilmaz.com\/index.php?rest_route=\/wp\/v2\/users\/1"}],"replies":[{"embeddable":true,"href":"http:\/\/www.korhanyilmaz.com\/index.php?rest_route=%2Fwp%2Fv2%2Fcomments&post=2066"}],"version-history":[{"count":0,"href":"http:\/\/www.korhanyilmaz.com\/index.php?rest_route=\/wp\/v2\/posts\/2066\/revisions"}],"wp:attachment":[{"href":"http:\/\/www.korhanyilmaz.com\/index.php?rest_route=%2Fwp%2Fv2%2Fmedia&parent=2066"}],"wp:term":[{"taxonomy":"category","embeddable":true,"href":"http:\/\/www.korhanyilmaz.com\/index.php?rest_route=%2Fwp%2Fv2%2Fcategories&post=2066"},{"taxonomy":"post_tag","embeddable":true,"href":"http:\/\/www.korhanyilmaz.com\/index.php?rest_route=%2Fwp%2Fv2%2Ftags&post=2066"}],"curies":[{"name":"wp","href":"https:\/\/api.w.org\/{rel}","templated":true}]}}