{"id":20646,"date":"2010-03-22T08:15:59","date_gmt":"2010-03-22T06:15:59","guid":{"rendered":"http:\/\/www.korhanyilmaz.com\/?p=20646"},"modified":"2010-03-22T08:15:59","modified_gmt":"2010-03-22T06:15:59","slug":"anayasa-paketine-pazar-rotusu","status":"publish","type":"post","link":"http:\/\/www.korhanyilmaz.com\/?p=20646","title":{"rendered":"Anayasa paketine pazar r\u00f6tu\u015fu"},"content":{"rendered":"<p style=\"text-align: center;\"><a href=\"http:\/\/www.korhanyilmaz.com\/wp-content\/uploads\/2010\/03\/paket.jpg\"  class=\"lightview\"><img loading=\"lazy\" decoding=\"async\" class=\"aligncenter size-full wp-image-20647\" src=\"http:\/\/www.korhanyilmaz.com\/wp-content\/uploads\/2010\/03\/paket.jpg\" alt=\"\" width=\"329\" height=\"210\" \/><\/a><\/p>\n<p style=\"text-align: justify;\">Ba\u015fbakan, kurmaylar\u0131yla siyasi partilere sunulacak Anayasa paketi \u00fczerinde d\u00fcn son kez \u00e7al\u0131\u015ft\u0131<\/p>\n<p style=\"text-align: justify;\">Bug\u00fcn yap\u0131lacak turun ard\u0131ndan MYK toplanacak ve yol haritas\u0131 belirlenecek&#8230;<\/p>\n<p style=\"text-align: justify;\">Anayasa de\u011fi\u015fiklik paketi \u00fczerindeki son r\u00f6tu\u015f d\u00fcn yap\u0131ld\u0131. Sanat\u00e7\u0131larla Cumartesi g\u00fcn\u00fc \u0130stanbul\u2019da biraraya gelen Ba\u015fbakan Erdo\u011fan, d\u00fcn \u00f6\u011fleden sonra s\u00fcrpriz bir \u015fekilde Ankara\u2019ya geldi. Erdo\u011fan, havaalan\u0131ndan AK Parti\u2019ye gitti. Erdo\u011fan partide, sabahtan beri toplant\u0131 yapan baz\u0131 bakan ve kurmaylar\u0131yla biraraya geldi. <!--more--><\/p>\n<p style=\"text-align: justify;\">Adalet Bakan\u0131 Sadullah Ergin, \u0130\u00e7i\u015fleri Bakan\u0131 Be\u015fir Atalay, Ba\u015fbakan Yard\u0131mc\u0131s\u0131 Cemil \u00c7i\u00e7ek, AK Parti Grup Ba\u015fkanvekili Bekir Bozda\u011f ve partinin hukuk\u00e7u ismi, Genel Ba\u015fkan Yard\u0131mc\u0131s\u0131 Haluk \u0130pek, Erdo\u011fan\u2019la birlikte Anayasa de\u011fi\u015fiklik paketi \u00fczerinde \u00e7al\u0131\u015ft\u0131. Yakla\u015f\u0131k 2.5 saat s\u00fcren toplant\u0131da bug\u00fcn partilerin yan\u0131s\u0131ra medya ve baz\u0131 sivil toplum kurulu\u015flar\u0131na da sunulacak olan ve 2\u2019si ge\u00e7ici olmak \u00fczere toplam 24 madde oldu\u011fu belirtilen Anayasa de\u011fi\u015fiklik paketine son \u015fekli verildi. Erdo\u011fan, AK Parti\u2019den ayr\u0131ld\u0131ktan sonra Ba\u015fbakanl\u0131k Konutu\u2019na gitti. Sadullah Ergin ile Be\u015fir Atalay da bir s\u00fcre sonra Ba\u015fbakanl\u0131k Konutu\u2019na gittiler. Burada da Anayasa paketi \u00fczerinde konu\u015fuldu\u011fu ifade edildi.<\/p>\n<p style=\"text-align: justify;\"><strong>Detaylar\u0131 payla\u015faca\u011f\u0131z <\/strong><\/p>\n<p style=\"text-align: justify;\">AK Parti Adana Milletvekili \u00d6mer \u00c7elik, Ba\u015fbakan Erdo\u011fan\u2019\u0131n ba\u015fkanl\u0131\u011f\u0131nda, Anayasa de\u011fi\u015fikli\u011fi paketine ili\u015fkin yap\u0131lan toplant\u0131 sonras\u0131nda parti genel merkezinden ayr\u0131l\u0131rken bas\u0131n mensuplar\u0131n\u0131n sorusu \u00fczerine, \u201cYar\u0131n (bug\u00fcn) muhalefet partilerine tasla\u011f\u0131 sunduktan sonra detaylar\u0131 sizinle payla\u015faca\u011f\u0131z\u201d dedi.<\/p>\n<p style=\"text-align: justify;\">Erdo\u011fan\u2019\u0131n uygun g\u00f6rd\u00fc\u011f\u00fc y\u00f6ntem \u00e7er\u00e7evesinde AK Parti Grup Ba\u015fkanvekili Bekir Bozda\u011f, CHP, MHP, BDP ve DSP\u2019den Pazartesi g\u00fcn\u00fc i\u00e7in randevu talep etmi\u015fti. D\u00f6rt parti de AK Parti\u2019nin anayasa paketi i\u00e7in g\u00f6r\u00fc\u015fme talebine \u201dolumlu\u201c yan\u0131t vermi\u015fti.<\/p>\n<p style=\"text-align: justify;\"><strong>Bug\u00fcn nezaket ziyareti <\/strong><\/p>\n<p style=\"text-align: justify;\">Kulislerde bug\u00fcnk\u00fc ilk g\u00f6r\u00fc\u015fmede sadece \u201cnezaket ziyaretinde\u201d bulunulaca\u011f\u0131, muhalefetin \u00f6neri paketine ili\u015fkin tavr\u0131n\u0131n netle\u015fmesi i\u00e7in h\u00fck\u00fcmetin 3 g\u00fcn bekleyece\u011fi ifade edildi.<\/p>\n<p style=\"text-align: justify;\">Yine kulislerde tart\u0131\u015fmal\u0131 konular olan yarg\u0131 ile ilgili maddelerde muhalefetin tavr\u0131na g\u00f6re de\u011fi\u015fiklik yap\u0131labilece\u011fi, muhalefetin katk\u0131 vermesi durumunda paketin geni\u015fletilebilece\u011fi de dillendirildi. AK Parti kurmaylar\u0131, muhalefete sunacaklar\u0131 \u00f6nerinin bir taslak oldu\u011funu vurgulayarak, \u201cEksi\u011fi, ilave edilmesi, d\u00fczeltilmesi gereken konular olabilir. B\u00fct\u00fcn bunlar hem siyasi partilerimizden, hem de kamuoyundan gelecek ele\u015ftiriler, \u00f6neriler do\u011frultusunda yeniden de\u011ferlendirilecek\u201d dedi. AK Parti de\u011fi\u015fiklik paketini bu ay sonunda Meclis\u2019e teklif olarak sunmay\u0131 \u00f6ng\u00f6r\u00fcyor.<\/p>\n<p style=\"text-align: justify;\"><strong>MYK toplanacak <\/strong><\/p>\n<p style=\"text-align: justify;\">Anayasa de\u011fi\u015fiklik paketine ili\u015fkin bug\u00fcn yap\u0131lacak muhalefet turunun ard\u0131ndan, AK Parti\u2019de Ba\u015fbakan Erdo\u011fan ba\u015fkanl\u0131\u011f\u0131nda MYK toplanacak. MYK\u2019da Anayasa de\u011fi\u015fiklik paketine ili\u015fkin izlenecek yol haritas\u0131 ve takvimin ele al\u0131nmas\u0131 bekleniyor.<\/p>\n<p style=\"text-align: justify;\"><strong>AYM\u2019nin yap\u0131s\u0131 de\u011fi\u015fiyor mu? <\/strong><\/p>\n<p style=\"text-align: justify;\">Ba\u015fbakan\u2019\u0131n d\u00fcn kurmaylar\u0131yla yapt\u0131\u011f\u0131 toplant\u0131da son \u015fekli verilen Anayasa de\u011fi\u015fiklik paketine, Anayasa Mahkemesi\u2019nin yap\u0131s\u0131n\u0131n de\u011fi\u015ftirilmesine ili\u015fkin maddenin de konuldu\u011fu kulislerde belirtildi. AK Parti\u2019nin taslakla ilgili ilk \u00e7al\u0131\u015fmas\u0131nda Anayasa Mahkemesi\u2019nin yap\u0131s\u0131n\u0131n de\u011fi\u015ftirilmesi de yer al\u0131yordu. Ancak muhalefet ve yarg\u0131 \u00e7evrelerinden gelen tepkiler \u00fczerine AK Parti\u2019nin bu d\u00fczenlemeyi paketten \u00e7\u0131kard\u0131\u011f\u0131 \u00f6ne s\u00fcr\u00fclm\u00fc\u015ft\u00fc. Ancak d\u00fcn kulislerde bu maddenin yeniden tasla\u011fa monte edildi\u011fi belirtildi. Buna g\u00f6re Anayasa Mahkemesi\u2019nin \u00fcye say\u0131s\u0131 \u00fcye say\u0131s\u0131 11\u2019den 17\u2019ye \u00e7\u0131kar\u0131lacak. \u0130ki daire olu\u015fturulacak, yedek \u00fcyelik sistemi kalkacak.<\/p>\n<p style=\"text-align: justify;\">Vatanda\u015flar, insan haklar\u0131 ihlalleri konusunda mahkemeye ki\u015fisel ba\u015fvuru yapabilecek.<\/p>\n<p style=\"text-align: justify;\"><strong>Y\u00fcce Divan\u2019a temyiz yolu <\/strong><\/p>\n<p style=\"text-align: justify;\">Ba\u015fbakan ve bakanlar\u0131n yarg\u0131land\u0131\u011f\u0131 Y\u00fcce Divan kararlar\u0131 temyiz edilebilecek. Y\u00fcce Divan yetkisi yine iki daireye ayr\u0131lacak olan Y\u00fcksek Mahkeme\u2019de olacak. Dairelerden birisi Y\u00fcce Divan yetkisini kullanacak. Burada al\u0131nan kararlara y\u00f6nelik temyiz ba\u015fvurusuna, iki dairenin birle\u015fiminden olu\u015facak kurul bakacak. \u0130ktidar partisinin haz\u0131rlad\u0131\u011f\u0131 Anayasa de\u011fi\u015fikli\u011fi paketinde HSYK\u2019n\u0131n yap\u0131s\u0131n\u0131n de\u011fi\u015ftirilmesi, parti kapatman\u0131n zorla\u015ft\u0131r\u0131lmas\u0131, Y\u00fcksek Askeri \u015eura kararlar\u0131n\u0131n ve kamu g\u00f6revlerine verilen disiplin cezalar\u0131n\u0131n yarg\u0131 denetimine girmesi gibi maddeler bulunuyor.<\/p>\n<p style=\"text-align: justify;\"><strong>\u0130kinci s\u00fcrpriz ne? <\/strong><\/p>\n<p style=\"text-align: justify;\">Anayasa de\u011fi\u015fikli\u011fi paketinde \u201ciki s\u00fcpriz\u201d yer alaca\u011f\u0131 ifade edilmi\u015fti. Bunlardan birinin 12 Eyl\u00fcl darbecilerine yarg\u0131 yolunu a\u00e7an ge\u00e7ici 15. madde oldu\u011fu ortaya \u00e7\u0131km\u0131\u015ft\u0131. Kulislerde di\u011fer s\u00fcpriz olarak pakette yer alabilecek d\u00fczenlemeler ise \u015f\u00f6yle dillendirildi: Dokunulmazl\u0131klar, Y\u00fcce Divan kararlar\u0131na temyiz yolu a\u00e7\u0131lmas\u0131, Anayasa Mahkemesi\u2019nin yap\u0131s\u0131n\u0131n de\u011fi\u015ftirilmesi, T\u00fcrkiye milletvekilli\u011fi sisteminin getirilmesi ve memurlara grevli ve toplu s\u00f6zle\u015fmeli sendika hakk\u0131n\u0131n, detaylar\u0131 yasa ile d\u00fczenlenmek \u00fczere Anayasa\u2019ya monte edilmesi.<\/p>\n<p style=\"text-align: justify;\"><span style=\"color: #888888;\">Vatan<\/span><\/p>\n","protected":false},"excerpt":{"rendered":"<p style=\"text-align: center;\">\n<p style=\"text-align: justify;\">Ba\u015fbakan, kurmaylar\u0131yla siyasi partilere sunulacak Anayasa paketi \u00fczerinde d\u00fcn son kez \u00e7al\u0131\u015ft\u0131<\/p>\n<p style=\"text-align: justify;\">Bug\u00fcn yap\u0131lacak turun ard\u0131ndan MYK toplanacak ve yol haritas\u0131 belirlenecek&#8230;<\/p>\n<p style=\"text-align: justify;\">Anayasa de\u011fi\u015fiklik paketi \u00fczerindeki son r\u00f6tu\u015f d\u00fcn yap\u0131ld\u0131. Sanat\u00e7\u0131larla Cumartesi g\u00fcn\u00fc \u0130stanbul\u2019da biraraya gelen Ba\u015fbakan Erdo\u011fan, d\u00fcn \u00f6\u011fleden sonra s\u00fcrpriz bir \u015fekilde Ankara\u2019ya geldi. <\/p>\n","protected":false},"author":1,"featured_media":0,"comment_status":"open","ping_status":"closed","sticky":false,"template":"","format":"standard","meta":{"footnotes":""},"categories":[105],"tags":[],"class_list":["post-20646","post","type-post","status-publish","format-standard","hentry","category-gundem","odd"],"_links":{"self":[{"href":"http:\/\/www.korhanyilmaz.com\/index.php?rest_route=\/wp\/v2\/posts\/20646","targetHints":{"allow":["GET"]}}],"collection":[{"href":"http:\/\/www.korhanyilmaz.com\/index.php?rest_route=\/wp\/v2\/posts"}],"about":[{"href":"http:\/\/www.korhanyilmaz.com\/index.php?rest_route=\/wp\/v2\/types\/post"}],"author":[{"embeddable":true,"href":"http:\/\/www.korhanyilmaz.com\/index.php?rest_route=\/wp\/v2\/users\/1"}],"replies":[{"embeddable":true,"href":"http:\/\/www.korhanyilmaz.com\/index.php?rest_route=%2Fwp%2Fv2%2Fcomments&post=20646"}],"version-history":[{"count":0,"href":"http:\/\/www.korhanyilmaz.com\/index.php?rest_route=\/wp\/v2\/posts\/20646\/revisions"}],"wp:attachment":[{"href":"http:\/\/www.korhanyilmaz.com\/index.php?rest_route=%2Fwp%2Fv2%2Fmedia&parent=20646"}],"wp:term":[{"taxonomy":"category","embeddable":true,"href":"http:\/\/www.korhanyilmaz.com\/index.php?rest_route=%2Fwp%2Fv2%2Fcategories&post=20646"},{"taxonomy":"post_tag","embeddable":true,"href":"http:\/\/www.korhanyilmaz.com\/index.php?rest_route=%2Fwp%2Fv2%2Ftags&post=20646"}],"curies":[{"name":"wp","href":"https:\/\/api.w.org\/{rel}","templated":true}]}}