{"id":20634,"date":"2010-03-21T12:50:45","date_gmt":"2010-03-21T10:50:45","guid":{"rendered":"http:\/\/www.korhanyilmaz.com\/?p=20634"},"modified":"2010-03-21T12:50:45","modified_gmt":"2010-03-21T10:50:45","slug":"erdogan-ergenekonu-2003te-ogrendi","status":"publish","type":"post","link":"http:\/\/www.korhanyilmaz.com\/?p=20634","title":{"rendered":"Erdo\u011fan, Ergenekon&#039;u 2003&#039;te \u00f6\u011frendi"},"content":{"rendered":"<p style=\"text-align: center;\"><a href=\"http:\/\/www.korhanyilmaz.com\/wp-content\/uploads\/2010\/03\/BELGE.jpg\"  class=\"lightview\"><img loading=\"lazy\" decoding=\"async\" class=\"aligncenter size-full wp-image-20635\" src=\"http:\/\/www.korhanyilmaz.com\/wp-content\/uploads\/2010\/03\/BELGE.jpg\" alt=\"\" width=\"329\" height=\"210\" \/><\/a><\/p>\n<p style=\"text-align: justify;\">Ak\u015fam gazetesi k\u00f6\u015fe yazar\u0131 \u00d6zlem Akarsu \u00c7elik, Ba\u015fbakan Recep Tayyip Erdo\u011fan&#8217;\u0131n Ergenekon&#8217;u 2003&#8217;te \u00f6\u011frendi\u011fini belgeleriyle ortaya koydu.<\/p>\n<p style=\"text-align: justify;\"><span style=\"text-decoration: underline;\">\u0130\u015fte \u00f6zlem Akarsu \u00c7elik&#8217;in o \u00e7arp\u0131c\u0131 yaz\u0131s\u0131: <\/span><\/p>\n<p style=\"text-align: justify;\">\u00c7ok konu\u015fuldu, \u00e7ok yaz\u0131ld\u0131. Ba\u015fbakan Erdo\u011fan kimi zaman &#8216;Baz\u0131 duyumlar\u0131m\u0131z vard\u0131&#8217; dese de ne zaman \u00f6\u011frendi\u011finin belgesini g\u00f6ren yoktu.<\/p>\n<p style=\"text-align: justify;\">\u0130\u015fte Savc\u0131 Zekeriya \u00d6z imzal\u0131 bu yaz\u0131 Ba\u015fbakan Erdo\u011fan\u2019\u0131n Ergenekon&#8217;u 2003 tarihinde \u00f6\u011frendi\u011finin kan\u0131t\u0131d\u0131r. <!--more--><\/p>\n<p style=\"text-align: justify;\">\u0130lk kez yay\u0131mlanan bu belgeye g\u00f6re Ba\u015fbakan&#8217;\u0131 bilgilendiren M\u0130T olmu\u015f.Savc\u0131 Zekeriya \u00d6z&#8217;\u00fcn Ba\u015fbakanl\u0131k M\u00fcste\u015farl\u0131\u011f\u0131&#8217;na &#8216;G\u0130ZL\u0130 ve \u00c7OK ACELE&#8217; ibareleriyle yazd\u0131\u011f\u0131 20 Haziran 2008 tarihli belge aynen \u015f\u00f6yle: Cumhuriyet Ba\u015fsavc\u0131l\u0131\u011f\u0131m\u0131zca y\u00fcr\u00fct\u00fclmekte olan Ergenekon ter\u00f6r \u00f6rg\u00fct\u00fc ile alakal\u0131 olarak y\u00fcr\u00fct\u00fclen soru\u015fturmada M\u0130T M\u00fcste\u015farl\u0131\u011f\u0131&#8217;na Cumhuriyet Ba\u015fsavc\u0131l\u0131\u011f\u0131m\u0131zca yaz\u0131lan yaz\u0131ya verilen 09.05.2008 tarihli cevabi yaz\u0131da; Ergenekon yap\u0131lanmas\u0131 ile alakal\u0131 olarak yap\u0131lan \u00e7al\u0131\u015fmalar\u0131n 19.11.2003 tarihinde Sn. BA\u015eBAKAN&#8217;A sunuldu\u011fu belirtilmi\u015f olup, konu ile alakal\u0131 olarak y\u00fcksek makam\u0131n\u0131za sunulan rapor ve belgelerin soru\u015fturmam\u0131z\u0131n ayd\u0131nlat\u0131lmas\u0131 a\u00e7\u0131s\u0131ndan uygun g\u00f6r\u00fcld\u00fc\u011f\u00fc takdirde dosyam\u0131za konulmak \u00fczere g\u00f6nderilmesi, Arz olunur.<\/p>\n<p style=\"text-align: justify;\">***<\/p>\n<p style=\"text-align: justify;\">\u0130lk akla gelen sorular \u015funlar&#8230;<\/p>\n<p style=\"text-align: justify;\">M\u0130T&#8217;in, Ergenekon\u2019dan ne zaman haberi oldu?<\/p>\n<p style=\"text-align: justify;\">Daha \u00f6nce, bilgilerin<\/p>\n<p style=\"text-align: justify;\">Genelkurmay&#8217;a da iletildi\u011fi s\u00f6ylenmi\u015fti ama <strong>Genelkurmay ar\u015fivlerinde<\/strong> bu bilgilerin olmamas\u0131 nas\u0131l a\u00e7\u0131klanabilir?<\/p>\n<p style=\"text-align: justify;\">Bug\u00fcn <strong>Ergenekon<\/strong> kapsam\u0131nda soru\u015fturulan d\u00f6neme ve tarihlere bir bak\u0131n. 5-7 Mart 2003&#8217;te Selimiye K\u0131\u015flas\u0131&#8217;nda yap\u0131lan Balyoz Harekat<\/p>\n<p style=\"text-align: justify;\">Plan\u0131&#8230;<\/p>\n<p style=\"text-align: justify;\">Erdo\u011fan 15 Mart 2003&#8217;te Ba\u015fbakanl\u0131k koltu\u011funa oturdu ve <strong>M\u0130T<\/strong> 8 ay sonra Ba\u015fbakan&#8217;a Ergenekon&#8217;un belgelerini g\u00f6nderdi.<\/p>\n<p style=\"text-align: justify;\">Yani o tarihte Ba\u015fbakan olanlardan haberdard\u0131. Peki neden o g\u00fcn hareketege\u00e7ilmedi?<\/p>\n<p style=\"text-align: justify;\">Ergenekon soru\u015fturmas\u0131n\u0131 ba\u015flatan olay, 12 Haziran 2007&#8217;de \u00dcmraniye&#8217;de ele ge\u00e7irilen el bombalar\u0131yd\u0131. Yani T\u00fcrkiye Ergenekon&#8217;u Ba\u015fbakan&#8217;dan d\u00f6rt y\u0131l sonra \u00f6\u011frendi.<\/p>\n<p style=\"text-align: justify;\">Birileri <strong>Savc\u0131 Zekeriya \u00d6z<\/strong> imzal\u0131 belgedeki baz\u0131 ayr\u0131nt\u0131lara tak\u0131labilir.<\/p>\n<p style=\"text-align: justify;\">\u00d6rne\u011fin iki yerde, b\u00fcy\u00fck harflerle &#8216;<strong>Sn. BA\u015eBAKAN&#8217;A<\/strong>&#8216; yaz\u0131lmas\u0131 ve bir Cumhuriyet savc\u0131s\u0131n\u0131n Ba\u015fbakanl\u0131k&#8217;tan Ergenekon belgelerini isterken &#8216;<strong>uygun g\u00f6r\u00fcld\u00fc\u011f\u00fc takdirde<\/strong>&#8216; ifadesini kullanmas\u0131 gibi&#8230;<\/p>\n<p style=\"text-align: justify;\"><strong>BA\u015eBAKAN ERGENEKON&#8217;U S\u0130NAGOG SALDIRILARIYLA MI \u00d6\u011eREND\u0130?<\/strong><\/p>\n<p style=\"text-align: justify;\">Balyoz soru\u015fturmas\u0131 kapsam\u0131nda tutuklanan Eski 1\u2019inci Ordu Komutan\u0131 Emekli Org. \u00c7etin Do\u011fan&#8217;a birka\u00e7 g\u00fcn \u00f6nce savc\u0131 15 Kas\u0131m 2003&#8217;te yap\u0131lan sinagog sald\u0131r\u0131lar\u0131yla bir ilgisi olup olmad\u0131\u011f\u0131n\u0131 sordu.<\/p>\n<p style=\"text-align: justify;\">15-20 Kas\u0131m 2003&#8217;teki d\u00f6rt sald\u0131r\u0131da 57 vatanda\u015f\u0131m\u0131z hayat\u0131n\u0131 kaybetti, y\u00fczlerce ki\u015fi yaraland\u0131.<\/p>\n<p style=\"text-align: justify;\">Peki bu kanl\u0131 sald\u0131r\u0131lar \u00c7etin Do\u011fan&#8217;a neden soruldu? Bunun yan\u0131t\u0131 belgedeki tarihlerde gizli&#8230;<\/p>\n<p style=\"text-align: justify;\">Belgeye g\u00f6re M\u0130T, Ergenekon ile ilgili bilgileri Ba\u015fbakan&#8217;a 19 Kas\u0131m 2003&#8217;te yani sinagog sald\u0131r\u0131lar\u0131ndan sadece 4 g\u00fcn sonra g\u00f6nderdi&#8230;<\/p>\n<p style=\"text-align: justify;\">Ba\u015fbakan M\u0130T&#8217;ten bilgi almadan bir g\u00fcn \u00f6nce 18 Kas\u0131m 2003\u2019te Meclis\u2019te \u015funlar\u0131 s\u00f6ylemi\u015fti:<\/p>\n<p style=\"text-align: justify;\">&#8216;<strong>Devletimize ya da h\u00fck\u00fcmetimize ter\u00f6r yoluyla verilmek istenen bir mesaj varsa, o mesaj\u0131 elimin tersiyle itti\u011fimi ve ayaklar\u0131m\u0131n alt\u0131na ald\u0131\u011f\u0131m\u0131 buradan t\u00fcm d\u00fcnyaya hayk\u0131r\u0131yorum. T\u00fcrkiye Cumhuriyeti devletine ve h\u00fck\u00fcmetine ter\u00f6r yoluyla verilecek mesaj yoktur!<\/strong>&#8216;<\/p>\n<p style=\"text-align: justify;\">Ba\u015fbakan sinagog sald\u0131r\u0131lar\u0131n\u0131n Ergenekon&#8217;la ba\u011flant\u0131s\u0131 y\u00f6n\u00fcnde bir ihbar ald\u0131\u011f\u0131 i\u00e7in mi M\u0130T&#8217;ten bilgi istedi mi?<\/p>\n<p style=\"text-align: justify;\">Ba\u015fbakan M\u0130T&#8217;ten bilgi ald\u0131ktan bir g\u00fcn sonra, 20 Kas\u0131m 2003&#8217;te bu kez \u0130ngiliz Konsoloslu\u011fu ile HSBC&#8217;ye sald\u0131r\u0131ld\u0131.<\/p>\n<p style=\"text-align: justify;\">Ba\u015fbakan Erdo\u011fan 2 Aral\u0131k 2003&#8217;te yine Meclis&#8217;te \u015f\u00f6yle konu\u015ftu: &#8216;<strong>Siyasi kararl\u0131l\u0131\u011f\u0131m\u0131z\u0131 \u00f6rselemek isteyen veya isteme gayreti i\u00e7inde olanlar ne yapt\u0131klar\u0131n\u0131 iyi d\u00fc\u015f\u00fcnmelidirler. Vakti saati geldi\u011finde onlarla da ayr\u0131ca demokrasi \u00e7er\u00e7evesi i\u00e7inde bunlar\u0131n da hesapla\u015fmas\u0131n\u0131 gayet iyi yapar\u0131z. Bunun da belgesi, bilgisi, delilleri, her \u015feyi elimizdedir.<\/strong>&#8216;<\/p>\n<p style=\"text-align: justify;\">Ba\u015fbakan\u2019\u0131n &#8216;belgesi elimizde&#8217; dedi\u011fi Ergenekon \u00f6rg\u00fct\u00fcn\u00fcn belgeleri miydi?<\/p>\n<p style=\"text-align: justify;\">Son olarak muhalefetin ispata muhta\u00e7, ciddi iddias\u0131n\u0131 hat\u0131rlayal\u0131m;muhalefet iktidar\u0131n Ergenekon&#8217;la ilgili d\u00fc\u011fmeye basmadan \u00f6nce gerekli yasal alt yap\u0131y\u0131 olu\u015fturdu\u011funu \u00f6ne s\u00fcr\u00fcyor.<\/p>\n<p style=\"text-align: justify;\">Buna da Ergenekon iddianamesinin bel kemi\u011fini olu\u015fturan gizli tan\u0131k ifadelerinin dayana\u011f\u0131 2007 tarihli Tan\u0131k Koruma Kanunu ile telefon dinlemelerinin dayana\u011f\u0131 olan ve 2006&#8217;da faaliyete ge\u00e7en Telekom\u00fcnikasyon \u0130leti\u015fim Ba\u015fkanl\u0131\u011f\u0131 g\u00f6steriliyor.<\/p>\n<p style=\"text-align: justify;\">Bir de 2004 y\u0131l\u0131 sonunda yasala\u015fan yeni Ceza Muhakemesi Kanunu&#8230;<\/p>\n<p style=\"text-align: justify;\">Tart\u0131\u015fmalar bu belgeyle daha da alevlenece\u011fe benziyor.<\/p>\n<p style=\"text-align: justify;\"><a href=\"http:\/\/www.korhanyilmaz.com\/wp-content\/uploads\/2010\/03\/0011.jpg\"  class=\"lightview\"><img loading=\"lazy\" decoding=\"async\" class=\"aligncenter size-full wp-image-20636\" src=\"http:\/\/www.korhanyilmaz.com\/wp-content\/uploads\/2010\/03\/0011.jpg\" alt=\"\" width=\"300\" height=\"370\" \/><\/a><\/p>\n<p style=\"text-align: justify;\"><a href=\"http:\/\/www.korhanyilmaz.com\/wp-content\/uploads\/2010\/03\/002.jpg\"  class=\"lightview\"><img loading=\"lazy\" decoding=\"async\" class=\"aligncenter size-full wp-image-20637\" src=\"http:\/\/www.korhanyilmaz.com\/wp-content\/uploads\/2010\/03\/002.jpg\" alt=\"\" width=\"300\" height=\"375\" \/><\/a><span style=\"color: #888888;\">Kaynak : Vatan<\/span><\/p>\n","protected":false},"excerpt":{"rendered":"<p style=\"text-align: center;\">\n<p style=\"text-align: justify;\">Ak\u015fam gazetesi k\u00f6\u015fe yazar\u0131 \u00d6zlem Akarsu \u00c7elik, Ba\u015fbakan Recep Tayyip Erdo\u011fan&#8217;\u0131n Ergenekon&#8217;u 2003&#8217;te \u00f6\u011frendi\u011fini belgeleriyle ortaya koydu.<\/p>\n<p style=\"text-align: justify;\">\u0130\u015fte \u00f6zlem Akarsu \u00c7elik&#8217;in o \u00e7arp\u0131c\u0131 yaz\u0131s\u0131: <\/p>\n<p style=\"text-align: justify;\">\u00c7ok konu\u015fuldu, \u00e7ok yaz\u0131ld\u0131. Ba\u015fbakan Erdo\u011fan kimi zaman &#8216;Baz\u0131 duyumlar\u0131m\u0131z vard\u0131&#8217; dese de ne zaman \u00f6\u011frendi\u011finin belgesini g\u00f6ren yoktu.<\/p>\n<p style=\"text-align:  \n\n","protected":false},"author":1,"featured_media":0,"comment_status":"open","ping_status":"closed","sticky":false,"template":"","format":"standard","meta":{"footnotes":""},"categories":[105],"tags":[],"class_list":["post-20634","post","type-post","status-publish","format-standard","hentry","category-gundem","odd"],"_links":{"self":[{"href":"http:\/\/www.korhanyilmaz.com\/index.php?rest_route=\/wp\/v2\/posts\/20634","targetHints":{"allow":["GET"]}}],"collection":[{"href":"http:\/\/www.korhanyilmaz.com\/index.php?rest_route=\/wp\/v2\/posts"}],"about":[{"href":"http:\/\/www.korhanyilmaz.com\/index.php?rest_route=\/wp\/v2\/types\/post"}],"author":[{"embeddable":true,"href":"http:\/\/www.korhanyilmaz.com\/index.php?rest_route=\/wp\/v2\/users\/1"}],"replies":[{"embeddable":true,"href":"http:\/\/www.korhanyilmaz.com\/index.php?rest_route=%2Fwp%2Fv2%2Fcomments&post=20634"}],"version-history":[{"count":0,"href":"http:\/\/www.korhanyilmaz.com\/index.php?rest_route=\/wp\/v2\/posts\/20634\/revisions"}],"wp:attachment":[{"href":"http:\/\/www.korhanyilmaz.com\/index.php?rest_route=%2Fwp%2Fv2%2Fmedia&parent=20634"}],"wp:term":[{"taxonomy":"category","embeddable":true,"href":"http:\/\/www.korhanyilmaz.com\/index.php?rest_route=%2Fwp%2Fv2%2Fcategories&post=20634"},{"taxonomy":"post_tag","embeddable":true,"href":"http:\/\/www.korhanyilmaz.com\/index.php?rest_route=%2Fwp%2Fv2%2Ftags&post=20634"}],"curies":[{"name":"wp","href":"https:\/\/api.w.org\/{rel}","templated":true}]}}