{"id":20625,"date":"2010-03-21T08:51:00","date_gmt":"2010-03-21T06:51:00","guid":{"rendered":"http:\/\/www.korhanyilmaz.com\/?p=20625"},"modified":"2010-03-21T08:51:00","modified_gmt":"2010-03-21T06:51:00","slug":"basbug-saldiray-berke-neden-kefil-olduk","status":"publish","type":"post","link":"http:\/\/www.korhanyilmaz.com\/?p=20625","title":{"rendered":"Ba\u015fbu\u011f: &#039;&#039;Sald\u0131ray Berk&#039;e neden kefil olduk?&#039;&#039;"},"content":{"rendered":"<p style=\"text-align: center;\">\n<p style=\"text-align: center;\"><a href=\"http:\/\/www.korhanyilmaz.com\/wp-content\/uploads\/2010\/03\/mengi1.jpg\"  class=\"lightview\"><img loading=\"lazy\" decoding=\"async\" class=\"aligncenter size-full wp-image-20627\" title=\"mengi1\" src=\"http:\/\/www.korhanyilmaz.com\/wp-content\/uploads\/2010\/03\/mengi1.jpg\" alt=\"\" width=\"329\" height=\"210\" \/><\/a><\/p>\n<p style=\"text-align: justify;\">\u0130ddianamedeki 3 iddiay\u0131 inceledik Sald\u0131ray Berk\u2019e \u00f6yle kefil olduk!<\/p>\n<p style=\"text-align: justify;\">Orgeneral \u0130lker Ba\u015fbu\u011f, Ruhat Mengi\u2019ye verdi\u011fi r\u00f6portajda Erzincan davas\u0131n\u0131n san\u0131\u011f\u0131 3\u2019\u00fcnc\u00fc Ordu Komutan\u0131 Sald\u0131ray Berk\u2019e ni\u00e7in destek verdiklerinden \u2019kozmik odalar\u2019daki aramalara, el bombas\u0131 y\u00fckl\u00fc kamyondan \u2019Balyoz\u2019 iddialar\u0131na g\u00fcndemi sarsan olaylarla ilgili \u00e7arp\u0131c\u0131 a\u00e7\u0131klamalarda bulundu&#8230; <!--more--><\/p>\n<p style=\"text-align: justify;\"><strong>Kararg\u00e2h\u2019tan bak\u0131nca&#8230;<\/strong><\/p>\n<p style=\"text-align: justify;\">\u201cErgenekon soru\u015fturmas\u0131 kapsam\u0131ndaki geli\u015fmelerle ve bu s\u00fcre\u00e7te yap\u0131lan konu\u015fmalarla ilgili olarak haftalard\u0131r k\u00f6\u015femde ve pazar g\u00fcnleri yay\u0131nlanan \u201dHer A\u00e7\u0131dan\u201d isimli program\u0131mda Genelkurmay Ba\u015fkan\u0131 \u0130lker Ba\u015fbu\u011f\u2019a \u00e7e\u015fitli sorular\u0131 \u0131srarla sormak, onun ve kendisinden \u00f6nceki genelkurmay ba\u015fkanlar\u0131n\u0131n birlikte olaylara a\u00e7\u0131kl\u0131k getirebilece\u011fini \u00f6ne s\u00fcrmekteydim. 14 Mart Pazar g\u00fcn\u00fc program\u0131mda ayn\u0131 sorular\u0131 tekrarlad\u0131ktan sonra Orgeneral \u0130lker Ba\u015fbu\u011f, sizlerin de cevab\u0131n\u0131 merak etti\u011fi bir\u00e7ok soruya cevap vermeyi kabul ederek beni davet etti.<\/p>\n<p style=\"text-align: justify;\">19 Mart Cuma g\u00fcn\u00fc Ankara\u2019ya giderek Karargah\u2019ta kendisiyle hem ilk TV r\u00f6portaj\u0131n\u0131, hem de a\u015fa\u011f\u0131daki \u00e7ok \u00f6nemli a\u00e7\u0131klamalar\u0131n yer ald\u0131\u011f\u0131 s\u00f6yle\u015fiyi vatan i\u00e7in ger\u00e7ekle\u015ftirdim. Dikkatle okudu\u011funuz takdirde bir\u00e7ok konunun topluma sunuldu\u011fundan \u00e7ok farkl\u0131 oldu\u011funu g\u00f6receksiniz. Sorular\u0131ma i\u00e7tenlikle cevap verdi\u011fi i\u00e7in Say\u0131n Ba\u015fbu\u011f\u2019a \u00e7ok te\u015fekk\u00fcr ediyorum.\u201d<\/p>\n<p style=\"text-align: justify;\"><strong>Say\u0131n Ba\u015fbu\u011f, Ba\u015fbakan \u0130ngiltere\u2019ye gitmeden \u00f6nce \u201ckurumlar aras\u0131 \u00e7at\u0131\u015fma asla s\u00f6z konusu de\u011fil\u201d dedi. Siz de ayn\u0131 fikirde misiniz? \u00c7\u00fcnk\u00fc bazen \u201cAram\u0131zda hi\u00e7bir sorun yok\u201d diyor, bazen \u201cPasla\u015f\u0131yoruz\u201d diyor. Acaba siz de kurumlar aras\u0131nda hi\u00e7bir sorun olmad\u0131\u011f\u0131 g\u00f6r\u00fc\u015f\u00fcnde misiniz? <\/strong><\/p>\n<p style=\"text-align: justify;\">Say\u0131n Mengi, ilk \u00f6nce te\u015fekk\u00fcr ederim, bu f\u0131rsat\u0131 verdi\u011finiz, Genelkurmay Kararg\u00e2h\u0131\u2019na geldi\u011finiz i\u00e7in. Olaylara bak\u0131\u015f a\u00e7\u0131m \u015f\u00f6yle, ger\u00e7ekten Say\u0131n Ba\u015fbakan olsun, di\u011fer baz\u0131 siyaset\u00e7ilerimiz olsun, \u00e7e\u015fitli konu\u015fmalar oluyor ama ben \u00f6zellikle siyasilerimizin konu\u015fmalar\u0131na medya \u00fczerinden yorum yapman\u0131n pek uygun olmad\u0131\u011f\u0131n\u0131 d\u00fc\u015f\u00fcn\u00fcyorum. Tabii ki bu konulara ili\u015fkin baz\u0131 sorunlar\u0131m\u0131z, problemlerimiz oldu\u011fu zaman bunlar\u0131n kar\u015f\u0131l\u0131kl\u0131 olarak konu\u015fulmas\u0131n\u0131n daha yararl\u0131 oldu\u011funu d\u00fc\u015f\u00fcn\u00fcyorum.<\/p>\n<p style=\"text-align: justify;\"><strong>\u00c7\u00fcnk\u00fc e\u011fer \u00e7at\u0131\u015fma s\u00f6z konusu de\u011filse Ba\u015fbakan\u2019\u0131n dedi\u011fi gibi, biz o zaman \u015f\u00f6yle d\u00fc\u015f\u00fcn\u00fcyoruz, bug\u00fcne kadar g\u00f6rd\u00fcklerimiz ne anlama geliyor? Yani bir gerginlik ya\u015fand\u0131, hatta aylar s\u00fcren bir gerginlik, kurumlar aras\u0131 \u00e7at\u0131\u015fmadan s\u00f6z edildi ve sizin a\u00e7\u0131klamalar\u0131n\u0131z var&#8230; Trabzon\u2019da yapt\u0131\u011f\u0131n\u0131z a\u00e7\u0131klamalar, T\u00fcrk Silahl\u0131 Kuvvetleri\u2019nin asimetrik psikolojik bir sald\u0131r\u0131 alt\u0131nda oldu\u011fu \u015feklinde. T\u00fcm bunlar TSK\u2019n\u0131n kurum olarak da rahats\u0131z oldu\u011funu g\u00f6sterdi bize. \u015eimdi kurumlar aras\u0131 hi\u00e7bir \u00e7at\u0131\u015fma, problem s\u00f6z konusu de\u011fil dendi\u011finde o zaman T\u00fcrkiye bu sorunlar\u0131 neden ya\u015fad\u0131? <\/strong><\/p>\n<p style=\"text-align: justify;\">Belki baz\u0131lar\u0131, kurumlar aras\u0131 \u00e7at\u0131\u015fman\u0131n olmas\u0131n\u0131 arzu ediyor, isteyebiliyor. Olaya biraz da o a\u00e7\u0131dan bakmak l\u00e2z\u0131m. Tabii ki kurumlar aras\u0131nda baz\u0131 problemler olabilir, farkl\u0131 d\u00fc\u015f\u00fcnceler olabilir, bunu da kabul ediyorum. Ben \u00f6zellikle Trabzon\u2019da, yan\u0131lm\u0131yorsam 17 Aral\u0131k\u2019ta yapt\u0131\u011f\u0131m konu\u015fmada bu konunun alt\u0131n\u0131 \u00e7izmeye \u00e7al\u0131\u015ft\u0131m. \u00d6zellikle yarg\u0131 ba\u011flam\u0131nda, emniyetimizde ve TSK\u2019yla ilgili konularda bilgi teatisinde bulunman\u0131n yararl\u0131 olaca\u011f\u0131n\u0131 ifade etmi\u015ftim. Nitekim ge\u00e7ti\u011fimiz per\u015fembe, Ankara\u2019da m\u00fchimmat olay\u0131yla ya\u015fad\u0131\u011f\u0131m\u0131z olay da asl\u0131nda benim Trabzon\u2019da s\u00f6yledi\u011fimin biraz do\u011fru oldu\u011funu kamuoyuna g\u00f6sterdi. Baz\u0131 konularda elbette diyalogun a\u00e7\u0131k olmas\u0131n\u0131, bazen kurumlar\u0131 kar\u015f\u0131l\u0131kl\u0131 ilgilendiren konular oldu\u011fu takdirde de burada bilgi teatisinde bulunulmas\u0131n\u0131 hatta baz\u0131 konularda belki i\u015fbirli\u011fi yap\u0131l\u0131r ise daha olumlu sonu\u00e7lara gidilece\u011fini d\u00fc\u015f\u00fcn\u00fcyorum. Kurumlar aras\u0131 \u00e7at\u0131\u015fma iyi bir \u015fey de\u011fil, tabii ki T\u00fcrkiye\u2019de bunu kimsenin arzu edece\u011fini de d\u00fc\u015f\u00fcnm\u00fcyorum. Ama dedi\u011fim gibi bir noktada, elbette yasalar ve yetkiler \u00e7er\u00e7evesinde daha s\u0131k\u0131 bilgi teatisi, i\u015fbirli\u011fi ve diyaloga da ihtiya\u00e7 oldu\u011funu ifade edebilirim.<\/p>\n<p style=\"text-align: justify;\"><strong>Evet, \u00f6zellikle Tokat sald\u0131r\u0131s\u0131 sonras\u0131nda sanki TSK kendi askerine suikast d\u00fczenlemi\u015f gibi baz\u0131 a\u00e7\u0131klamalar oldu h\u00fck\u00fcmet kanad\u0131ndan ve bug\u00fcne kadar da onun yank\u0131lar\u0131 s\u00fcr\u00fcyor, hala k\u00f6\u015felerde yer al\u0131yor, konu\u015fmalarda o noktaya de\u011finiliyor. Bizzat Ba\u015fbakan ve Ba\u015fbakan Yard\u0131mc\u0131s\u0131 taraf\u0131ndan yap\u0131ld\u0131. B\u00fclent Ar\u0131n\u00e7\u2019a suikast iddias\u0131nda da ayn\u0131 \u015fekilde TSK sanki kurum olarak bir darbe faaliyeti i\u00e7indeymi\u015f gibi yans\u0131t\u0131ld\u0131. Kozmik odalar\u0131n aranmas\u0131 ve kamyon olay\u0131nda da yine hatta sorulmamas\u0131ndan, bu konuda TSK\u2019dan bilgi al\u0131nmamas\u0131ndan da \u015fik\u00e2yet ettiniz. Peki, nas\u0131l oluyor da bu kadar g\u00fcvensiz bir ortam\u0131n oldu\u011fu g\u00f6zle g\u00f6r\u00fcl\u00fcrken, kurumlar aras\u0131 bir \u00e7at\u0131\u015fma, bir s\u0131k\u0131nt\u0131 olmad\u0131\u011f\u0131ndan s\u00f6z edilebiliyor? T\u00fcm bunlar\u0131 nas\u0131l de\u011ferlendirmeliyiz toplum olarak? <\/strong><\/p>\n<p style=\"text-align: justify;\">Sordu\u011funuz soruda birden fazla olay var. Tokat olay\u0131ndan sonra meydana gelen geli\u015fmelere bakarsak belki ba\u015flang\u0131\u00e7ta baz\u0131 yanl\u0131\u015f bilgilendirmeler yap\u0131lm\u0131\u015f olabiliyor. Ancak sonradan do\u011frusu ortaya \u00e7\u0131kt\u0131. Zaten hat\u0131rlayacaks\u0131n\u0131z o konuyla ilgili olarak sonradan biz de Genelkurmay Ba\u015fkanl\u0131\u011f\u0131 olarak bir a\u00e7\u0131klama yapt\u0131k. Belki burada s\u0131k\u0131nt\u0131m\u0131z \u015fu, olay olduktan sonra hemen kamuoyu bizden h\u0131zl\u0131 bir a\u00e7\u0131klama bekliyor ama o her zaman m\u00fcmk\u00fcn de\u011fil. \u00d6rne\u011fin, Tokat olay\u0131nda inan\u0131n \u00e7ok ince noktalarda \u00e7al\u0131\u015fma ihtiyac\u0131n\u0131 duyduk. Olaydan sonra ter\u00f6ristlerin dinlemeleri \u00fczerinde \u00e7al\u0131\u015ft\u0131k. Hatta dinlemelerin ses bantlar\u0131 \u00fczerinden acaba do\u011fru mudur diye kontrol ettik ve sonra da olay\u0131n arkas\u0131nda kimin oldu\u011funu, daha a\u00e7\u0131k ifadeyle PKK\u2019n\u0131n oldu\u011funu, resmen a\u00e7\u0131klad\u0131k. Bazen bunlar zaman al\u0131yor. Belki o s\u00fcre\u00e7te baz\u0131 yanl\u0131\u015f bilgilendirmeler yap\u0131labiliyor. Yine ayn\u0131 noktaya d\u00f6n\u00fcyorum, belki kendi aram\u0131zda da bilgilendirmede daha h\u0131zl\u0131 olmam\u0131z laz\u0131m. Bu olayla ilgili yine yan\u0131lm\u0131yorsam Trabzon\u2019daki konu\u015fmamda da buna de\u011findim, \u00f6zellikle medyan\u0131n belki bu konuda farkl\u0131 yorumlar yapabilece\u011fini ama yetkili ve sorumlular\u0131n daha dikkatli, daha itinal\u0131 olmas\u0131 gerekti\u011finin alt\u0131n\u0131 \u00e7izmi\u015ftim.<\/p>\n<p style=\"text-align: justify;\"><strong>Medya art\u0131k daha duyarl\u0131 <\/strong><\/p>\n<p style=\"text-align: justify;\"><strong>Sizin o s\u00f6zlerinizden sonra bir fark g\u00f6zlediniz mi? <\/strong><\/p>\n<p style=\"text-align: justify;\">Oldu\u011funa inan\u0131yorum&#8230;<\/p>\n<p style=\"text-align: justify;\"><strong>O zaman daha a\u00e7\u0131k soray\u0131m efendim, yani kurum olarak su\u00e7lamalarda veya hen\u00fcz iddia halindeki birtak\u0131m su\u00e7lamalar\u0131n ger\u00e7ek kabul edilmesinde, bunun siyaset\u00e7iler taraf\u0131ndan, medya taraf\u0131ndan dile getirilmesinde bir de\u011fi\u015fiklik g\u00f6zlediniz mi, daha duyarl\u0131 davran\u0131ld\u0131 m\u0131? <\/strong><\/p>\n<p style=\"text-align: justify;\">G\u00fcn ge\u00e7tik\u00e7e daha duyarl\u0131 bir noktaya gidildi\u011fini d\u00fc\u015f\u00fcn\u00fcyorum. Evet, samimi olarak s\u00f6yl\u00fcyorum. Olaylardan ben herkesin gerekli dersi \u00e7\u0131kard\u0131\u011f\u0131n\u0131 da, ald\u0131\u011f\u0131n\u0131 da d\u00fc\u015f\u00fcn\u00fcyorum ve ge\u00e7mi\u015f olaylara, ilk g\u00fcnk\u00fc durumlara bakarsak bug\u00fcn daha iyi noktada oldu\u011fumuzu d\u00fc\u015f\u00fcn\u00fcyorum&#8230;<\/p>\n<p style=\"text-align: justify;\"><strong>3\u2019\u00fcnc\u00fc Ordu Komutan\u0131 Sald\u0131ray Berk\u2019le ilgili olayda ona kefil olur \u015fekilde a\u00e7\u0131klamalar oldu Genelkurmay\u2019dan. Sizin de \u2018Biz \u00e7ok iyi biliriz, tan\u0131r\u0131z, eminiz burada bir yanl\u0131\u015fl\u0131k oldu\u011funa\u2019 gibi a\u00e7\u0131klamalar\u0131n\u0131z oldu ama her zaman bu kadar kefil oldu\u011funuzu da g\u00f6rmedik. Neden Berk\u2019te bu \u015fekilde bir a\u00e7\u0131klama yapt\u0131n\u0131z? <\/strong><\/p>\n<p style=\"text-align: justify;\">Birincisi, olaylar\u0131n hukuki boyutu ve nerede oldu\u011funuz \u00e7ok \u00f6nemli. Bak\u0131n, \u015fimdi 3\u2019\u00fcnc\u00fc Ordu Komutan\u0131\u2019yla ilgili bir iddia var ki fevkalade vahim. G\u00f6revde olan bir ordu komutan\u0131, ter\u00f6r \u00f6rg\u00fct\u00fcne \u00fcye olmakla su\u00e7lan\u0131yor. \u015eimdi bu olayda hukuki a\u00e7\u0131dan neredeyiz bu \u00f6nemli. Birincisi, bu olayla ilgili soru\u015fturma safhas\u0131 bitti. Art\u0131k kovu\u015fturma safhas\u0131na d\u00f6n\u00fc\u015fen bir olay. \u0130kincisi, biz bir konu \u00fczerinde fikir veya g\u00f6r\u00fc\u015f ifade etti\u011fimiz zaman y\u00fczde 100 her \u015feyi incelemi\u015f olmam\u0131z laz\u0131m. Bu olayda elimizde iddianame var 61 sayfa, art\u0131 bu konuyla ilgili olarak elimize ek dosyalar da geldi. Bu ek dosyalar\u0131 da ilgili arkada\u015flar\u0131m\u0131z inceledi. \u015eimdi 3\u2019\u00fcnc\u00fc Ordu Komutan\u0131\u2019yla ilgili iddialar bu 61 sayfal\u0131k iddianamenin ka\u00e7 sayfas\u0131n\u0131 te\u015fkil ediyor biliyor musunuz? 61 sayfa i\u00e7inde tabii \u00e7e\u015fitli yerlerde ge\u00e7iyor ama esas Ordu Komutan\u0131\u2019yla ilgili iddialara bakt\u0131\u011f\u0131m\u0131z zaman bir sayfa. \u015eimdi l\u00fctfen bu konuda yorum ve de\u011ferlendirme yapanlar bu bir sayfay\u0131 bir kere okusunlar. Nedir bu olay bir baks\u0131nlar. Ordu Komutan\u0131\u2019na y\u00f6nelik su\u00e7lamada \u00fc\u00e7 husus var. Birincisi bir plan semineri yine orada da s\u00f6z konusu ve bu plan seminerinin oynand\u0131\u011f\u0131 ve seminerin yine konular\u0131n d\u0131\u015f\u0131na \u00e7\u0131kt\u0131\u011f\u0131&#8230; Bu kesinlikle do\u011fru de\u011fil. Niye, Kara Kuvvetlerimiz bunu inceledi, Kara Kuvvetleri Komutanl\u0131\u011f\u0131\u2019n\u0131n elinde plan semineriyle ilgili t\u00fcm raporlar var, bu plan seminerine kat\u0131lan herkesin g\u00f6r\u00fc\u015fleri, bilgileri var. Dolay\u0131s\u0131yla Kara Kuvvetleri Komutanl\u0131\u011f\u0131m\u0131z bu plan semineriyle ilgili detaylara h\u00e2kim ve bu ara\u015ft\u0131rma sonucunda g\u00f6z\u00fcken nokta \u015fudur ki, bu plan seminerinde iddia edilen \u015feylerin hi\u00e7 biri ger\u00e7ekle\u015fmemi\u015ftir. Birinci tespitimiz bu. \u0130kinci tespitimiz, yine Ordu Komutan\u0131\u2019n\u0131n efendim Alevi k\u00f6ylerine ziyareti bir su\u00e7lama olarak ifade ediliyor. Bu asl\u0131nda \u00e7ok \u00e7irkin, yani nereye koyaca\u011f\u0131z bunu ayr\u0131 bir olay&#8230;<\/p>\n<p style=\"text-align: justify;\"><strong>Y\u00fcr\u00fcy\u00fc\u015f emri 15 Ocak\u2019ta&#8230;<\/strong><\/p>\n<p style=\"text-align: justify;\"><strong>Yani diyorsunuz ki kefil olmam\u0131z i\u00e7in yeteri kadar&#8230; <\/strong><\/p>\n<p style=\"text-align: justify;\">Bak\u0131n somut \u015feylerden \u00f6rnek veriyorum. \u00dc\u00e7\u00fcnc\u00fc nokta ise, yine iddianamede 28 Ocak g\u00fcn\u00fc Ordu Komutan\u0131\u2019n\u0131n emriyle efendim Erzincan-\u00dcz\u00fcml\u00fc aras\u0131nda bir g\u00f6steri y\u00fcr\u00fcy\u00fc\u015f\u00fc yap\u0131ld\u0131\u011f\u0131 iddia ediliyor. Neden? Yan\u0131lm\u0131yorsam ayn\u0131 tarih, tamamen tesad\u00fcf, Kayseri \u0130l Jandarma Alay Komutan\u0131\u2019n\u0131n bu kapsamda tutukland\u0131\u011f\u0131 g\u00fcn. Bak\u0131n, 28 Ocak g\u00fcn\u00fc yap\u0131lan bu y\u00fcr\u00fcy\u00fc\u015f\u00fcn emrini Ordu Komutan\u0131 15 Ocak\u2019ta vermi\u015f! Herhalde Ordu Komutan\u0131 m\u00fcneccim de\u011fildi; yani bu kadar olmaz. 28 Ocak\u2019ta bu intikal yap\u0131lm\u0131\u015f ama belgelere bakt\u0131\u011f\u0131m\u0131z zaman Ordu Komutan\u0131\u2019n\u0131n bu konuyla ilgili emri 15 Ocak\u2019ta verdi\u011fi de elimizde somut olarak var. \u0130\u015fin tabii di\u011fer bir ilgin\u00e7 y\u00f6n\u00fc de 3\u2019\u00fcnc\u00fc Ordu Komutan\u0131 ile ilgili su\u00e7lamalar\u0131n da maalesef gizli tan\u0131k ifadesine dayanmas\u0131. Dolay\u0131s\u0131yla iddianameleri biliyoruz, ek dosyalar\u0131n\u0131 biliyoruz, su\u00e7lamalar burada ger\u00e7ekten bir olaya hukuki g\u00f6zle bak\u0131l\u0131rsa&#8230; Art\u0131k davayla ilgili fazla bir \u015fey s\u00f6ylemek istemiyorum. Dolay\u0131s\u0131yla bu tip olaylarda, bu tip durum almam\u0131z\u0131 baz\u0131lar\u0131n\u0131n do\u011fal kar\u015f\u0131lamas\u0131 gerekir.<\/p>\n<p style=\"text-align: justify;\"><strong>Bize g\u00f6re kozmik odalarda su\u00e7 unsuru ta\u015f\u0131yan hi\u00e7bir belge yok <\/strong><\/p>\n<p style=\"text-align: justify;\"><strong>Olay yaratan \u2018kozmik oda\u2019 aramalar\u0131yla ilgili de a\u00e7\u0131klamalarda bulunan Ba\u015fbu\u011f, o odalarda su\u00e7 unsuru olmad\u0131\u011f\u0131n\u0131 s\u00f6yledi <\/strong><\/p>\n<p style=\"text-align: justify;\">\u2019TSK\u2019ya kar\u015f\u0131 asimetrik bir psikolojik harek\u00e2t var\u2019 benzeri a\u00e7\u0131klamalar yap\u0131l\u0131rken ve TSK rahats\u0131zl\u0131\u011f\u0131n\u0131 bildirirken kar\u015f\u0131 taraftan, mesela Say\u0131n Ba\u015fbakan\u2019dan \u201cPasla\u015f\u0131yoruz\u201d gibi a\u00e7\u0131klamalar geldi ve hakikaten de bir d\u00f6nem Silahl\u0131 Kuvvetler\u2019le H\u00fck\u00fcmet daha bir anla\u015fma i\u00e7indeymi\u015f gibi bir hava yans\u0131t\u0131ld\u0131. Acaba Tokat sald\u0131r\u0131s\u0131ndan sonra Trabzon\u2019dan yapt\u0131\u011f\u0131n\u0131z o a\u00e7\u0131klamada daha m\u0131 fazla hissediyordunuz olaylar\u0131 ve sonra daha yoluna girdi\u011fini d\u00fc\u015f\u00fcnd\u00fcn\u00fcz? \u00c7\u00fcnk\u00fc Kozmik odalar aran\u0131rken de \u201cHer \u015fey yasal olarak geli\u015fiyor\u201d \u015feklinde gayet sakin bir a\u00e7\u0131klaman\u0131z olmu\u015ftu&#8230;<\/p>\n<p style=\"text-align: justify;\">Esas\u0131nda \u2019kozmik\u2019 kelimesini biz kullanm\u0131yoruz, yani \u2018kozmik\u2019 \u0130ngilizce biliyorsunuz&#8230;<\/p>\n<p style=\"text-align: justify;\"><strong>Siz ne kullan\u0131yorsunuz? <\/strong><\/p>\n<p style=\"text-align: justify;\">Kozmi\u011fin kar\u015f\u0131l\u0131\u011f\u0131 bizde bir noktada \u2018\u00e7ok gizli\u2019dir. Yani \u00e7ok gizli konular&#8230; Her neyse, bas\u0131na \u2018kozmik oda\u2019 olarak yans\u0131d\u0131. O da tabii kamuoyunu ciddi \u015fekilde me\u015fgul eden olaylardan birioldu. Konuyla ilgili soru\u015fturma safhas\u0131 tamamlanmad\u0131. Soru\u015fturman\u0131n gizlili\u011fine dikkat etmeliyiz. Burada belki yeri gelmi\u015fken \u015funu ifade edebilirim, Usul Kanunu\u2019na g\u00f6re tart\u0131\u015f\u0131lan hukuki bir konu var, \u00f6zellikle \u00e7ok gizli dok\u00fcmanlar\u0131n acaba soru\u015fturma safhas\u0131nda, savc\u0131lar giremiyor biliyorsunuz, h\u00e2kimler ona da yetkili, soru\u015fturma safhas\u0131nda h\u00e2kimler incelemeli mi, incelememeli mi yoksa sadece kovu\u015fturma safhas\u0131nda m\u0131? Bug\u00fcn bu konuyu hukuk\u00e7ulara sorsan\u0131z, belki b\u00fcy\u00fck bir k\u0131sm\u0131 hala diyecek ki size, evet soru\u015fturma safhas\u0131nda olmaz, kovu\u015fturma safhas\u0131nda olur. Biz burada, bu olayla kar\u015f\u0131la\u015ft\u0131\u011f\u0131m\u0131z zaman farkl\u0131 yorumlar olmas\u0131na ra\u011fmen yine de \u00e7ok gizli bilgilerin bulundu\u011fu odan\u0131n h\u00e2kim taraf\u0131ndan aranmas\u0131n\u0131n, incelenmesinin yararl\u0131 oldu\u011funu d\u00fc\u015f\u00fcnd\u00fck.<\/p>\n<p style=\"text-align: justify;\"><strong>Evet, \u00f6yle davrand\u0131n\u0131z zaten. <\/strong><\/p>\n<p style=\"text-align: justify;\">Sanki ortada ciddi bir olay var ve TSK bu olay\u0131n a\u00e7\u0131\u011fa \u00e7\u0131kar\u0131lmas\u0131na set \u00e7ekiyor gibi bir g\u00f6r\u00fcnt\u00fc vermek istemedik. Tabii h\u00e2kim geldi\u011fi zaman, bizim ona da itiraz yetkimiz var, o ilgili mahkeme Usul Kanunu\u2019na ba\u011fl\u0131 olarak, ben o zaman \u015f\u00f6yle bir \u015feyde bulundum. Kendi aram\u0131zda tart\u0131\u015ft\u0131k daha do\u011frusu. Dedim ki, buna hemen itiraz etmeyelim. Bizim \u00e7ekinece\u011fimiz bir \u015fey var m\u0131, yok. Gelsin o zaman h\u00e2kim aras\u0131n. Bir m\u00fcddet girsin, aras\u0131n ama itiraz\u0131m\u0131z\u0131n da 7 g\u00fcn i\u00e7inde yap\u0131lmas\u0131 laz\u0131m. \u00c7\u00fcnk\u00fc hukuku da i\u015fletmeli. Esas\u0131nda biz orada yasalar i\u00e7inde kald\u0131k. Kovu\u015fturma safhas\u0131nda h\u00e2kimler taraf\u0131ndan aranmas\u0131 gereken bir olayd\u0131 yani; mahkeme ba\u015fka \u015fekilde de\u011ferlendirdi. Tabii mahkeme karar\u0131na da sayg\u0131l\u0131y\u0131z. Biz ba\u015ftan itiraz\u0131m\u0131z\u0131 yapmad\u0131k, \u00e7ok gizli evrak\u0131n bulundu\u011fu oday\u0131 a\u00e7t\u0131k, sonradan yasal hakk\u0131m\u0131z\u0131 kulland\u0131k ama onu da mahkeme reddetti.<\/p>\n<p style=\"text-align: justify;\"><strong>Devam ediyor diyorsunuz ama kozmik odalarda ne buldular o belli de\u011fil mi efendim? Ne \u00e7\u0131kt\u0131 yani oradan, istediklerini buldular m\u0131? <\/strong><\/p>\n<p style=\"text-align: justify;\">\u015eimdi, tabii istediklerini bulma laf\u0131na pek kat\u0131lm\u0131yorum yani.<\/p>\n<p style=\"text-align: justify;\"><strong>Ne bulundu\u011fu anla\u015f\u0131ld\u0131 m\u0131 sonra? <\/strong><\/p>\n<p style=\"text-align: justify;\">Bak\u0131n, \u015fimdi Say\u0131n Mengi, soru\u015fturma safhas\u0131nda olan bir konuyu konu\u015fuyoruz. Soru\u015fturman\u0131n gizlili\u011fine riayet etmemiz do\u011fal ki bunun \u00fczerinde de en \u00e7ok biz duruyoruz. Yan\u0131lm\u0131yorsam bu konuyla ilgili olarak, bu h\u00e2kim taraf\u0131ndan o \u00e7ok gizli belgelerin bulundu\u011fu odada ara\u015ft\u0131rma faaliyeti bittikten sonra, bizim haftal\u0131k bas\u0131n toplant\u0131lar\u0131ndan birinde soruldu. Adli m\u00fc\u015favir cevap verdi. O bir c\u00fcmleydi ama \u00f6nemli bir c\u00fcmleydi. Biz tabii ki yarg\u0131ya, soru\u015fturman\u0131n gizlili\u011fine sayg\u0131 duymakla beraber \u015funu da payla\u015ft\u0131k o zaman. Dedik ki, \u201cBiz burada bulunan evraklarda herhangi bir su\u00e7 unsurunun oldu\u011fu kanaatinde de\u011filiz.\u201d<\/p>\n<p style=\"text-align: justify;\"><strong>O odalarda yap\u0131lan aramalarda su\u00e7 unsuru olu\u015fturacak bir belgeye rastlanmad\u0131\u011f\u0131na inan\u0131yorsa Genelkurmay, o zaman suikast iddias\u0131n\u0131n da arkas\u0131ndan ciddi bir \u015fey \u00e7\u0131kmayacak inanc\u0131nda olmal\u0131 herhalde, ikisi birbirine ba\u011flant\u0131l\u0131 \u00e7\u00fcnk\u00fc de\u011fil mi? <\/strong><\/p>\n<p style=\"text-align: justify;\">Biraz evvel s\u00f6yledi\u011fim gibi \u00e7ok gizli bilgilerin bulundu\u011fu b\u00f6l\u00fcmde bizim de\u011ferlendirmemize g\u00f6re su\u00e7 unsuru olu\u015fturan bir \u015fey yok. Zaten bundan \u00f6nceki safhalarda da ifadeler var, ilgili personelin di\u011fer b\u00f6l\u00fcmlerde yap\u0131lan aramalar var. Burada bir su\u00e7 unsuru olu\u015fturacak bir \u015fey olmad\u0131\u011f\u0131n\u0131 de\u011ferlendiriyoruz, bizim de\u011ferlendirmemiz bu ama biraz sab\u0131rl\u0131 olmam\u0131z laz\u0131m.<\/p>\n<p style=\"text-align: justify;\"><strong>Evet ama tesad\u00fcf de hakikaten rahats\u0131z edici d\u0131\u015fardan bak\u0131ld\u0131\u011f\u0131nda, tesad\u00fcfen o sokakta olmas\u0131 askerlerin. <\/strong><\/p>\n<p style=\"text-align: justify;\">Bu konuyla ilgili \u00e7ok a\u00e7\u0131klama yapt\u0131k. Bence olayla ilgili bilgilerimizi kamuoyuyla da epey de payla\u015ft\u0131\u011f\u0131m\u0131z\u0131 san\u0131yorum ama biraz sabredelim.<\/p>\n<p style=\"text-align: justify;\"><strong>Tam o d\u00f6nemde polisin \u00f6zellikle savc\u0131yla, aramay\u0131 yapan h\u00e2kimle gelmesi \u00e7ok ele\u015ftirildi. Polis orduya kar\u015f\u0131 kullan\u0131l\u0131yor gibi&#8230; \u00c7ok say\u0131da polis gelmi\u015fti \u00e7\u00fcnk\u00fc. Sizin de b\u00f6yle bir d\u00fc\u015f\u00fcnce ge\u00e7ti mi akl\u0131n\u0131zdan yani niye bu kadar \u00e7ok polis geldi diye? <\/strong><\/p>\n<p style=\"text-align: justify;\">Ben olaya \u015f\u00f6yle bak\u0131yorum, kurumlar\u0131m\u0131z\u0131n hepsi \u00f6nemli. TSK elbette T\u00fcrkiye\u2019nin en \u00f6nemli kurumlar\u0131ndan birisi oldu\u011fu gibi, polis de bizim polisimiz. Tabii ki bazen kurumlar\u0131n i\u00e7inde hatalar yapanlar \u00e7\u0131kabilir. Buradan hareket ederek kurumun bir kere t\u00fcm\u00fcn\u00fc su\u00e7lamak bence pek do\u011fru de\u011fil. Bu \u00f6zellikle Ankara Seferberlik B\u00f6lge Ba\u015fkanl\u0131\u011f\u0131\u2019yla ilgili olay, bir cuma ak\u015fam\u0131yd\u0131. Seferberlik B\u00f6lge Ba\u015fkanl\u0131\u011f\u0131\u2019na ilk savc\u0131, polislerle geldi. Polislerle gelmesi do\u011fal yani \u00e7ok da yad\u0131rganacak bir \u015fey oldu\u011funu zannetmiyorum. \u00c7ok say\u0131da m\u0131yd\u0131, fazla ilgilenmedim.<\/p>\n<p style=\"text-align: justify;\"><strong>40 civar\u0131ndayd\u0131. <\/strong><\/p>\n<p style=\"text-align: justify;\">Bilmiyorum inan\u0131n ilgilenmedim. Savc\u0131 kendisi gerekli aramay\u0131 yapt\u0131ktan sonra tabii o \u00e7ok gizli b\u00f6l\u00fcmle ilgili aramada savc\u0131lar biliyorsunuz, yetkili de\u011fil. Ancak mahkeme karar\u0131yla h\u00e2kimlerin aramas\u0131 s\u00f6z konusu, ondan sonra h\u00e2kim gece yar\u0131s\u0131 falan geldi yan\u0131lm\u0131yorsam, 24.00-01.00 civar\u0131nda ve o \u00e7ok gizli b\u00f6l\u00fcmdeki aramada cumartesi g\u00fcn\u00fc \u00f6\u011fleden sonra ba\u015flad\u0131.<\/p>\n<p style=\"text-align: justify;\"><strong>Ka\u00e7 g\u00fcn devam etti, iki hafta..<\/strong>.<\/p>\n<p style=\"text-align: justify;\">Epey devam etti.<\/p>\n<p style=\"text-align: justify;\"><strong>TSK\u2019da hi\u00e7 kimse cami bombalayacak kadar al\u00e7alamaz!<br \/>\n<\/strong><\/p>\n<p style=\"text-align: justify;\"><strong>Kamyondaki bombalar olay\u0131nda Say\u0131n Ba\u015fbu\u011f, siz \u201cBu ihbara inan\u0131lmas\u0131 \u00fcrk\u00fct\u00fcc\u00fcd\u00fcr\u201d dediniz ama o kadar \u00e7ok say\u0131da \u00fcst d\u00fczey TSK mensubunun tutukland\u0131\u011f\u0131 haftan\u0131n arkas\u0131ndan mesela ya da kozmik odalar, Tokat sald\u0131r\u0131s\u0131, suikast iddias\u0131nda b\u00f6yle bir ifade kullanmam\u0131\u015ft\u0131n\u0131z. Acaba di\u011fer olaylar \u00fcrk\u00fct\u00fcc\u00fc de\u011fil miydi size g\u00f6re? <\/strong><\/p>\n<p style=\"text-align: justify;\">Bu g\u00fczel bir sual. Bu m\u00fchimmat olay\u0131yla ilgili olarak; bir e-mail var. Birisi taraf\u0131ndan g\u00f6nderilen bir ihbar mektubu ama e-mail \u015feklinde g\u00f6nderiliyor. \u015eimdi bu e-mail asl\u0131nda bir sayfadan k\u0131sa bir ihbar mektubu. Benim \u00fcrk\u00fct\u00fcc\u00fc buldu\u011fum nokta mektubun i\u00e7eri\u011fi. Bak\u0131n, mektupta bu olay\u0131n Ankara Seferberlik B\u00f6lge Ba\u015fkanl\u0131\u011f\u0131 taraf\u0131ndan veya en az\u0131ndan Ankara Seferberlik B\u00f6lge Ba\u015fkanl\u0131\u011f\u0131\u2019ndan ki\u015filer taraf\u0131ndan planland\u0131\u011f\u0131, yap\u0131ld\u0131\u011f\u0131 iddias\u0131 var. Bu bir kere TSK direkt muhatap oluyor. \u0130kincisi, el bombalar\u0131 ve silahlar oldu\u011fu ifadesi ki, hi\u00e7 ger\u00e7ekle ilgili de\u011fil. \u00dcrk\u00fct\u00fcc\u00fc olan nokta, el bombalar\u0131n\u0131n nerede kullan\u0131laca\u011f\u0131 ki bunlar\u0131n efendim \u00fczerindeki numaralar\u0131n silindi\u011fi vesaire de ifade ediliyor. Bunlar\u0131n neredeyse bu Nevruz olaylar\u0131nda hatta Mu\u015f filan diye de isim ge\u00e7iyor baz\u0131 b\u00f6lgelerde kullan\u0131laca\u011f\u0131 ifade ediliyor.<\/p>\n<p style=\"text-align: justify;\"><strong>\u0130ma m\u0131 ediliyor? <\/strong><\/p>\n<p style=\"text-align: justify;\">Hay\u0131r, ifade ediliyor, a\u00e7\u0131k yani o bir sayfal\u0131k e-mail yan\u0131mda da var asl\u0131nda. \u015eimdi burada tabii \u00fcrk\u00fct\u00fcc\u00fc olan \u015fu, Ankara Seferberlik B\u00f6lge Ba\u015fkanl\u0131\u011f\u0131, ba\u015fkanl\u0131k olarak ve en az\u0131ndan oradaki ki\u015filer muhatap. \u0130kincisi, b\u00f6yle bir m\u00fchimmat getiriliyor, bunlar sonra bir yerde elden ge\u00e7tikten sonra nerede kullan\u0131lacak, toplumsal olaylarda, hatta Nevruz filan kapsam\u0131nda; bu \u00fcrk\u00fct\u00fcc\u00fc de\u011fil mi? Bu bence asl\u0131nda bug\u00fcne kadar kar\u015f\u0131la\u015ft\u0131\u011f\u0131m\u0131z senaryolar a\u00e7\u0131s\u0131ndan \u00e7ok vahim bir senaryo.<\/p>\n<p style=\"text-align: justify;\"><strong>\u00c7ok vahimleri var yine cami bombalama, kendi u\u00e7a\u011f\u0131n\u0131 vurma. <\/strong><\/p>\n<p style=\"text-align: justify;\">Senaryo olarak al\u0131rsan\u0131z buna benzer bir de cami bombalama olay\u0131 var. \u00c7\u00fcnk\u00fc olaylar\u0131n kendisi de\u011fil, burada bir senaryo baz\u0131ndan de\u011ferlendirme yap\u0131yoruz. Ger\u00e7ekten b\u00f6yle iddialar\u0131n do\u011fru olabilece\u011finin d\u00fc\u015f\u00fcn\u00fclebilinmesini ben \u00fcrk\u00fct\u00fcc\u00fc buluyorum. \u015eimdi buna benzer di\u011fer bir senaryo veya dok\u00fcman a\u00e7\u0131s\u0131ndan bakt\u0131\u011f\u0131m\u0131z zaman bir de 1\u2019inci Ordu Plan Semineri kapsam\u0131nda camilerin bombalanmas\u0131, kendi u\u00e7a\u011f\u0131m\u0131z\u0131n d\u00fc\u015f\u00fcr\u00fclmesi vard\u0131 ki ona da gereken cevab\u0131 verdim. Bunlar b\u0131rak\u0131n TSK\u2019n\u0131n kendi personelini, T\u00fcrkiye Cumhuriyeti vatanda\u015f\u0131n\u0131n herhangi birinin bile d\u00fc\u015f\u00fcnemeyece\u011fine inand\u0131\u011f\u0131m, tahayy\u00fcllerin d\u0131\u015f\u0131nda kelimelerle ifade edilemeyecek \u015feyler. Nas\u0131l s\u00f6yleyeyim, ak\u0131l d\u0131\u015f\u0131 bir olay.<\/p>\n<p style=\"text-align: justify;\"><strong>\u00c7etin Do\u011fan cami bombalama, kendi u\u00e7a\u011f\u0131n\u0131 d\u00fc\u015f\u00fcrme gibi d\u00fc\u015f\u00fcncelerin Amerika\u2019da daha \u00f6nce olan bir seminerden al\u0131nd\u0131\u011f\u0131 gibi bir a\u00e7\u0131klama yapm\u0131\u015ft\u0131, benim program\u0131mda yapt\u0131\u011f\u0131n\u0131 hat\u0131rl\u0131yorum. Yani bir ba\u015fka yerden esinlenerek bu su\u00e7laman\u0131n oraya kondu\u011funu, o senaryonun kondu\u011funu s\u00f6ylemi\u015fti&#8230; <\/strong><\/p>\n<p style=\"text-align: justify;\">Vallaha onu ben bilmiyorum. Yaln\u0131z \u015funu bir vesileyle bir yerde a\u00e7\u0131klam\u0131\u015ft\u0131m. Ben TSK\u2019dan \u00e7\u0131kacak ki\u015filerin cami bombalayacak kadar al\u00e7ald\u0131\u011f\u0131n\u0131 kesinlikle ne kabul edebilirim, ne d\u00fc\u015f\u00fcnebilirim. Yine TSK\u2019dan ki\u015filerin, kurumun kendi u\u00e7a\u011f\u0131n\u0131 d\u00fc\u015f\u00fcrecek d\u00fc\u015f\u00fcncelerin i\u00e7ine girmesini kabul etmem s\u00f6z konusu olamaz. Ve bunu ger\u00e7ekten haince, b\u00f6l\u00fcc\u00fc a\u00e7\u0131klamalar olarak g\u00f6r\u00fcyorum. Tehlikeli g\u00f6r\u00fcyorum.<\/p>\n<p style=\"text-align: justify;\"><span style=\"color: #888888;\">Vatan<\/span><\/p>\n","protected":false},"excerpt":{"rendered":"<p style=\"text-align: center;\">\n<p style=\"text-align: center;\">\n<p style=\"text-align: justify;\">\u0130ddianamedeki 3 iddiay\u0131 inceledik Sald\u0131ray Berk\u2019e \u00f6yle kefil olduk!<\/p>\n<p style=\"text-align: justify;\">Orgeneral \u0130lker Ba\u015fbu\u011f, Ruhat Mengi\u2019ye verdi\u011fi r\u00f6portajda Erzincan davas\u0131n\u0131n san\u0131\u011f\u0131 3\u2019\u00fcnc\u00fc Ordu Komutan\u0131 Sald\u0131ray Berk\u2019e ni\u00e7in destek verdiklerinden \u2019kozmik odalar\u2019daki aramalara, el bombas\u0131 y\u00fckl\u00fc kamyondan \u2019Balyoz\u2019 iddialar\u0131na g\u00fcndemi sarsan olaylarla ilgili \u00e7arp\u0131c\u0131 a\u00e7\u0131klamalarda bulundu&#8230; <\/p>\n","protected":false},"author":1,"featured_media":0,"comment_status":"open","ping_status":"closed","sticky":false,"template":"","format":"standard","meta":{"footnotes":""},"categories":[105],"tags":[],"class_list":["post-20625","post","type-post","status-publish","format-standard","hentry","category-gundem","odd"],"_links":{"self":[{"href":"http:\/\/www.korhanyilmaz.com\/index.php?rest_route=\/wp\/v2\/posts\/20625","targetHints":{"allow":["GET"]}}],"collection":[{"href":"http:\/\/www.korhanyilmaz.com\/index.php?rest_route=\/wp\/v2\/posts"}],"about":[{"href":"http:\/\/www.korhanyilmaz.com\/index.php?rest_route=\/wp\/v2\/types\/post"}],"author":[{"embeddable":true,"href":"http:\/\/www.korhanyilmaz.com\/index.php?rest_route=\/wp\/v2\/users\/1"}],"replies":[{"embeddable":true,"href":"http:\/\/www.korhanyilmaz.com\/index.php?rest_route=%2Fwp%2Fv2%2Fcomments&post=20625"}],"version-history":[{"count":0,"href":"http:\/\/www.korhanyilmaz.com\/index.php?rest_route=\/wp\/v2\/posts\/20625\/revisions"}],"wp:attachment":[{"href":"http:\/\/www.korhanyilmaz.com\/index.php?rest_route=%2Fwp%2Fv2%2Fmedia&parent=20625"}],"wp:term":[{"taxonomy":"category","embeddable":true,"href":"http:\/\/www.korhanyilmaz.com\/index.php?rest_route=%2Fwp%2Fv2%2Fcategories&post=20625"},{"taxonomy":"post_tag","embeddable":true,"href":"http:\/\/www.korhanyilmaz.com\/index.php?rest_route=%2Fwp%2Fv2%2Ftags&post=20625"}],"curies":[{"name":"wp","href":"https:\/\/api.w.org\/{rel}","templated":true}]}}