{"id":20606,"date":"2010-03-20T08:05:34","date_gmt":"2010-03-20T06:05:34","guid":{"rendered":"http:\/\/www.korhanyilmaz.com\/?p=20606"},"modified":"2010-03-20T08:05:34","modified_gmt":"2010-03-20T06:05:34","slug":"iste-genelkurmaydaki-kostebek","status":"publish","type":"post","link":"http:\/\/www.korhanyilmaz.com\/?p=20606","title":{"rendered":"\u0130\u015fte Genelkurmay&#039;daki k\u00f6stebek"},"content":{"rendered":"<p style=\"text-align: justify;\"><a href=\"http:\/\/www.korhanyilmaz.com\/wp-content\/uploads\/2010\/03\/hain1.jpg\"  class=\"lightview\"><img loading=\"lazy\" decoding=\"async\" class=\"aligncenter size-full wp-image-20610\" src=\"http:\/\/www.korhanyilmaz.com\/wp-content\/uploads\/2010\/03\/hain1.jpg\" alt=\"\" width=\"320\" height=\"120\" \/><\/a><\/p>\n<p style=\"text-align: justify;\">Genelkurmay Karargah\u0131\u2019ndaki k\u00f6stebek sivil memur \u00e7\u0131kt\u0131<\/p>\n<p style=\"text-align: justify;\">Genelkurmay\u2019dan son d\u00f6nemde d\u0131\u015far\u0131ya bilgi, belge ve ses kayd\u0131 s\u0131zd\u0131r\u0131lmas\u0131 olaylar\u0131n\u0131n kayna\u011f\u0131 oldu\u011fu ileri s\u00fcr\u00fclen bir sivil memur hakk\u0131nda askeri savc\u0131l\u0131kta dava a\u00e7\u0131ld\u0131. <!--more--><\/p>\n<p style=\"text-align: justify;\">Genelkurmay Ba\u015fkanl\u0131\u011f\u0131 Adli M\u00fc\u015faviri Tu\u011fgeneral H\u0131fz\u0131 \u00c7ubuklu ve ekibinin, sivil savc\u0131ya vermeleri gereken delillerle ilgili karargahta yapt\u0131klar\u0131 g\u00f6r\u00fc\u015fmenin ses kay\u0131tlar\u0131n\u0131n internete d\u00fc\u015fmesini, Genelkurmay\u2019da \u00e7al\u0131\u015fan bir sivil memurun sa\u011flad\u0131\u011f\u0131 iddia edildi. G\u00f6r\u00fc\u015fmede, \u201claptop\u201dtan sunum yapan sivil memurun, ayn\u0131 \u201claptop\u201dla ortam dinlemesi yapt\u0131\u011f\u0131 belirtildi.<\/p>\n<p style=\"text-align: justify;\"><strong>Askeri savc\u0131l\u0131k dava a\u00e7t\u0131 <\/strong><\/p>\n<p style=\"text-align: justify;\">Genelkurmay Askeri Savc\u0131l\u0131\u011f\u0131\u2019n\u0131n sivil memurla ilgili dava a\u00e7t\u0131\u011f\u0131, sivil memurun d\u0131\u015far\u0131da ba\u011flant\u0131s\u0131n\u0131n olabilece\u011finden \u015f\u00fcphelenilen \u015fah\u0131slara y\u00f6nelik kapsaml\u0131 bir soru\u015fturman\u0131n da s\u00fcrd\u00fc\u011f\u00fc ifade edildi. Orduda \u00e7al\u0131\u015fan sivil personel, 657 say\u0131l\u0131 devlet memurlar\u0131 kanunundan yararlanam\u0131yor. Personelin \u00e7al\u0131\u015fma saatleri, mesai \u00fccretleri ve g\u00f6revden uzakla\u015ft\u0131rma h\u00fck\u00fcmleri, TSK \u0130\u00e7 Hizmet Kanunu Ve Y\u00f6netmeli\u011fi, Askeri Mahkemeler Kurulu\u015f Ve Yarg\u0131lama Usul Kanunu ve Askeri Ceza Kanunu ile d\u00fczenleniyor. \u00c7ubuklu\u2019nun internete d\u00fc\u015fen ses kayd\u0131nda, Hava Kuvvetleri Komutanl\u0131\u011f\u0131 Adli M\u00fc\u015favirli\u011fi Savc\u0131s\u0131 Albay Zeki \u00dc\u00e7ok\u2019un sivil savc\u0131 taraf\u0131ndan istenen bilgisayar kay\u0131tlar\u0131 ve belgeleriyle ilgili de\u011ferlendirmeler yer al\u0131yor. Albay Zeki \u00dc\u00e7ok, \u00e7\u00fcr\u00fck raporu vermek, yolsuzluk ve \u00e7ete kurmaktan dolay\u0131 cezaevine g\u00f6nderilmi\u015fti.<\/p>\n<p style=\"text-align: justify;\"><strong>Akademisyen mi dinledi? <\/strong><\/p>\n<p style=\"text-align: justify;\">Genelkurmay Ba\u015fkan\u0131 Org. \u0130lker Ba\u015fbu\u011f\u2019un, Bel\u00e7ika\u2019da, Avrupa M\u00fcttefik Kuvvetler Karargah\u0131\u2019nda (SHAPE) T\u00fcrk kurmay subaylarla yapt\u0131\u011f\u0131 g\u00f6r\u00fc\u015fmenin ses kayd\u0131n\u0131n internete d\u00fc\u015fmesiyle ilgili yap\u0131lan takipte ise kayd\u0131n orada bulunan bir akademisyen veya subay taraf\u0131ndan al\u0131nabilece\u011fi \u00fczerinde duruldu\u011fu \u00f6\u011frenildi.<\/p>\n<p style=\"text-align: justify;\">Org. Ba\u015fbu\u011f\u2019un SHAPE\u2019deki ABD Gazinosu\u2019nda ger\u00e7ekle\u015ftirdi\u011fi toplant\u0131ya, ABD\u2019li subaylar\u0131n da kat\u0131ld\u0131\u011f\u0131 iddia edilmi\u015fti. Ba\u015fbu\u011f, internet sitelerine d\u00fc\u015fen ses kayd\u0131nda, TSK\u2019dan bilgi s\u0131zd\u0131ranlar\u0131 \u201c\u00e7\u00fcr\u00fck elma\u201d olarak nitelendirmi\u015f, subaylar\u0131 da \u201cg\u00f6z\u00fcn\u00fcz\u00fc a\u00e7\u0131n\u201d diyerek uyarm\u0131\u015ft\u0131. Ba\u015fbu\u011f, kozmik odada yap\u0131lan aramaya ili\u015fkin olarak da konu\u015fmu\u015f, \u201cAnkara Seferberlik B\u00f6lge Ba\u015fkanl\u0131\u011f\u0131\u2019na gelecekler, arayacaklar. Aratmazsan\u0131z, arayabilirler mi? \u2019Giremezsiniz\u2019 desen ne yapacaklar, girebilirler mi oraya? Giremezsiniz desek, TSK\u2019n\u0131n \u00fczerinde ku\u015fku do\u011furacakt\u0131. Buyur ara efendim i\u015fte\u201d demi\u015fti.<\/p>\n<p style=\"text-align: justify;\">Bu arada Genelkurmay Ba\u015fkanl\u0131\u011f\u0131, personelini Karargah i\u00e7erisindeki yaz\u0131\u015fmalardan, telefon konu\u015fmalar\u0131na kadar bir\u00e7ok konuda dikkatli olmalar\u0131 konusunda uyarm\u0131\u015ft\u0131.<\/p>\n<p style=\"text-align: justify;\"><strong>Karargahtaki ortam dinlemesi internette yay\u0131nlanm\u0131\u015ft\u0131 <\/strong><\/p>\n<p style=\"text-align: justify;\">GE\u00c7T\u0130\u011e\u0130M\u0130Z y\u0131l\u0131n sonlar\u0131nda Genelkurmay Ba\u015fkanl\u0131\u011f\u0131 Adli M\u00fc\u015faviri Tu\u011fgeneral H\u0131fz\u0131 \u00c7ubuklu ile ekibinin ortam dinlemesi yoluyla elde edilen ses kayd\u0131 internette yay\u0131nlanm\u0131\u015ft\u0131. Bu ses kayd\u0131na g\u00f6re \u00c7ubuklu ve ekibi, Hava Kuvvetleri Komutanl\u0131\u011f\u0131 Adli M\u00fc\u015favirli\u011fi savc\u0131s\u0131 Albay Zeki \u00dc\u00e7ok\u2019un sivil savc\u0131 taraf\u0131ndan istenen bilgisayar kay\u0131tlar\u0131n\u0131 ve belgelerini ay\u0131klad\u0131klar\u0131na dair konu\u015fmalar yer al\u0131yordu. Albay Zeki \u00dc\u00e7ok, \u00e7\u00fcr\u00fck raporu vermek, yolsuzluk ve \u00e7ete kurmaktan dolay\u0131 cezaevine g\u00f6nderilmi\u015fti. Ortam dinlemesinde Tu\u011fgeneral H\u0131fz\u0131 \u00c7ubuklu ve Albay Ne\u015fet ile Olcay ismindeki \u015fah\u0131s ile Adli M\u00fc\u015favirlik\u2019te g\u00f6revli bir kad\u0131n\u0131n \u00dc\u00e7ok\u2019la ilgili bilgilerin gizlenmesine dair tart\u0131\u015fmalar\u0131n yer ald\u0131\u011f\u0131 iddia ediliyordu. Konu\u015fma esnas\u0131nda Tu\u011fgeneral H\u0131fz\u0131 \u00c7ubuklu \u201cSavc\u0131l\u0131k a\u00e7\u0131s\u0131ndan olu\u015fturuyor olu\u015fturmuyor meselesi de\u011fil de. \u00d6nemli olan sizden k\u0131l kopartma meselesi\u201d diyordu.<\/p>\n<p style=\"text-align: justify;\"><span style=\"color: #888888;\">Kaynak : Haber1.com<\/span><\/p>\n","protected":false},"excerpt":{"rendered":"<p style=\"text-align: justify;\">\n<p style=\"text-align: justify;\">Genelkurmay Karargah\u0131\u2019ndaki k\u00f6stebek sivil memur \u00e7\u0131kt\u0131<\/p>\n<p style=\"text-align: justify;\">Genelkurmay\u2019dan son d\u00f6nemde d\u0131\u015far\u0131ya bilgi, belge ve ses kayd\u0131 s\u0131zd\u0131r\u0131lmas\u0131 olaylar\u0131n\u0131n kayna\u011f\u0131 oldu\u011fu ileri s\u00fcr\u00fclen bir sivil memur hakk\u0131nda askeri savc\u0131l\u0131kta dava a\u00e7\u0131ld\u0131. <\/p>\n","protected":false},"author":1,"featured_media":0,"comment_status":"open","ping_status":"closed","sticky":false,"template":"","format":"standard","meta":{"footnotes":""},"categories":[105],"tags":[],"class_list":["post-20606","post","type-post","status-publish","format-standard","hentry","category-gundem","odd"],"_links":{"self":[{"href":"http:\/\/www.korhanyilmaz.com\/index.php?rest_route=\/wp\/v2\/posts\/20606","targetHints":{"allow":["GET"]}}],"collection":[{"href":"http:\/\/www.korhanyilmaz.com\/index.php?rest_route=\/wp\/v2\/posts"}],"about":[{"href":"http:\/\/www.korhanyilmaz.com\/index.php?rest_route=\/wp\/v2\/types\/post"}],"author":[{"embeddable":true,"href":"http:\/\/www.korhanyilmaz.com\/index.php?rest_route=\/wp\/v2\/users\/1"}],"replies":[{"embeddable":true,"href":"http:\/\/www.korhanyilmaz.com\/index.php?rest_route=%2Fwp%2Fv2%2Fcomments&post=20606"}],"version-history":[{"count":0,"href":"http:\/\/www.korhanyilmaz.com\/index.php?rest_route=\/wp\/v2\/posts\/20606\/revisions"}],"wp:attachment":[{"href":"http:\/\/www.korhanyilmaz.com\/index.php?rest_route=%2Fwp%2Fv2%2Fmedia&parent=20606"}],"wp:term":[{"taxonomy":"category","embeddable":true,"href":"http:\/\/www.korhanyilmaz.com\/index.php?rest_route=%2Fwp%2Fv2%2Fcategories&post=20606"},{"taxonomy":"post_tag","embeddable":true,"href":"http:\/\/www.korhanyilmaz.com\/index.php?rest_route=%2Fwp%2Fv2%2Ftags&post=20606"}],"curies":[{"name":"wp","href":"https:\/\/api.w.org\/{rel}","templated":true}]}}