{"id":20592,"date":"2010-03-19T12:35:01","date_gmt":"2010-03-19T10:35:01","guid":{"rendered":"http:\/\/www.korhanyilmaz.com\/?p=20592"},"modified":"2010-03-19T12:35:01","modified_gmt":"2010-03-19T10:35:01","slug":"usta-kalem-necati-dogru-vatan%e2%80%99dan-istifa-etti","status":"publish","type":"post","link":"http:\/\/www.korhanyilmaz.com\/?p=20592","title":{"rendered":"Usta kalem Necati Do\u011fru Vatan\u2019dan istifa etti."},"content":{"rendered":"<p><a href=\"http:\/\/www.korhanyilmaz.com\/wp-content\/uploads\/2010\/03\/NECAT\u0130DOGRU.jpg\"  class=\"lightview\"><img loading=\"lazy\" decoding=\"async\" class=\"aligncenter size-full wp-image-20594\" src=\"http:\/\/www.korhanyilmaz.com\/wp-content\/uploads\/2010\/03\/NECAT\u0130DOGRU.jpg\" alt=\"\" width=\"250\" height=\"175\" \/><\/a><\/p>\n<p><a class=\"lightview\" title=\"Necati Do\u011fru:: :: width: 300, height: 24\" rel=\"set[necatidogru]\" href=\"swf\/flvplayer.swf?file=medya\/necatidogru.mp3&amp;autostart=true\"><img loading=\"lazy\" decoding=\"async\" class=\"aligncenter\" title=\"Habere \u0130li\u015fkin Videoyu \u0130zleyin... \" src=\"wp-data\/images\/video_izle_tikla.png\" alt=\"\" width=\"30\" height=\"30\" \/><\/a><\/p>\n<p style=\"text-align: justify;\">Usta kalem Necati Do\u011fru Vatan\u2019dan istifa etti. Odatv.com\u2019un ortaya \u00e7\u0131kard\u0131\u011f\u0131 bu fla\u015f geli\u015fmenin nedenini Necati Do\u011fru \u015f\u00f6yle anlatt\u0131&#8230;<\/p>\n<p style=\"text-align: justify;\"><strong>\u0130\u015fte Necati Do\u011fru&#8217;nun a\u00e7\u0131klamalar\u0131; <\/strong><\/p>\n<p style=\"text-align: justify;\">Benim d\u00fcnk\u00fc yaz\u0131m gazetenin be\u015f g\u00fcnden beri s\u00fcrd\u00fcrmekte oldu\u011fu Adana Belediye Ba\u015fkan\u0131n\u0131n servetini a\u00e7\u0131klayamamas\u0131 ile ilgili bir tak\u0131m iddialar\u0131n sergilenmesinin devam\u0131 olan bir yaz\u0131yd\u0131. Bu yaz\u0131n\u0131n ba\u015fl\u0131\u011f\u0131n\u0131 \u201c\u0130stanbul\u2019da ka\u00e7 Ayta\u00e7 Durak bulunuyor\u201d diye koydum. Bu son derece masum bir yaz\u0131yd\u0131 ve sadece muhalefet partisinin belediye ba\u015fkanlar\u0131n\u0131n yolsuzluklar\u0131n\u0131, h\u0131rs\u0131zl\u0131klar\u0131n\u0131 yazmak de\u011fil, iktidar partisinin belediye ba\u015fkanlar\u0131n\u0131n da, e\u011fer varsa bir deposu, bir yanl\u0131\u015f\u0131 onlar\u0131 da yazmak\u2026 Gazetecilik bunu gerektirir diye d\u00fc\u015f\u00fcnd\u00fcm bu yaz\u0131m\u0131 yazd\u0131m. <!--more--><\/p>\n<p style=\"text-align: justify;\">Her zamanki gibi evime gittim. Saat dokuzda beni arad\u0131lar ve bu yaz\u0131n\u0131n girmeyece\u011fini ve yedek yaz\u0131 yazmam\u0131 istediler. Ben de \u201chay\u0131r\u201d dedim. \u015eimdi bu yaz\u0131m yay\u0131nlanmad\u0131\u011f\u0131 i\u00e7in de istifa ediyorum.<\/p>\n<p style=\"text-align: justify;\">\u015eunu d\u00fc\u015f\u00fcn\u00fcyorum. Belki de iktidar partisi taraf\u0131ndan gazetenin \u00fczerine b\u00fcy\u00fck bir bask\u0131 geliyor. Ve yaz\u0131 i\u015fleri y\u00f6netiminin ba\u015f\u0131ndaki arkada\u015f\u0131m\u0131z bunu ta\u015f\u0131yam\u0131yor olabilir. Dolay\u0131s\u0131yla bir yandan da benim yaz\u0131lar\u0131m gazeteye zarar veriyor diye d\u00fc\u015f\u00fcnd\u00fcm. \u0130ktidar partisinin ho\u015funa gidecek yaz\u0131lar zaten yazamam ama onlar\u0131 yazmay\u0131p susarak da duramam. O zaman muhalefeti de yazamamak gerekiyor.<\/p>\n<p style=\"text-align: justify;\">Benim kalemim de 30 y\u0131ldan beri temiz toplum, temiz vatanda\u015f, temiz siyaset aray\u0131\u015f\u0131nda olan bir kalemdir. Bu d\u00f6nemde buna katlanamazd\u0131m onun i\u00e7in ayr\u0131ld\u0131m.<\/p>\n<p style=\"text-align: justify;\">Bundan sonra benim yaz\u0131lar\u0131m\u0131 kald\u0131racak bir gazete arayaca\u011f\u0131m. \u0130ktidar partisine yanda\u015f gazetelerde yazamam. Zaten onlar da yazd\u0131rmazlar. Yazabilseydim zaten Vatan\u2019da yazmaya \u00e7al\u0131\u015f\u0131rd\u0131m. \u00c7\u00fcnk\u00fc Vatan iyi bir gazete, be\u011fendi\u011fim bir gazete. Orada \u00e7ok say\u0131da arkada\u015f\u0131m, dostum var.<\/p>\n<p style=\"text-align: justify;\">Vatan bile beni ta\u015f\u0131yamad\u0131\u011f\u0131na g\u00f6re hi\u00e7bir gazetede yazamam. Bunun d\u0131\u015f\u0131nda kalanlar e\u011fer benim kalemimi ta\u015f\u0131yabileceklerse, beni davet ederlerse oralarda yazaca\u011f\u0131m. Yoksa yaz\u0131n\u0131n di\u011fer alanlar\u0131nda yeniden ba\u015flayaca\u011f\u0131m. Ara\u015ft\u0131rma kitaplar\u0131, roman, \u00f6yk\u00fc yazma gibi dallarda yazaca\u011f\u0131m.<\/p>\n<p style=\"text-align: justify;\"><strong>\u0130\u015fte Necati Do\u011fru&#8217;nun olaylara neden olan \u201c<span style=\"font-size: small;\"><span style=\"color: #993300;\">\u0130stanbul&#8217;da ka\u00e7 Ayta\u00e7  Durak bulunuyor?<\/span><\/span>\u201d ba\u015fl\u0131kl\u0131 o yaz\u0131s\u0131&#8230;<\/strong><\/p>\n<p style=\"text-align: justify;\">\u201cBizim Adana&#8217;n\u0131n k\u0131smetsizli\u011fine(!) bak, bak bak otur a\u011fla. Annem  Adana&#8217;dan telefon etti; &#8220;o\u011flum Adana&#8217;dan, Adana&#8217;n\u0131n yerlisi olarak  bug\u00fcne kadar zengin olmu\u015f bir ki\u015fi bile \u00e7\u0131kmad\u0131&#8221; dedi.<br \/>\nAnnemi tan\u0131maz m\u0131y\u0131m!<br \/>\nNe demek istedi\u011fini anlad\u0131m. Ger\u00e7ekten Adana&#8217;n\u0131n ekonomi tarihi yeniden  yaz\u0131lsa yazar\u0131n varaca\u011f\u0131 sonu\u00e7 \u015fu olacakt\u0131r: Adana&#8217;dan zengin olmu\u015f bir  yerli Adana&#8217;l\u0131 bug\u00fcne kadar \u00e7\u0131kmad\u0131. Kayseri&#8217;den, Ni\u011fde&#8217;den veya Balkan  g\u00f6\u00e7\u00fc sonras\u0131nda Bosna&#8217;dan y\u0131rt\u0131k yorganla gelenler pamuk a\u011fas\u0131, \u00e7iftlik  a\u011fas\u0131, tekstil fabrikas\u0131 a\u011fas\u0131 oldular. \u00c7ukurovan\u0131n insan\u0131n ci\u011ferinin  i\u00e7ine kadar i\u015fleyen sar\u0131 s\u0131ca\u011f\u0131nda pamuk \u00fcretiminde verimi d\u00f6n\u00fcm ba\u015f\u0131na  650 kiloya kadar \u00e7\u0131kartma beceresini g\u00f6sterebilen yerli Adanal\u0131dan  (Y\u00f6r\u00fck olsun, T\u00fcrkmen olsun, Ermeni olsun ya da Arap ve K\u00fcrt olsun) bir  tek zengin \u00e7\u0131kmad\u0131.<br \/>\nAyta\u00e7 Durak \u00e7\u0131kacakt\u0131 (!)<br \/>\nG\u00f6r ba\u015f\u0131na neler geldi (!)<br \/>\nHerkes merakla bana &#8220;<strong>Ayta\u00e7 Durak iktidar partisinden belediye ba\u015fkan\u0131  olsayd\u0131, Adana olay\u0131 bu noktaya kadar gitmeden kapanmaz m\u0131yd\u0131?<\/strong>&#8221; diye  soruyor. Ben de &#8220;<strong>temiz siyaset-temiz vatanda\u015f-temiz toplum<\/strong>&#8221; idealine  vidalanm\u0131\u015f yaz\u0131lar yazan biri olarak onlara &#8220;<strong>\u0130stanbul&#8217;da \u00c7elik S\u0131r Kasa<\/strong>&#8221;  hikayesini anlat\u0131yorum.<\/p>\n<p style=\"text-align: justify;\"><strong>xxx<\/strong><\/p>\n<p style=\"text-align: justify;\">Bu hikaye ger\u00e7ektir.<br \/>\nKi\u015fi ve olaylar sahidir.<br \/>\nKasa, gazetelere man\u015fet oldu, TV&#8217;lerde &#8220;i\u00e7indeki para ne kadard\u0131?&#8221; diye  yay\u0131n konusu, Cumhurba\u015fkan\u0131&#8217;na, Ba\u015fbakan&#8217;a, \u0130stanbul Belediye  Ba\u015fkan\u0131&#8217;na, Meclis&#8217;te milletvekiline ihbar konusu oldu.<br \/>\nCerahat kokan bir kasayd\u0131.<br \/>\nUnutuldu gitti.<br \/>\nOlay\u0131 size \u015f\u00f6yle anlatay\u0131m:<br \/>\n\u0130ktidar partisi AKP&#8217;nin aday\u0131 olarak \u0130stanbul B\u00fcy\u00fck\u015fehir Belediye  Ba\u015fkan\u0131l\u0131\u011f\u0131na ikinci kez se\u00e7ilen y\u00fcksek mimar <strong>Kadir Topba\u015f<\/strong>&#8216;\u0131n, imar  dan\u0131\u015fmanl\u0131\u011f\u0131n\u0131 yapm\u0131\u015f <strong>Fethi Turgut<\/strong>, ailesini de al\u0131p tatile gitmi\u015fti.<br \/>\nEvde sadece gen\u00e7 o\u011flu vard\u0131.<br \/>\nArkada\u015flar\u0131na; &#8220;<strong>Babam her ak\u015fam eve torbalar dolusu paralarla geliyor,  paralar\u0131 \u00e7elik kasalara dolduruyor<\/strong>&#8221; diye anlat\u0131yordu. Bu anlat\u0131m  mahallede 12 ki\u015filik bir &#8220;<strong>soyguncu \u00e7etesinin \u00f6rg\u00fctlenmesini<\/strong>&#8221;  tetiklemi\u015fti.<br \/>\n12 ki\u015fi plan yapt\u0131lar.<br \/>\nBelediye Ba\u015fkan\u0131&#8217;n\u0131n imar dan\u0131\u015fman\u0131 Fethi Turgut&#8217;un gen\u00e7 ve biraz da saf  o\u011fluna, d\u00fcmenden bir k\u0131z arkada\u015f ayarlad\u0131lar. K\u0131z evde o\u011flan\u0131n biras\u0131na  uyku ilac\u0131 katt\u0131, o\u011flan uyuyunca \u00e7ete eve girdi.<\/p>\n<p style=\"text-align: justify;\"><strong>xxx<\/strong><\/p>\n<p style=\"text-align: justify;\">Ger\u00e7ekten 3 kasa vard\u0131.<br \/>\n\u0130kisi \u00e7ok b\u00fcy\u00fckt\u00fc.<br \/>\nYerinden oynam\u0131yordu.<br \/>\n\u00c7ok sa\u011flamd\u0131 a\u00e7\u0131lam\u0131yordu.<br \/>\n\u00dc\u00e7\u00fcnc\u00fc kasa ta\u015f\u0131nabilirdi.<br \/>\nH\u0131rs\u0131zlar ta\u015f\u0131nabilir kasay\u0131 ald\u0131lar, Kartalda bir eve g\u00f6t\u00fcrd\u00fcler.  U\u011fra\u015ft\u0131lar a\u00e7amad\u0131lar. Maltepeden bir \u00e7ilingir buldular. Kasay\u0131  a\u00e7t\u0131rd\u0131lar. \u0130\u00e7inden <strong>950 bin Amerikan Dolar\u0131, 280 bin Avro, 200 bin T\u00fcrk  Liras\u0131 ve 2 kilo alt\u0131n<\/strong> \u00e7\u0131kt\u0131. Bu \u00e7etenin yapt\u0131\u011f\u0131ndan haberli olan <strong>Ahmet  Tamer<\/strong> adl\u0131 birisine &#8220;<strong>soygundan pay<\/strong>&#8221; vermedikleri i\u00e7in o da k\u0131zd\u0131, olay\u0131  bir ihbar mektubu ile Ba\u015fbakan <strong>Tayip Erdo\u011fan<\/strong>&#8216;a, Cumhurba\u015fkan\u0131 <strong>Abdullah  G\u00fcl<\/strong>&#8216;e, Belediye Ba\u015fkan\u0131<strong> Kadir Topba\u015f&#8217;<\/strong>a bildirdi. Onlardan ses \u00e7\u0131kmay\u0131nca  Meclis&#8217;e CHP milletvekili <strong>\u00c7etin Soysal<\/strong>&#8216;a yazd\u0131. Konu bas\u0131na yans\u0131d\u0131. 12  h\u0131rs\u0131z yakaland\u0131, hapse kondu (Bak \u00d6ge Demirk\u0131ran&#8217;\u0131n 1 \u015fubat 2009  tar\u0131hli VATAN&#8217;da yay\u0131nlanan haberi ve ocak-\u015fubat aylar\u0131nda Cumuhuriyet,  Milliyet, H\u00fcrriyet gazeteelrinde \u00e7\u0131kan &#8220;gizli kasa&#8221;haberleri)<br \/>\nH\u0131rs\u0131zlar hapse kondu.<br \/>\nTahmin edin!<br \/>\nKasan\u0131n sahibine ne oldu?<br \/>\nKasan\u0131n sahibi iktidar partisinden \u0130stanbul B\u00fcy\u00fck\u015fehir Belediye  Ba\u015fkan\u0131&#8217;n\u0131n imar dan\u0131\u015fman\u0131 Fethi Turgut&#8217;a ne Cumhurba\u015fkan\u0131, ne Ba\u015fbakan,  ne Belediye Ba\u015fkan\u0131, ne savc\u0131 hi\u00e7 kimse &#8220;<strong>arkada\u015f sen bu kadar paray\u0131  nereden buldun, bu \u00fc\u00e7 kasa evinde ne diye duruyor?<\/strong>&#8221; diye sormad\u0131. Fethi  Turgut, &#8220;<strong>\u00e7al\u0131nan kasamdaki para sadece 200 bin dolard\u0131<\/strong>&#8221; diye a\u00e7\u0131klama  yapt\u0131 olay kapand\u0131. H\u0131rs\u0131zlar hala hapiste yat\u0131yor. <span style=\"text-decoration: underline;\">Fethi Turgut da hala  belediye \u015firketlerinin birinde bir makam sahibi olarak \u00e7al\u0131\u015f\u0131yor.<\/span><br \/>\nAyta\u00e7 Durak&#8217;\u0131 soruyorlar.<br \/>\n\u00c7elik s\u0131r kasay\u0131 anlat\u0131yorum.<br \/>\nBu sefer ben soruyorum: <strong>\u0130stanbul&#8217;da ka\u00e7 Ayta\u00e7 Durak bulunuyordur?<\/strong><\/p>\n<p style=\"text-align: justify;\"><em><span style=\"color: #888888;\"><strong>Necati Do\u011fru\u201d<\/strong><\/span><\/em><\/p>\n<p style=\"text-align: justify;\"><strong>Zafer Mutlu, iddialar\u0131 yalanlad\u0131<\/strong><\/p>\n<p style=\"text-align: justify;\">Necati Do\u011fru&#8217;nun Vatan Gazetesi&#8217;nden ayr\u0131lmas\u0131na neden olan geli\u015fmelerle ilgili Zafer Mutlu odatv.com&#8217;u arayarak bir a\u00e7\u0131klama yapt\u0131:<\/p>\n<p style=\"text-align: justify;\">&#8220;Olay\u0131 10 dakika \u00f6nce sizin site haber yap\u0131nca \u00f6\u011frendim. Necati Do\u011fru&#8217;ya bir sans\u00fcr akl\u0131m\u0131z\u0131n k\u00f6\u015fesinden bile ge\u00e7mez.<\/p>\n<p style=\"text-align: justify;\">Arkada\u015flardan \u015fimdi \u00f6\u011frendi\u011fime g\u00f6re olay \u015f\u00f6yle oluyor; Necati Do\u011fru&#8217;nun makalesinde isim yer ald\u0131\u011f\u0131 i\u00e7in, &#8216;dava konusu olmas\u0131n&#8217; diye bizim yaz\u0131i\u015fleri Necati Do\u011fru&#8217;yu &#8216;isimle ilgili bir d\u00fczeltme yapabilir miyiz&#8217; diye telefonla ar\u0131yor. Arayan arkada\u015f\u0131m\u0131z Atilla G\u00fcner. Necati Do\u011fru sinemada oldu\u011fu i\u00e7in yaz\u0131y\u0131 d\u00fczeltecek zaman\u0131 olmad\u0131\u011f\u0131n\u0131 s\u00f6yl\u00fcyor ve arkas\u0131ndan da &#8216;isterseniz \u00e7\u0131kar\u0131n&#8217; diyor. Yaz\u0131 \u00e7\u0131kar\u0131l\u0131yor.<\/p>\n<p style=\"text-align: justify;\">Bunlardan benim haberim yok.<\/p>\n<p style=\"text-align: justify;\">Necati Do\u011fru&#8217;nun sans\u00fcrlenmesi s\u00f6z konusu de\u011fildir. Elinizi vicdan\u0131n\u0131za koyunuz; Necati Do\u011fru&#8217;nun bug\u00fcne kadar yazd\u0131\u011f\u0131 en sert yaz\u0131 bu mu? Bu yaz\u0131n\u0131n sans\u00fcrlenecek neyi var? Sadece bizim yaz\u0131i\u015fleri dava a\u00e7\u0131lmamas\u0131 i\u00e7in teknik istekleri olmu\u015f o kadar. Yaz\u0131n\u0131n \u00e7\u0131kar\u0131lmas\u0131n\u0131n istenmesi s\u00f6z konusu de\u011fil. Telefonda bir yanl\u0131\u015f anlama olabilir. Bunlar\u0131 d\u00fczeltiriz.<\/p>\n<p style=\"text-align: justify;\">Biz Necati Do\u011fru&#8217;yu hi\u00e7bir yere b\u0131rakmay\u0131z. Vatan&#8217;da her zaman oldu\u011fu gibi \u00f6zg\u00fcrce yaz\u0131lar\u0131na devam edecektir, etmelidir.&#8221;<\/p>\n<p style=\"text-align: justify;\">Odatv.com olarak biz de Necati Do\u011fru \u00fcstad\u0131m\u0131z\u0131n Vatan gazetesinde \u00e7al\u0131\u015fmaya devam etmesini g\u00f6n\u00fclden isteriz.<\/p>\n<p style=\"text-align: justify;\"><span style=\"color: #888888;\">Haber Kayna\u011f\u0131 :<a href=\"http:\/\/www.odatv.com\/n.php?n=neden-istifa-ettim-1903101200\" target=\"_blank\"> Odatv.com<\/a><\/span><\/p>\n","protected":false},"excerpt":{"rendered":"<\/p>\n<p style=\"text-align: justify;\">Usta kalem Necati Do\u011fru Vatan\u2019dan istifa etti. Odatv.com\u2019un ortaya \u00e7\u0131kard\u0131\u011f\u0131 bu fla\u015f geli\u015fmenin nedenini Necati Do\u011fru \u015f\u00f6yle anlatt\u0131&#8230;<\/p>\n<p style=\"text-align: justify;\">\u0130\u015fte Necati Do\u011fru&#8217;nun a\u00e7\u0131klamalar\u0131; <\/p>\n<p style=\"text-align: justify;\">Benim d\u00fcnk\u00fc yaz\u0131m gazetenin be\u015f g\u00fcnden beri s\u00fcrd\u00fcrmekte oldu\u011fu Adana Belediye Ba\u015fkan\u0131n\u0131n servetini a\u00e7\u0131klayamamas\u0131 ile ilgili bir tak\u0131m iddialar\u0131n sergilenmesinin devam\u0131 olan bir yaz\u0131yd\u0131. <\/p>\n","protected":false},"author":1,"featured_media":0,"comment_status":"open","ping_status":"closed","sticky":false,"template":"","format":"standard","meta":{"footnotes":""},"categories":[105],"tags":[],"class_list":["post-20592","post","type-post","status-publish","format-standard","hentry","category-gundem","odd"],"_links":{"self":[{"href":"http:\/\/www.korhanyilmaz.com\/index.php?rest_route=\/wp\/v2\/posts\/20592","targetHints":{"allow":["GET"]}}],"collection":[{"href":"http:\/\/www.korhanyilmaz.com\/index.php?rest_route=\/wp\/v2\/posts"}],"about":[{"href":"http:\/\/www.korhanyilmaz.com\/index.php?rest_route=\/wp\/v2\/types\/post"}],"author":[{"embeddable":true,"href":"http:\/\/www.korhanyilmaz.com\/index.php?rest_route=\/wp\/v2\/users\/1"}],"replies":[{"embeddable":true,"href":"http:\/\/www.korhanyilmaz.com\/index.php?rest_route=%2Fwp%2Fv2%2Fcomments&post=20592"}],"version-history":[{"count":0,"href":"http:\/\/www.korhanyilmaz.com\/index.php?rest_route=\/wp\/v2\/posts\/20592\/revisions"}],"wp:attachment":[{"href":"http:\/\/www.korhanyilmaz.com\/index.php?rest_route=%2Fwp%2Fv2%2Fmedia&parent=20592"}],"wp:term":[{"taxonomy":"category","embeddable":true,"href":"http:\/\/www.korhanyilmaz.com\/index.php?rest_route=%2Fwp%2Fv2%2Fcategories&post=20592"},{"taxonomy":"post_tag","embeddable":true,"href":"http:\/\/www.korhanyilmaz.com\/index.php?rest_route=%2Fwp%2Fv2%2Ftags&post=20592"}],"curies":[{"name":"wp","href":"https:\/\/api.w.org\/{rel}","templated":true}]}}