{"id":20583,"date":"2010-03-19T17:41:54","date_gmt":"2010-03-19T15:41:54","guid":{"rendered":"http:\/\/www.korhanyilmaz.com\/?p=20583"},"modified":"2010-03-19T17:41:54","modified_gmt":"2010-03-19T15:41:54","slug":"danistay-da-anayasa-paketine-tepkili","status":"publish","type":"post","link":"http:\/\/www.korhanyilmaz.com\/?p=20583","title":{"rendered":"Dan\u0131\u015ftay da Anayasa paketine tepkili"},"content":{"rendered":"<p style=\"text-align: center;\"><a href=\"http:\/\/www.korhanyilmaz.com\/wp-content\/uploads\/2010\/03\/danistay1.jpg\"  class=\"lightview\"><img loading=\"lazy\" decoding=\"async\" class=\"aligncenter size-full wp-image-20584\" src=\"http:\/\/www.korhanyilmaz.com\/wp-content\/uploads\/2010\/03\/danistay1.jpg\" alt=\"\" width=\"307\" height=\"236\" \/><\/a><\/p>\n<p style=\"text-align: justify;\">Anayasa de\u011fi\u015fikli\u011fi paketinde Hakimler ve Savc\u0131lar Y\u00fcksek Kurulu&#8217;na ili\u015fkin d\u00fczenleme Dan\u0131\u015ftay&#8217;\u0131n da tepkisini \u00e7ekti. Dan\u0131\u015ftay Ba\u015fkan\u0131 Mustafa Birden, &#8220;Y\u00fcksek yarg\u0131n\u0131n kuruldaki etkisini kald\u0131rmaya y\u00f6nelik oldu\u011fu yolundaki d\u00fc\u015f\u00fcnceyi peki\u015ftiriyor. \u0130n\u015fallah Meclis&#8217;te d\u00fczeltilir&#8221; dedi. <!--more--><\/p>\n<p style=\"text-align: justify;\">Birden, Se\u00e7ilmi\u015fleri ve Atanm\u0131\u015flar\u0131 \u0130zleme Derne\u011fi&#8217;nin Gazi \u00dcniversitesinde d\u00fczenledi\u011fi &#8220;T\u00fcrkiye&#8217;de Y\u0131l\u0131n Adamlar\u0131 ve Kurulu\u015flar\u0131&#8221; \u00f6d\u00fcl t\u00f6reni \u00f6ncesinde gazetecilerin sorular\u0131n\u0131 yan\u0131tlad\u0131.<\/p>\n<p style=\"text-align: justify;\">Anayasa de\u011fi\u015fikli\u011fi paketindeki HSYK&#8217;n\u0131n yap\u0131s\u0131nda de\u011fi\u015fiklik \u00f6ng\u00f6r\u00fclmesini nas\u0131l de\u011ferlendirdi\u011fine ili\u015fkin soruyu yan\u0131tlayan Birden, bu konudaki d\u00fc\u015f\u00fcncelerini defalarca s\u00f6yledi\u011fini an\u0131msatt\u0131.<\/p>\n<p style=\"text-align: justify;\"><span style=\"text-decoration: underline;\">Birden, \u015f\u00f6yle konu\u015ftu:<\/span><\/p>\n<p style=\"text-align: justify;\">&#8220;\u00d6zellikle bunun haz\u0131rl\u0131k a\u015famas\u0131nda gerek alt mahkemelerde gerekse \u00fcst mahkemelerde ayr\u0131\u015f\u0131kl\u0131k varm\u0131\u015f gibi g\u00f6sterilmesi, HSYK&#8217;n\u0131n kamuoyuna \u015fikayet edilmesi, y\u00fcksek yarg\u0131n\u0131n baz\u0131 kararlar\u0131n\u0131n ele\u015ftiri s\u0131n\u0131rlar\u0131n\u0131 a\u015farak kamuoyuna yans\u0131t\u0131lmas\u0131 i\u015fte bu haz\u0131rl\u0131klar\u0131n \u00f6n haz\u0131rl\u0131\u011f\u0131yd\u0131. Yedi ki\u015filik kurul 21&#8217;e \u00e7\u0131kart\u0131l\u0131yor. Kurulda iki Dan\u0131\u015ftay \u00fcyesi vard\u0131, 1&#8217;e d\u00fc\u015f\u00fcr\u00fcl\u00fcyor. Bunu anlamak m\u00fcmk\u00fcn de\u011fil.&#8221;<\/p>\n<p style=\"text-align: justify;\">Y\u00fcksek yarg\u0131n\u0131n ba\u011f\u0131ms\u0131zl\u0131\u011f\u0131 i\u00e7in Cumhurba\u015fkan\u0131&#8217;n\u0131n \u00fcye se\u00e7iminin azalt\u0131lmas\u0131 gerekti\u011fini belirten Birden, bu de\u011fi\u015fiklikle Cumhurba\u015fkan\u0131 kontenjan\u0131n\u0131n art\u0131r\u0131ld\u0131\u011f\u0131n\u0131 s\u00f6yledi.<\/p>\n<p style=\"text-align: justify;\">Birden, &#8220;Bu tasar\u0131yla alt mahkemelerden alt\u0131 \u00fcye al\u0131yorsun, y\u00fcksek yarg\u0131dan d\u00f6rt \u00fcye al\u0131yorsun. Bunu da anlamak m\u00fcmk\u00fcn de\u011fil. Y\u00fcksek yarg\u0131n\u0131n kuruldaki etkisini kald\u0131rmaya y\u00f6nelik oldu\u011fu yolundaki d\u00fc\u015f\u00fcnceyi peki\u015ftiriyor. \u0130n\u015fallah Meclis&#8217;te d\u00fczeltilir&#8221; diye konu\u015ftu. Mustafa Birden, &#8220;De\u011fi\u015fiklik yasala\u015f\u0131rsa tavr\u0131n\u0131z ne olur?&#8221; sorusunu, &#8220;Kanunlar ne diyorsa onu yapar\u0131z&#8221; diye yan\u0131tlad\u0131.<\/p>\n<p style=\"text-align: justify;\"><strong>MHP Grup Ba\u015fkanvekili Vural: &#8220;Yarg\u0131 ba\u011f\u0131ml\u0131 hale gelir&#8221; <\/strong><\/p>\n<p style=\"text-align: justify;\">MHP Grup Ba\u015fkanvekili Oktay Vural da gazetecilerin konuya ili\u015fkin sorular\u0131 \u00fczerine, HSYK&#8217;n\u0131n yap\u0131s\u0131nda yap\u0131lmas\u0131 d\u00fc\u015f\u00fcn\u00fclen de\u011fi\u015fiklikle yarg\u0131n\u0131n ba\u011f\u0131ml\u0131 hale getirilece\u011fini savundu.<\/p>\n<p style=\"text-align: justify;\">Vural, &#8220;Do\u011frudan do\u011fruya kendileri hakk\u0131nda h\u00fck\u00fcm verecek \u00fcst yarg\u0131y\u0131 etkilemek amac\u0131yla d\u00fczenleme ortaya \u00e7\u0131km\u0131\u015ft\u0131r. Y\u00fcr\u00fctme, ahtapot gibi bir taraftan muhalefete, bir taraftan medyaya el uzat\u0131yor, herkesin \u00f6zg\u00fcrl\u00fc\u011f\u00fcne el uzat\u0131yor&#8221; dedi.<\/p>\n<p style=\"text-align: justify;\">Yarg\u0131n\u0131n etkisiz hale d\u00f6n\u00fc\u015ft\u00fcr\u00fclmek istendi\u011fini \u00f6ne s\u00fcren Vural, &#8220;Ama\u00e7 ve hedef do\u011frudan do\u011fruya yarg\u0131y\u0131 y\u00fcr\u00fctmenin etkisine sokmakt\u0131r. Ama\u00e7 yarg\u0131y\u0131 siyasalla\u015ft\u0131rmakt\u0131r&#8221; diye konu\u015ftu. Vural, bir soru \u00fczerine, Anayasa paketiyle ilgili tasla\u011f\u0131n hen\u00fcz kendilerine gelmedi\u011fini de s\u00f6yledi.<\/p>\n<p style=\"text-align: justify;\"><strong>ANAYASA PAKET\u0130NDEK\u0130 HSYK DE\u011e\u0130\u015e\u0130KL\u0130\u011e\u0130 <\/strong><\/p>\n<p style=\"text-align: justify;\">AK Parti, Anayasa de\u011fi\u015fikli\u011fi paketini, muhalefete g\u00f6t\u00fcrmeden en \u00e7ok tart\u0131\u015f\u0131lan maddelerinden birinde de\u011fi\u015fikli\u011fe gitti. Hakimler ve Savc\u0131lar Y\u00fcksek Kurulu&#8217;na Meclis&#8217;in \u00fcye se\u00e7mesi tasar\u0131dan \u00e7\u0131kar\u0131ld\u0131.<\/p>\n<p style=\"text-align: justify;\"><strong>YARGIDAN PAKETE \u0130LK TEPK\u0130LER <\/strong><\/p>\n<p style=\"text-align: justify;\">HSYK Ba\u015fkanvekili Kadir \u00d6zbek, Anayasa de\u011fi\u015fikli\u011fi \u00e7al\u0131\u015fmalar\u0131na ili\u015fkin olarak, &#8220;Birinci hedefin HSYK oldu\u011fu da g\u00f6r\u00fcld\u00fc, o da belli. San\u0131yorum bundan sonra belki bizim de baz\u0131 \u015feyleri ifade etme imkan\u0131m\u0131z olacakt\u0131r&#8221; dedi.<\/p>\n<p style=\"text-align: justify;\">Yarg\u0131tay Ba\u015fkan\u0131 Hasan Ger\u00e7eker de, &#8220;D\u00fczenleme kuvvetler ayr\u0131l\u0131\u011f\u0131 ve yarg\u0131 ba\u011f\u0131ms\u0131zl\u0131\u011f\u0131na ayk\u0131r\u0131 olmamal\u0131&#8221; diye konu\u015ftu.<\/p>\n<p style=\"text-align: justify;\"><span style=\"color: #888888;\">CNN T\u00dcRK<\/span><\/p>\n","protected":false},"excerpt":{"rendered":"<p style=\"text-align: center;\">\n<p style=\"text-align: justify;\">Anayasa de\u011fi\u015fikli\u011fi paketinde Hakimler ve Savc\u0131lar Y\u00fcksek Kurulu&#8217;na ili\u015fkin d\u00fczenleme Dan\u0131\u015ftay&#8217;\u0131n da tepkisini \u00e7ekti. Dan\u0131\u015ftay Ba\u015fkan\u0131 Mustafa Birden, &#8220;Y\u00fcksek yarg\u0131n\u0131n kuruldaki etkisini kald\u0131rmaya y\u00f6nelik oldu\u011fu yolundaki d\u00fc\u015f\u00fcnceyi peki\u015ftiriyor. \u0130n\u015fallah Meclis&#8217;te d\u00fczeltilir&#8221; dedi. <\/p>\n","protected":false},"author":1,"featured_media":0,"comment_status":"open","ping_status":"closed","sticky":false,"template":"","format":"standard","meta":{"footnotes":""},"categories":[105],"tags":[],"class_list":["post-20583","post","type-post","status-publish","format-standard","hentry","category-gundem","odd"],"_links":{"self":[{"href":"http:\/\/www.korhanyilmaz.com\/index.php?rest_route=\/wp\/v2\/posts\/20583","targetHints":{"allow":["GET"]}}],"collection":[{"href":"http:\/\/www.korhanyilmaz.com\/index.php?rest_route=\/wp\/v2\/posts"}],"about":[{"href":"http:\/\/www.korhanyilmaz.com\/index.php?rest_route=\/wp\/v2\/types\/post"}],"author":[{"embeddable":true,"href":"http:\/\/www.korhanyilmaz.com\/index.php?rest_route=\/wp\/v2\/users\/1"}],"replies":[{"embeddable":true,"href":"http:\/\/www.korhanyilmaz.com\/index.php?rest_route=%2Fwp%2Fv2%2Fcomments&post=20583"}],"version-history":[{"count":0,"href":"http:\/\/www.korhanyilmaz.com\/index.php?rest_route=\/wp\/v2\/posts\/20583\/revisions"}],"wp:attachment":[{"href":"http:\/\/www.korhanyilmaz.com\/index.php?rest_route=%2Fwp%2Fv2%2Fmedia&parent=20583"}],"wp:term":[{"taxonomy":"category","embeddable":true,"href":"http:\/\/www.korhanyilmaz.com\/index.php?rest_route=%2Fwp%2Fv2%2Fcategories&post=20583"},{"taxonomy":"post_tag","embeddable":true,"href":"http:\/\/www.korhanyilmaz.com\/index.php?rest_route=%2Fwp%2Fv2%2Ftags&post=20583"}],"curies":[{"name":"wp","href":"https:\/\/api.w.org\/{rel}","templated":true}]}}