{"id":20571,"date":"2010-03-17T15:55:10","date_gmt":"2010-03-17T13:55:10","guid":{"rendered":"http:\/\/www.korhanyilmaz.com\/?p=20571"},"modified":"2010-03-17T15:55:10","modified_gmt":"2010-03-17T13:55:10","slug":"siparis-soru-tartismasi","status":"publish","type":"post","link":"http:\/\/www.korhanyilmaz.com\/?p=20571","title":{"rendered":"&#039;Sipari\u015f soru&#039; tart\u0131\u015fmas\u0131"},"content":{"rendered":"<p style=\"text-align: center;\"><a href=\"http:\/\/www.korhanyilmaz.com\/wp-content\/uploads\/2010\/03\/soru1.jpg\"  class=\"lightview\"><img loading=\"lazy\" decoding=\"async\" class=\"aligncenter size-full wp-image-20572\" src=\"http:\/\/www.korhanyilmaz.com\/wp-content\/uploads\/2010\/03\/soru1.jpg\" alt=\"\" width=\"329\" height=\"210\" \/><\/a><\/p>\n<p style=\"text-align: justify;\">Ba\u015fbakan Erdo\u011fan&#8217;\u0131n bir yetkiliye, \u00fczerinde, &#8220;Bana do\u011falgaz zamm\u0131n\u0131 sorsunlar&#8221; yaz\u0131l\u0131 bir not uzatt\u0131\u011f\u0131n\u0131, yetkilinin de bu notu TRT muhabirine iletti\u011fi iddia edilmi\u015fti. TRT Genel M\u00fcd\u00fcr\u00fc \u0130brahim \u015eahin&#8217;den cevap geldi. <!--more--><\/p>\n<p style=\"text-align: justify;\">DSP \u0130stanbul Milletvekili S\u00fcleyman Ya\u011f\u0131z&#8217;\u0131n Ba\u015fbakan Recep Tayyip Erdo\u011fan&#8217;a sordu\u011fu, &#8216;sipari\u015f soru&#8217; konulu yaz\u0131l\u0131 soru \u00f6nergesine, Devlet Bakan\u0131 ve Ba\u015fbakan Yard\u0131mc\u0131s\u0131 B\u00fclent Ar\u0131n\u00e7 arac\u0131l\u0131\u011f\u0131yla TRT Genel M\u00fcd\u00fcr\u00fc \u0130brahim \u015eahin&#8217;den cevap geldi. \u015eahin, &#8220;Muhabirin, maksad\u0131n\u0131 a\u015farak bir yanl\u0131\u015f anlamaya sebep oldu\u011fu de\u011ferlendirilmektedir&#8221; dedi.<\/p>\n<p style=\"text-align: justify;\">DSP&#8217;li Ya\u011f\u0131z, Ba\u015fbakan Erdo\u011fan\u2019a 5 \u015eubat 2010&#8217;da, &#8216;sipari\u015f soru&#8217; konulu yaz\u0131l\u0131 soru \u00f6nergesi y\u00f6neltti. \u00d6nergeye, Devlet Bakan\u0131 ve Ba\u015fbakan Yard\u0131mc\u0131s\u0131 B\u00fclent Ar\u0131n\u00e7 arac\u0131l\u0131\u011f\u0131yla TRT Genel M\u00fcd\u00fcr\u00fc \u0130brahim \u015eahin&#8217;den 5 Mart 2010&#8217;da cevap geldi. \u015eahin&#8217;in konuya ili\u015fkin a\u00e7\u0131klamas\u0131 \u015f\u00f6yle:<\/p>\n<p style=\"text-align: justify;\">&#8220;\u00d6nergede bahsedilen bas\u0131n toplant\u0131s\u0131ndaki haberde ad\u0131 ge\u00e7en muhabirin, \u00f6zel sekt\u00f6rde(NTV) g\u00f6rev yapt\u0131\u011f\u0131 d\u00f6nemde edinmi\u015f oldu\u011fu \u00e7al\u0131\u015fma usul\u00fc ve haber kaynaklar\u0131yla g\u00fcvene dayal\u0131 ili\u015fkisi nedeniyle maksad\u0131n\u0131 a\u015farak bir yanl\u0131\u015f anlamaya sebep oldu\u011fu de\u011ferlendirilmektedir.<\/p>\n<p style=\"text-align: justify;\">TRT, 2954 say\u0131l\u0131 Kanun\u2019un Yay\u0131n Esaslar\u0131na dair h\u00fck\u00fcmleri \u00e7er\u00e7evesinde tarafs\u0131z yay\u0131n yapmakta olan bir kamu yay\u0131n kurulu\u015fu olup, yay\u0131nlar\u0131nda herhangi bir ki\u015fi, kurum veya kurulu\u015fun telkini s\u00f6z konusu de\u011fildir.&#8221;<\/p>\n<p style=\"text-align: justify;\"><strong>-&#8216;S\u0130PAR\u0130\u015e SORU&#8217; NEYD\u0130?- <\/strong><\/p>\n<p style=\"text-align: justify;\">DSP&#8217;li Ya\u011f\u0131z, Odatv\u2019nin, g\u00f6r\u00fcnt\u00fclerini de yay\u0131mlad\u0131\u011f\u0131 bir haberinde, Ba\u015fbakan Erdo\u011fan&#8217;\u0131n, Bulgaristan Ba\u015fbakan\u0131 ile birlikte yapt\u0131\u011f\u0131 bas\u0131n toplant\u0131s\u0131 s\u0131ras\u0131nda bir yetkiliye, \u00fczerinde, &#8220;Bana do\u011falgaz zamm\u0131n\u0131 sorsunlar&#8221; yaz\u0131l\u0131 bir not uzatt\u0131\u011f\u0131n\u0131, yetkilinin de bu notu TRT muhabirine iletti\u011fi iddialar\u0131n\u0131 g\u00fcndeme getirdi. Ya\u011f\u0131z olay\u0131 \u015f\u00f6yle hat\u0131rlat\u0131:<\/p>\n<p style=\"text-align: justify;\">&#8220;TRT muhabirinin, yanl\u0131\u015f anlama sonucu sizin yerinize, Bulgaristan Ba\u015fbakan\u0131\u2019na, &#8216;Say\u0131n Borisov T\u00fcrkiye&#8217;ye satt\u0131\u011f\u0131n\u0131z do\u011falgaza zam yapacak m\u0131s\u0131n\u0131z&#8217; diye sordu\u011fu belirtildi.<\/p>\n<p style=\"text-align: justify;\">T\u00fcrk\u00e7e sorunun \u00e7evrilmesinin ard\u0131ndan Bulgar Ba\u015fbakan \u015fa\u015fk\u0131na d\u00f6n\u00fcyor, \u00e7\u00fcnk\u00fc T\u00fcrkiye&#8217;ye do\u011falgaz satm\u0131yorlar. Do\u011fal olarak da verilecek bir cevab\u0131 yok. Bir sessizlikten sonra Tayyip Erdo\u011fan hemen devreye girmek zorunda kal\u0131yor. \u2018Soru yanl\u0131\u015f oldu\u2019 diyor. Ve Ba\u015fbakan Erdo\u011fan, t\u00fcm bu skandala ra\u011fmen \u2018soruyu\u2019 cevapl\u0131yor.&#8221;<\/p>\n<p style=\"text-align: justify;\">DSP \u0130stanbul Milletvekili S\u00fcleyman Ya\u011f\u0131z, bu geli\u015fmeler \u00fczerine Ba\u015fbakan Erdo\u011fan&#8217;a yaz\u0131l\u0131 yan\u0131tlamas\u0131 i\u00e7in \u015fu sorular\u0131 y\u00f6neltti:<\/p>\n<p style=\"text-align: justify;\">&#8220;Odatv\u2019nin g\u00fcndeme getirdi\u011fi bu iddia do\u011fru mudur?<\/p>\n<p style=\"text-align: justify;\">Do\u011fru ise Ba\u015fbakan olarak, TRT muhabirine soru sipari\u015f etmenizi, bas\u0131n \u00f6zg\u00fcrl\u00fc\u011f\u00fc ile ba\u011fda\u015ft\u0131rabilmek m\u00fcmk\u00fcn m\u00fcd\u00fcr?<\/p>\n<p style=\"text-align: justify;\">Bu iddian\u0131n, s\u00f6z konusu muhabiri medyada tart\u0131\u015f\u0131lan ki\u015fi h\u00e2line getirdi\u011fi, dolay\u0131s\u0131yla ki\u015fili\u011finin, meslek\u00ee onurunun zedelenmesine sebep oldu\u011fu ifade edilmektedir. Muhabiri, b\u00f6yle bir duruma d\u00fc\u015f\u00fcrmeye hakk\u0131n\u0131z var m\u0131d\u0131r?<\/p>\n<p style=\"text-align: justify;\">Bu t\u00fcr sipari\u015f sorular\u0131 ba\u015fka toplant\u0131larda da TRT veya ba\u015fka medya kurulu\u015flar\u0131n\u0131n muhabirlerine verdi\u011finiz olmu\u015f mudur?&#8221;<\/p>\n<p style=\"text-align: justify;\"><span style=\"color: #888888;\">Vatan<\/span><\/p>\n","protected":false},"excerpt":{"rendered":"<p style=\"text-align: center;\">\n<p style=\"text-align: justify;\">Ba\u015fbakan Erdo\u011fan&#8217;\u0131n bir yetkiliye, \u00fczerinde, &#8220;Bana do\u011falgaz zamm\u0131n\u0131 sorsunlar&#8221; yaz\u0131l\u0131 bir not uzatt\u0131\u011f\u0131n\u0131, yetkilinin de bu notu TRT muhabirine iletti\u011fi iddia edilmi\u015fti. TRT Genel M\u00fcd\u00fcr\u00fc \u0130brahim \u015eahin&#8217;den cevap geldi. <\/p>\n","protected":false},"author":1,"featured_media":0,"comment_status":"open","ping_status":"closed","sticky":false,"template":"","format":"standard","meta":{"footnotes":""},"categories":[105],"tags":[],"class_list":["post-20571","post","type-post","status-publish","format-standard","hentry","category-gundem","odd"],"_links":{"self":[{"href":"http:\/\/www.korhanyilmaz.com\/index.php?rest_route=\/wp\/v2\/posts\/20571","targetHints":{"allow":["GET"]}}],"collection":[{"href":"http:\/\/www.korhanyilmaz.com\/index.php?rest_route=\/wp\/v2\/posts"}],"about":[{"href":"http:\/\/www.korhanyilmaz.com\/index.php?rest_route=\/wp\/v2\/types\/post"}],"author":[{"embeddable":true,"href":"http:\/\/www.korhanyilmaz.com\/index.php?rest_route=\/wp\/v2\/users\/1"}],"replies":[{"embeddable":true,"href":"http:\/\/www.korhanyilmaz.com\/index.php?rest_route=%2Fwp%2Fv2%2Fcomments&post=20571"}],"version-history":[{"count":0,"href":"http:\/\/www.korhanyilmaz.com\/index.php?rest_route=\/wp\/v2\/posts\/20571\/revisions"}],"wp:attachment":[{"href":"http:\/\/www.korhanyilmaz.com\/index.php?rest_route=%2Fwp%2Fv2%2Fmedia&parent=20571"}],"wp:term":[{"taxonomy":"category","embeddable":true,"href":"http:\/\/www.korhanyilmaz.com\/index.php?rest_route=%2Fwp%2Fv2%2Fcategories&post=20571"},{"taxonomy":"post_tag","embeddable":true,"href":"http:\/\/www.korhanyilmaz.com\/index.php?rest_route=%2Fwp%2Fv2%2Ftags&post=20571"}],"curies":[{"name":"wp","href":"https:\/\/api.w.org\/{rel}","templated":true}]}}